{"id":287033,"date":"2025-04-14T16:20:39","date_gmt":"2025-04-14T19:20:39","guid":{"rendered":"https:\/\/homolog.harald.com.br\/site-2026\/?p=287033"},"modified":"2025-04-22T16:21:44","modified_gmt":"2025-04-22T19:21:44","slug":"um-ovo-duas-paixoes-coberturas-pistache-e-meio-amargo","status":"publish","type":"post","link":"https:\/\/homolog.harald.com.br\/site-2026\/blog\/um-ovo-duas-paixoes-coberturas-pistache-e-meio-amargo\/","title":{"rendered":"Um Ovo, duas Paix\u00f5es: Coberturas Pistache e Meio Amargo!"},"content":{"rendered":"<h2 class=\"\" data-start=\"170\" data-end=\"247\">Um ovo, duas paix\u00f5es: coberturas pistache e meio amargo encantam na P\u00e1scoa<\/h2>\n<p class=\"\" data-start=\"249\" data-end=\"577\">Se a ideia \u00e9 inovar na P\u00e1scoa e fugir do tradicional, o Ovo Creme de Pistache \u00e9 a escolha perfeita. Assim, com uma combina\u00e7\u00e3o surpreendente de sabores e texturas, ele traz o equil\u00edbrio ideal entre a cremosidade do pistache e a intensidade do chocolate meio amargo.<\/p>\n<p class=\"\" data-start=\"579\" data-end=\"893\">A receita utiliza duas coberturas da Harald, refer\u00eancia em qualidade no mercado de chocolates e coberturas para confeitaria: TOP Pistache e TOP Meio Amargo. Al\u00e9m disso, o resultado \u00e9 um ovo sofisticado e delicioso, ideal para vender, presentear ou reunir a fam\u00edlia na cozinha em um momento de afeto e criatividade.<\/p>\n<p data-start=\"579\" data-end=\"893\"><img loading=\"lazy\" decoding=\"async\" class=\"aligncenter wp-image-250853 \" src=\"https:\/\/homolog.harald.com.br\/site-2026\/wp-content\/uploads\/2025\/02\/ovo-creme-de-pistache-scaled-e1739201147256.jpg\" alt=\"Ovo Creme de Pistache\" width=\"503\" height=\"352\" srcset=\"https:\/\/homolog.harald.com.br\/site-2026\/wp-content\/uploads\/2025\/02\/ovo-creme-de-pistache-scaled-e1739201147256.jpg 2074w, https:\/\/homolog.harald.com.br\/site-2026\/wp-content\/uploads\/2025\/02\/ovo-creme-de-pistache-scaled-e1739201147256-300x210.jpg 300w, https:\/\/homolog.harald.com.br\/site-2026\/wp-content\/uploads\/2025\/02\/ovo-creme-de-pistache-scaled-e1739201147256-1024x716.jpg 1024w, https:\/\/homolog.harald.com.br\/site-2026\/wp-content\/uploads\/2025\/02\/ovo-creme-de-pistache-scaled-e1739201147256-768x537.jpg 768w, https:\/\/homolog.harald.com.br\/site-2026\/wp-content\/uploads\/2025\/02\/ovo-creme-de-pistache-scaled-e1739201147256-1536x1074.jpg 1536w, https:\/\/homolog.harald.com.br\/site-2026\/wp-content\/uploads\/2025\/02\/ovo-creme-de-pistache-scaled-e1739201147256-2048x1432.jpg 2048w, https:\/\/homolog.harald.com.br\/site-2026\/wp-content\/uploads\/2025\/02\/ovo-creme-de-pistache-scaled-e1739201147256-1920x1342.jpg 1920w\" sizes=\"auto, (max-width: 503px) 100vw, 503px\" \/><\/p>\n<h3 class=\"\" data-start=\"895\" data-end=\"939\">Sabor e Praticidade em Uma \u00danica Receita:<\/h3>\n<p class=\"\" data-start=\"941\" data-end=\"1170\">Al\u00e9m de ser f\u00e1cil de preparar, o Ovo Creme de Pistache leva poucos ingredientes e permite m\u00faltiplas varia\u00e7\u00f5es. Basta adicionar um toque de identidade pr\u00f3pria para transformar cada unidade em uma experi\u00eancia \u00fanica e memor\u00e1vel.<\/p>\n<p data-start=\"1177\" data-end=\"1211\"><a href=\"https:\/\/homolog.harald.com.br\/site-2026\/receitas\/ovo-creme-de-pistache\/\">Receita, Ovo Creme de Pistache clique aqui e acesse!<\/a><\/p>\n<h3 class=\"\" data-start=\"1934\" data-end=\"1959\">Dica extra da Harald:<\/h3>\n<p class=\"\" data-start=\"1961\" data-end=\"2156\">Use luvas descart\u00e1veis para manusear o chocolate e garantir um acabamento impec\u00e1vel, sem marcas. E para um toque especial, que tal incluir bombons recheados com o creme de pistache dentro do ovo?<\/p>\n<ul data-start=\"2158\" data-end=\"2299\">\n<li class=\"\" data-start=\"2158\" data-end=\"2191\">\n<p class=\"\" data-start=\"2160\" data-end=\"2191\"><strong data-start=\"2160\" data-end=\"2175\">Rendimento:<\/strong> 1 ovo de 350g<\/p>\n<\/li>\n<li class=\"\" data-start=\"2192\" data-end=\"2226\">\n<p class=\"\" data-start=\"2194\" data-end=\"2226\"><strong data-start=\"2194\" data-end=\"2218\">Grau de dificuldade:<\/strong> F\u00e1cil<\/p>\n<\/li>\n<li class=\"\" data-start=\"2227\" data-end=\"2299\">\n<p class=\"\" data-start=\"2229\" data-end=\"2299\"><strong data-start=\"2229\" data-end=\"2255\">Materiais necess\u00e1rios:<\/strong> Molde de ovo de P\u00e1scoa e luvas descart\u00e1veis<\/p>\n<\/li>\n<\/ul>\n<p class=\"\" data-start=\"2301\" data-end=\"2443\">Por fim, \u00e9 s\u00f3 colocar a m\u00e3o na massa e conquistar cora\u00e7\u00f5es com esse ovo criativo, cheio de sabor e com a qualidade das coberturas TOP Harald.<\/p>\n<h3 class=\"\" data-start=\"2450\" data-end=\"2476\">Conhe\u00e7a TOP, da Harald:<\/h3>\n<p class=\"\" data-start=\"2478\" data-end=\"2754\">Lan\u00e7ada em 1993, TOP foi a primeira marca de coberturas fracionadas do Brasil. Sobretudo, seus produtos oferecem facilidade de uso, \u00f3timo rendimento e acabamento brilhante, al\u00e9m de dispensarem a temperagem. Com ela, confeiteiros ganham agilidade e sofistica\u00e7\u00e3o em cada cria\u00e7\u00e3o.<\/p>\n<p class=\"\" data-start=\"2756\" data-end=\"2945\">Faz parte do portf\u00f3lio da Harald, marca l\u00edder em chocolates para transforma\u00e7\u00e3o, com presen\u00e7a consolidada nos segmentos food service, cash &amp; carry e confeitaria profissional.<\/p>\n<h3 class=\"\" data-start=\"2952\" data-end=\"2970\">Sobre a Harald:<\/h3>\n<p class=\"\" data-start=\"2972\" data-end=\"3307\">Fundada em 1982 e integrante do grupo japon\u00eas Fuji Oil desde 2015, a Harald \u00e9 sin\u00f4nimo de qualidade no universo da confeitaria. Al\u00e9m disso, seu portf\u00f3lio inclui as marcas Unique, Melken, Inovare, TOP e Confeiteiro, todas desenvolvidas para atender profissionais que buscam excel\u00eancia em sabor, rendimento e praticidade.<\/p>\n","protected":false},"excerpt":{"rendered":"<p>Um ovo, duas paix\u00f5es: coberturas pistache e meio amargo encantam na P\u00e1scoa Se a ideia \u00e9 inovar na P\u00e1scoa e fugir do tradicional, o Ovo Creme de Pistache \u00e9 a escolha perfeita. Assim, com uma combina\u00e7\u00e3o surpreendente de sabores e texturas, ele traz o equil\u00edbrio ideal entre a cremosidade do pistache e a intensidade do <a class=\"more-link\" href=\"https:\/\/homolog.harald.com.br\/site-2026\/blog\/um-ovo-duas-paixoes-coberturas-pistache-e-meio-amargo\/\">Read more&#8230;<\/a><\/p>\n","protected":false},"author":14,"featured_media":250853,"comment_status":"closed","ping_status":"closed","sticky":false,"template":"","format":"standard","meta":{"_acf_changed":false,"_uag_custom_page_level_css":"","footnotes":""},"categories":[158],"tags":[],"para-seu-negocio":[],"class_list":["post-287033","post","type-post","status-publish","format-standard","has-post-thumbnail","hentry","category-noticias"],"acf":[],"yoast_head":"<!-- This site is optimized with the Yoast SEO plugin v26.3 - https:\/\/yoast.com\/wordpress\/plugins\/seo\/ -->\n<title>Um Ovo, duas Paix\u00f5es: Coberturas Pistache e Meio Amargo! - Harald<\/title>\n<meta name=\"description\" content=\"Surpreenda nesta P\u00e1scoa com o Ovo Creme de Pistache feito com TOP Pistache e Meio Amargo Harald. Receita f\u00e1cil e saborosa!\" \/>\n<meta name=\"robots\" content=\"noindex, follow, max-snippet:-1, max-image-preview:large, max-video-preview:-1\" \/>\n<meta property=\"og:locale\" content=\"pt_BR\" \/>\n<meta property=\"og:type\" content=\"article\" \/>\n<meta property=\"og:title\" content=\"Um Ovo, duas Paix\u00f5es: Coberturas Pistache e Meio Amargo! - Harald\" \/>\n<meta property=\"og:description\" content=\"Surpreenda nesta P\u00e1scoa com o Ovo Creme de Pistache feito com TOP Pistache e Meio Amargo Harald. Receita f\u00e1cil e saborosa!\" \/>\n<meta property=\"og:url\" content=\"https:\/\/homolog.harald.com.br\/site-2026\/blog\/um-ovo-duas-paixoes-coberturas-pistache-e-meio-amargo\/\" \/>\n<meta property=\"og:site_name\" content=\"Harald\" \/>\n<meta property=\"article:publisher\" content=\"https:\/\/www.facebook.com\/HaraldChocolates\/\" \/>\n<meta property=\"article:published_time\" content=\"2025-04-14T19:20:39+00:00\" \/>\n<meta property=\"article:modified_time\" content=\"2025-04-22T19:21:44+00:00\" \/>\n<meta property=\"og:image\" content=\"https:\/\/homolog.harald.com.br\/site-2026\/wp-content\/uploads\/2025\/02\/ovo-creme-de-pistache-scaled-e1739201147256.jpg\" \/>\n\t<meta property=\"og:image:width\" content=\"2074\" \/>\n\t<meta property=\"og:image:height\" content=\"1450\" \/>\n\t<meta property=\"og:image:type\" content=\"image\/jpeg\" \/>\n<meta name=\"author\" content=\"Beatriz Oliveira\" \/>\n<meta name=\"twitter:card\" content=\"summary_large_image\" \/>\n<meta name=\"twitter:label1\" content=\"Escrito por\" \/>\n\t<meta name=\"twitter:data1\" content=\"Beatriz Oliveira\" \/>\n\t<meta name=\"twitter:label2\" content=\"Est. tempo de leitura\" \/>\n\t<meta name=\"twitter:data2\" content=\"3 minutos\" \/>\n<script type=\"application\/ld+json\" class=\"yoast-schema-graph\">{\"@context\":\"https:\/\/schema.org\",\"@graph\":[{\"@type\":\"Article\",\"@id\":\"https:\/\/homolog.harald.com.br\/site-2026\/blog\/um-ovo-duas-paixoes-coberturas-pistache-e-meio-amargo\/#article\",\"isPartOf\":{\"@id\":\"https:\/\/homolog.harald.com.br\/site-2026\/blog\/um-ovo-duas-paixoes-coberturas-pistache-e-meio-amargo\/\"},\"author\":{\"name\":\"Beatriz Oliveira\",\"@id\":\"https:\/\/homolog.harald.com.br\/site-2026\/#\/schema\/person\/c71700dd47fb39a337c7f9b89d5e3a00\"},\"headline\":\"Um Ovo, duas Paix\u00f5es: Coberturas Pistache e Meio Amargo!\",\"datePublished\":\"2025-04-14T19:20:39+00:00\",\"dateModified\":\"2025-04-22T19:21:44+00:00\",\"mainEntityOfPage\":{\"@id\":\"https:\/\/homolog.harald.com.br\/site-2026\/blog\/um-ovo-duas-paixoes-coberturas-pistache-e-meio-amargo\/\"},\"wordCount\":400,\"publisher\":{\"@id\":\"https:\/\/homolog.harald.com.br\/site-2026\/#organization\"},\"image\":{\"@id\":\"https:\/\/homolog.harald.com.br\/site-2026\/blog\/um-ovo-duas-paixoes-coberturas-pistache-e-meio-amargo\/#primaryimage\"},\"thumbnailUrl\":\"https:\/\/homolog.harald.com.br\/site-2026\/wp-content\/uploads\/2025\/02\/ovo-creme-de-pistache-scaled-e1739201147256.jpg\",\"articleSection\":[\"Not\u00edcias\"],\"inLanguage\":\"pt-BR\"},{\"@type\":\"WebPage\",\"@id\":\"https:\/\/homolog.harald.com.br\/site-2026\/blog\/um-ovo-duas-paixoes-coberturas-pistache-e-meio-amargo\/\",\"url\":\"https:\/\/homolog.harald.com.br\/site-2026\/blog\/um-ovo-duas-paixoes-coberturas-pistache-e-meio-amargo\/\",\"name\":\"Um Ovo, duas Paix\u00f5es: Coberturas Pistache e Meio Amargo! - Harald\",\"isPartOf\":{\"@id\":\"https:\/\/homolog.harald.com.br\/site-2026\/#website\"},\"primaryImageOfPage\":{\"@id\":\"https:\/\/homolog.harald.com.br\/site-2026\/blog\/um-ovo-duas-paixoes-coberturas-pistache-e-meio-amargo\/#primaryimage\"},\"image\":{\"@id\":\"https:\/\/homolog.harald.com.br\/site-2026\/blog\/um-ovo-duas-paixoes-coberturas-pistache-e-meio-amargo\/#primaryimage\"},\"thumbnailUrl\":\"https:\/\/homolog.harald.com.br\/site-2026\/wp-content\/uploads\/2025\/02\/ovo-creme-de-pistache-scaled-e1739201147256.jpg\",\"datePublished\":\"2025-04-14T19:20:39+00:00\",\"dateModified\":\"2025-04-22T19:21:44+00:00\",\"description\":\"Surpreenda nesta P\u00e1scoa com o Ovo Creme de Pistache feito com TOP Pistache e Meio Amargo Harald. Receita f\u00e1cil e saborosa!\",\"breadcrumb\":{\"@id\":\"https:\/\/homolog.harald.com.br\/site-2026\/blog\/um-ovo-duas-paixoes-coberturas-pistache-e-meio-amargo\/#breadcrumb\"},\"inLanguage\":\"pt-BR\",\"potentialAction\":[{\"@type\":\"ReadAction\",\"target\":[\"https:\/\/homolog.harald.com.br\/site-2026\/blog\/um-ovo-duas-paixoes-coberturas-pistache-e-meio-amargo\/\"]}]},{\"@type\":\"ImageObject\",\"inLanguage\":\"pt-BR\",\"@id\":\"https:\/\/homolog.harald.com.br\/site-2026\/blog\/um-ovo-duas-paixoes-coberturas-pistache-e-meio-amargo\/#primaryimage\",\"url\":\"https:\/\/homolog.harald.com.br\/site-2026\/wp-content\/uploads\/2025\/02\/ovo-creme-de-pistache-scaled-e1739201147256.jpg\",\"contentUrl\":\"https:\/\/homolog.harald.com.br\/site-2026\/wp-content\/uploads\/2025\/02\/ovo-creme-de-pistache-scaled-e1739201147256.jpg\",\"width\":2074,\"height\":1450,\"caption\":\"Ovo Creme de Pistache\"},{\"@type\":\"BreadcrumbList\",\"@id\":\"https:\/\/homolog.harald.com.br\/site-2026\/blog\/um-ovo-duas-paixoes-coberturas-pistache-e-meio-amargo\/#breadcrumb\",\"itemListElement\":[{\"@type\":\"ListItem\",\"position\":1,\"name\":\"In\u00edcio\",\"item\":\"https:\/\/homolog.harald.com.br\/site-2026\/\"},{\"@type\":\"ListItem\",\"position\":2,\"name\":\"Um Ovo, duas Paix\u00f5es: Coberturas Pistache e Meio Amargo!\"}]},{\"@type\":\"WebSite\",\"@id\":\"https:\/\/homolog.harald.com.br\/site-2026\/#website\",\"url\":\"https:\/\/homolog.harald.com.br\/site-2026\/\",\"name\":\"Harald\",\"description\":\"Fazer melhor \u00e9 fazer com paix\u00e3o\",\"publisher\":{\"@id\":\"https:\/\/homolog.harald.com.br\/site-2026\/#organization\"},\"potentialAction\":[{\"@type\":\"SearchAction\",\"target\":{\"@type\":\"EntryPoint\",\"urlTemplate\":\"https:\/\/homolog.harald.com.br\/site-2026\/?s={search_term_string}\"},\"query-input\":{\"@type\":\"PropertyValueSpecification\",\"valueRequired\":true,\"valueName\":\"search_term_string\"}}],\"inLanguage\":\"pt-BR\"},{\"@type\":\"Organization\",\"@id\":\"https:\/\/homolog.harald.com.br\/site-2026\/#organization\",\"name\":\"Harald\",\"url\":\"https:\/\/homolog.harald.com.br\/site-2026\/\",\"logo\":{\"@type\":\"ImageObject\",\"inLanguage\":\"pt-BR\",\"@id\":\"https:\/\/homolog.harald.com.br\/site-2026\/#\/schema\/logo\/image\/\",\"url\":\"https:\/\/homolog.harald.com.br\/site-2026\/wp-content\/uploads\/2022\/09\/logo-harald-cmyk-ss.png\",\"contentUrl\":\"https:\/\/homolog.harald.com.br\/site-2026\/wp-content\/uploads\/2022\/09\/logo-harald-cmyk-ss.png\",\"width\":1948,\"height\":1051,\"caption\":\"Harald\"},\"image\":{\"@id\":\"https:\/\/homolog.harald.com.br\/site-2026\/#\/schema\/logo\/image\/\"},\"sameAs\":[\"https:\/\/www.facebook.com\/HaraldChocolates\/\",\"https:\/\/www.youtube.com\/user\/HaraldChocolates\"]},{\"@type\":\"Person\",\"@id\":\"https:\/\/homolog.harald.com.br\/site-2026\/#\/schema\/person\/c71700dd47fb39a337c7f9b89d5e3a00\",\"name\":\"Beatriz Oliveira\",\"image\":{\"@type\":\"ImageObject\",\"inLanguage\":\"pt-BR\",\"@id\":\"https:\/\/homolog.harald.com.br\/site-2026\/#\/schema\/person\/image\/\",\"url\":\"https:\/\/secure.gravatar.com\/avatar\/fdc870643b67a6486b6bef59d475b1e7dea17130b70a2178f5716399590234e6?s=96&d=mm&r=g\",\"contentUrl\":\"https:\/\/secure.gravatar.com\/avatar\/fdc870643b67a6486b6bef59d475b1e7dea17130b70a2178f5716399590234e6?s=96&d=mm&r=g\",\"caption\":\"Beatriz Oliveira\"},\"url\":\"https:\/\/homolog.harald.com.br\/site-2026\/blog\/author\/beatriz-oliveira\/\"}]}<\/script>\n<!-- \/ Yoast SEO plugin. -->","yoast_head_json":{"title":"Um Ovo, duas Paix\u00f5es: Coberturas Pistache e Meio Amargo! - Harald","description":"Surpreenda nesta P\u00e1scoa com o Ovo Creme de Pistache feito com TOP Pistache e Meio Amargo Harald. Receita f\u00e1cil e saborosa!","robots":{"index":"noindex","follow":"follow","max-snippet":"max-snippet:-1","max-image-preview":"max-image-preview:large","max-video-preview":"max-video-preview:-1"},"og_locale":"pt_BR","og_type":"article","og_title":"Um Ovo, duas Paix\u00f5es: Coberturas Pistache e Meio Amargo! - Harald","og_description":"Surpreenda nesta P\u00e1scoa com o Ovo Creme de Pistache feito com TOP Pistache e Meio Amargo Harald. Receita f\u00e1cil e saborosa!","og_url":"https:\/\/homolog.harald.com.br\/site-2026\/blog\/um-ovo-duas-paixoes-coberturas-pistache-e-meio-amargo\/","og_site_name":"Harald","article_publisher":"https:\/\/www.facebook.com\/HaraldChocolates\/","article_published_time":"2025-04-14T19:20:39+00:00","article_modified_time":"2025-04-22T19:21:44+00:00","og_image":[{"width":2074,"height":1450,"url":"https:\/\/homolog.harald.com.br\/site-2026\/wp-content\/uploads\/2025\/02\/ovo-creme-de-pistache-scaled-e1739201147256.jpg","type":"image\/jpeg"}],"author":"Beatriz Oliveira","twitter_card":"summary_large_image","twitter_misc":{"Escrito por":"Beatriz Oliveira","Est. tempo de leitura":"3 minutos"},"schema":{"@context":"https:\/\/schema.org","@graph":[{"@type":"Article","@id":"https:\/\/homolog.harald.com.br\/site-2026\/blog\/um-ovo-duas-paixoes-coberturas-pistache-e-meio-amargo\/#article","isPartOf":{"@id":"https:\/\/homolog.harald.com.br\/site-2026\/blog\/um-ovo-duas-paixoes-coberturas-pistache-e-meio-amargo\/"},"author":{"name":"Beatriz Oliveira","@id":"https:\/\/homolog.harald.com.br\/site-2026\/#\/schema\/person\/c71700dd47fb39a337c7f9b89d5e3a00"},"headline":"Um Ovo, duas Paix\u00f5es: Coberturas Pistache e Meio Amargo!","datePublished":"2025-04-14T19:20:39+00:00","dateModified":"2025-04-22T19:21:44+00:00","mainEntityOfPage":{"@id":"https:\/\/homolog.harald.com.br\/site-2026\/blog\/um-ovo-duas-paixoes-coberturas-pistache-e-meio-amargo\/"},"wordCount":400,"publisher":{"@id":"https:\/\/homolog.harald.com.br\/site-2026\/#organization"},"image":{"@id":"https:\/\/homolog.harald.com.br\/site-2026\/blog\/um-ovo-duas-paixoes-coberturas-pistache-e-meio-amargo\/#primaryimage"},"thumbnailUrl":"https:\/\/homolog.harald.com.br\/site-2026\/wp-content\/uploads\/2025\/02\/ovo-creme-de-pistache-scaled-e1739201147256.jpg","articleSection":["Not\u00edcias"],"inLanguage":"pt-BR"},{"@type":"WebPage","@id":"https:\/\/homolog.harald.com.br\/site-2026\/blog\/um-ovo-duas-paixoes-coberturas-pistache-e-meio-amargo\/","url":"https:\/\/homolog.harald.com.br\/site-2026\/blog\/um-ovo-duas-paixoes-coberturas-pistache-e-meio-amargo\/","name":"Um Ovo, duas Paix\u00f5es: Coberturas Pistache e Meio Amargo! - Harald","isPartOf":{"@id":"https:\/\/homolog.harald.com.br\/site-2026\/#website"},"primaryImageOfPage":{"@id":"https:\/\/homolog.harald.com.br\/site-2026\/blog\/um-ovo-duas-paixoes-coberturas-pistache-e-meio-amargo\/#primaryimage"},"image":{"@id":"https:\/\/homolog.harald.com.br\/site-2026\/blog\/um-ovo-duas-paixoes-coberturas-pistache-e-meio-amargo\/#primaryimage"},"thumbnailUrl":"https:\/\/homolog.harald.com.br\/site-2026\/wp-content\/uploads\/2025\/02\/ovo-creme-de-pistache-scaled-e1739201147256.jpg","datePublished":"2025-04-14T19:20:39+00:00","dateModified":"2025-04-22T19:21:44+00:00","description":"Surpreenda nesta P\u00e1scoa com o Ovo Creme de Pistache feito com TOP Pistache e Meio Amargo Harald. Receita f\u00e1cil e saborosa!","breadcrumb":{"@id":"https:\/\/homolog.harald.com.br\/site-2026\/blog\/um-ovo-duas-paixoes-coberturas-pistache-e-meio-amargo\/#breadcrumb"},"inLanguage":"pt-BR","potentialAction":[{"@type":"ReadAction","target":["https:\/\/homolog.harald.com.br\/site-2026\/blog\/um-ovo-duas-paixoes-coberturas-pistache-e-meio-amargo\/"]}]},{"@type":"ImageObject","inLanguage":"pt-BR","@id":"https:\/\/homolog.harald.com.br\/site-2026\/blog\/um-ovo-duas-paixoes-coberturas-pistache-e-meio-amargo\/#primaryimage","url":"https:\/\/homolog.harald.com.br\/site-2026\/wp-content\/uploads\/2025\/02\/ovo-creme-de-pistache-scaled-e1739201147256.jpg","contentUrl":"https:\/\/homolog.harald.com.br\/site-2026\/wp-content\/uploads\/2025\/02\/ovo-creme-de-pistache-scaled-e1739201147256.jpg","width":2074,"height":1450,"caption":"Ovo Creme de Pistache"},{"@type":"BreadcrumbList","@id":"https:\/\/homolog.harald.com.br\/site-2026\/blog\/um-ovo-duas-paixoes-coberturas-pistache-e-meio-amargo\/#breadcrumb","itemListElement":[{"@type":"ListItem","position":1,"name":"In\u00edcio","item":"https:\/\/homolog.harald.com.br\/site-2026\/"},{"@type":"ListItem","position":2,"name":"Um Ovo, duas Paix\u00f5es: Coberturas Pistache e Meio Amargo!"}]},{"@type":"WebSite","@id":"https:\/\/homolog.harald.com.br\/site-2026\/#website","url":"https:\/\/homolog.harald.com.br\/site-2026\/","name":"Harald","description":"Fazer melhor \u00e9 fazer com paix\u00e3o","publisher":{"@id":"https:\/\/homolog.harald.com.br\/site-2026\/#organization"},"potentialAction":[{"@type":"SearchAction","target":{"@type":"EntryPoint","urlTemplate":"https:\/\/homolog.harald.com.br\/site-2026\/?s={search_term_string}"},"query-input":{"@type":"PropertyValueSpecification","valueRequired":true,"valueName":"search_term_string"}}],"inLanguage":"pt-BR"},{"@type":"Organization","@id":"https:\/\/homolog.harald.com.br\/site-2026\/#organization","name":"Harald","url":"https:\/\/homolog.harald.com.br\/site-2026\/","logo":{"@type":"ImageObject","inLanguage":"pt-BR","@id":"https:\/\/homolog.harald.com.br\/site-2026\/#\/schema\/logo\/image\/","url":"https:\/\/homolog.harald.com.br\/site-2026\/wp-content\/uploads\/2022\/09\/logo-harald-cmyk-ss.png","contentUrl":"https:\/\/homolog.harald.com.br\/site-2026\/wp-content\/uploads\/2022\/09\/logo-harald-cmyk-ss.png","width":1948,"height":1051,"caption":"Harald"},"image":{"@id":"https:\/\/homolog.harald.com.br\/site-2026\/#\/schema\/logo\/image\/"},"sameAs":["https:\/\/www.facebook.com\/HaraldChocolates\/","https:\/\/www.youtube.com\/user\/HaraldChocolates"]},{"@type":"Person","@id":"https:\/\/homolog.harald.com.br\/site-2026\/#\/schema\/person\/c71700dd47fb39a337c7f9b89d5e3a00","name":"Beatriz Oliveira","image":{"@type":"ImageObject","inLanguage":"pt-BR","@id":"https:\/\/homolog.harald.com.br\/site-2026\/#\/schema\/person\/image\/","url":"https:\/\/secure.gravatar.com\/avatar\/fdc870643b67a6486b6bef59d475b1e7dea17130b70a2178f5716399590234e6?s=96&d=mm&r=g","contentUrl":"https:\/\/secure.gravatar.com\/avatar\/fdc870643b67a6486b6bef59d475b1e7dea17130b70a2178f5716399590234e6?s=96&d=mm&r=g","caption":"Beatriz Oliveira"},"url":"https:\/\/homolog.harald.com.br\/site-2026\/blog\/author\/beatriz-oliveira\/"}]}},"uagb_featured_image_src":{"full":["https:\/\/homolog.harald.com.br\/site-2026\/wp-content\/uploads\/2025\/02\/ovo-creme-de-pistache-scaled-e1739201147256.jpg",2074,1450,false],"thumbnail":["https:\/\/homolog.harald.com.br\/site-2026\/wp-content\/uploads\/2025\/02\/ovo-creme-de-pistache-scaled-e1739201147256-150x150.jpg",150,150,true],"medium":["https:\/\/homolog.harald.com.br\/site-2026\/wp-content\/uploads\/2025\/02\/ovo-creme-de-pistache-scaled-e1739201147256-300x210.jpg",300,210,true],"medium_large":["https:\/\/homolog.harald.com.br\/site-2026\/wp-content\/uploads\/2025\/02\/ovo-creme-de-pistache-scaled-e1739201147256-768x537.jpg",768,537,true],"large":["https:\/\/homolog.harald.com.br\/site-2026\/wp-content\/uploads\/2025\/02\/ovo-creme-de-pistache-scaled-e1739201147256-1024x716.jpg",1024,716,true],"1536x1536":["https:\/\/homolog.harald.com.br\/site-2026\/wp-content\/uploads\/2025\/02\/ovo-creme-de-pistache-scaled-e1739201147256-1536x1074.jpg",1536,1074,true],"2048x2048":["https:\/\/homolog.harald.com.br\/site-2026\/wp-content\/uploads\/2025\/02\/ovo-creme-de-pistache-scaled-e1739201147256-2048x1432.jpg",2048,1432,true],"full-width":["https:\/\/homolog.harald.com.br\/site-2026\/wp-content\/uploads\/2025\/02\/ovo-creme-de-pistache-scaled-e1739201147256.jpg",1545,1080,false],"gform-image-choice-sm":["https:\/\/homolog.harald.com.br\/site-2026\/wp-content\/uploads\/2025\/02\/ovo-creme-de-pistache-scaled-e1739201147256.jpg",300,210,false],"gform-image-choice-md":["https:\/\/homolog.harald.com.br\/site-2026\/wp-content\/uploads\/2025\/02\/ovo-creme-de-pistache-scaled-e1739201147256.jpg",400,280,false],"gform-image-choice-lg":["https:\/\/homolog.harald.com.br\/site-2026\/wp-content\/uploads\/2025\/02\/ovo-creme-de-pistache-scaled-e1739201147256.jpg",600,419,false]},"uagb_author_info":{"display_name":"Beatriz Oliveira","author_link":"https:\/\/homolog.harald.com.br\/site-2026\/blog\/author\/beatriz-oliveira\/"},"uagb_comment_info":0,"uagb_excerpt":"Um ovo, duas paix\u00f5es: coberturas pistache e meio amargo encantam na P\u00e1scoa Se a ideia \u00e9 inovar na P\u00e1scoa e fugir do tradicional, o Ovo Creme de Pistache \u00e9 a escolha perfeita. Assim, com uma combina\u00e7\u00e3o surpreendente de sabores e texturas, ele traz o equil\u00edbrio ideal entre a cremosidade do pistache e a intensidade do&hellip;","_links":{"self":[{"href":"https:\/\/homolog.harald.com.br\/site-2026\/wp-json\/wp\/v2\/posts\/287033","targetHints":{"allow":["GET"]}}],"collection":[{"href":"https:\/\/homolog.harald.com.br\/site-2026\/wp-json\/wp\/v2\/posts"}],"about":[{"href":"https:\/\/homolog.harald.com.br\/site-2026\/wp-json\/wp\/v2\/types\/post"}],"author":[{"embeddable":true,"href":"https:\/\/homolog.harald.com.br\/site-2026\/wp-json\/wp\/v2\/users\/14"}],"replies":[{"embeddable":true,"href":"https:\/\/homolog.harald.com.br\/site-2026\/wp-json\/wp\/v2\/comments?post=287033"}],"version-history":[{"count":2,"href":"https:\/\/homolog.harald.com.br\/site-2026\/wp-json\/wp\/v2\/posts\/287033\/revisions"}],"predecessor-version":[{"id":287039,"href":"https:\/\/homolog.harald.com.br\/site-2026\/wp-json\/wp\/v2\/posts\/287033\/revisions\/287039"}],"wp:featuredmedia":[{"embeddable":true,"href":"https:\/\/homolog.harald.com.br\/site-2026\/wp-json\/wp\/v2\/media\/250853"}],"wp:attachment":[{"href":"https:\/\/homolog.harald.com.br\/site-2026\/wp-json\/wp\/v2\/media?parent=287033"}],"wp:term":[{"taxonomy":"category","embeddable":true,"href":"https:\/\/homolog.harald.com.br\/site-2026\/wp-json\/wp\/v2\/categories?post=287033"},{"taxonomy":"post_tag","embeddable":true,"href":"https:\/\/homolog.harald.com.br\/site-2026\/wp-json\/wp\/v2\/tags?post=287033"},{"taxonomy":"para-seu-negocio","embeddable":true,"href":"https:\/\/homolog.harald.com.br\/site-2026\/wp-json\/wp\/v2\/para-seu-negocio?post=287033"}],"curies":[{"name":"wp","href":"https:\/\/api.w.org\/{rel}","templated":true}]}}