{"id":282717,"date":"2025-04-11T10:46:17","date_gmt":"2025-04-11T13:46:17","guid":{"rendered":"https:\/\/homolog.harald.com.br\/site-2026\/?p=282717"},"modified":"2025-04-15T10:53:54","modified_gmt":"2025-04-15T13:53:54","slug":"oficina-doce-idade-celebra-a-pascoa-com-apoio-da-harald","status":"publish","type":"post","link":"https:\/\/homolog.harald.com.br\/site-2026\/blog\/oficina-doce-idade-celebra-a-pascoa-com-apoio-da-harald\/","title":{"rendered":"Oficina \u201cDoce Idade\u201d celebra a P\u00e1scoa com apoio da Harald"},"content":{"rendered":"<h2 data-start=\"149\" data-end=\"260\"><strong data-start=\"149\" data-end=\"233\">Oficina \u201cDoce Idade\u201d celebra a P\u00e1scoa com apoio da Harald no Centro Dia do Idoso<\/strong><\/h2>\n<p class=\"\" data-start=\"262\" data-end=\"487\">Nesta semana, o Fundo Social de Solidariedade de <a href=\"https:\/\/cajamar.sp.gov.br\/noticias\/2025\/04\/11\/oficina-doce-idade-celebra-a-pascoa-no-centro-dia-do-idoso\/\">Cajamar<\/a> promoveu a oficina \u201cDoce Idade\u201d no Centro Dia do Idoso, em comemora\u00e7\u00e3o \u00e0 P\u00e1scoa que proporcionou aos participantes momentos de alegria, sabor e afeto.<\/p>\n<h2 data-start=\"149\" data-end=\"260\"><strong data-start=\"149\" data-end=\"233\"><img loading=\"lazy\" decoding=\"async\" class=\"aligncenter wp-image-282719\" src=\"https:\/\/homolog.harald.com.br\/site-2026\/wp-content\/uploads\/2025\/04\/gxt0rl6r.png\" alt=\"\u201cDoce Idade\u201d\" width=\"520\" height=\"390\" srcset=\"https:\/\/homolog.harald.com.br\/site-2026\/wp-content\/uploads\/2025\/04\/gxt0rl6r.png 1280w, https:\/\/homolog.harald.com.br\/site-2026\/wp-content\/uploads\/2025\/04\/gxt0rl6r-300x225.png 300w, https:\/\/homolog.harald.com.br\/site-2026\/wp-content\/uploads\/2025\/04\/gxt0rl6r-1024x768.png 1024w, https:\/\/homolog.harald.com.br\/site-2026\/wp-content\/uploads\/2025\/04\/gxt0rl6r-768x576.png 768w\" sizes=\"auto, (max-width: 520px) 100vw, 520px\" \/><\/strong><\/h2>\n<p class=\"\" data-start=\"489\" data-end=\"771\">A iniciativa contou com a parceria da <a href=\"https:\/\/homolog.harald.com.br\/site-2026\/\"><strong data-start=\"527\" data-end=\"537\">Harald<\/strong><\/a>, refer\u00eancia nacional em coberturas e chocolates, e da empresa Iceberg.<\/p>\n<p class=\"\" data-start=\"773\" data-end=\"1085\">Com o fornecimento de ingredientes e materiais de qualidade \u2014 incluindo os chocolates e coberturas da Harald \u2014, a experi\u00eancia se tornou ainda mais especial. Al\u00e9m de estimular a criatividade e a intera\u00e7\u00e3o entre os participantes, a oficina refor\u00e7ou a import\u00e2ncia de a\u00e7\u00f5es que valorizam e integram a terceira idade.<\/p>\n<p class=\"\" data-start=\"1087\" data-end=\"1294\">\u201c\u00c9 uma alegria enorme contribuir com momentos como esse. A P\u00e1scoa \u00e9 sobre afeto e partilha, e ficamos felizes em fazer parte dessa celebra\u00e7\u00e3o levando sabor e carinho aos idosos\u201d, destacou a equipe da Harald.<\/p>\n<p class=\"\" data-start=\"1296\" data-end=\"1506\">A a\u00e7\u00e3o foi marcada por muitos sorrisos, mem\u00f3rias afetivas e a sensa\u00e7\u00e3o de pertencimento. Para quem participou, a oficina \u201cDoce Idade\u201d foi mais do que uma simples atividade: foi um verdadeiro presente de P\u00e1scoa.<\/p>\n","protected":false},"excerpt":{"rendered":"<p>Oficina \u201cDoce Idade\u201d celebra a P\u00e1scoa com apoio da Harald no Centro Dia do Idoso Nesta semana, o Fundo Social de Solidariedade de Cajamar promoveu a oficina \u201cDoce Idade\u201d no Centro Dia do Idoso, em comemora\u00e7\u00e3o \u00e0 P\u00e1scoa que proporcionou aos participantes momentos de alegria, sabor e afeto. A iniciativa contou com a parceria da <a class=\"more-link\" href=\"https:\/\/homolog.harald.com.br\/site-2026\/blog\/oficina-doce-idade-celebra-a-pascoa-com-apoio-da-harald\/\">Read more&#8230;<\/a><\/p>\n","protected":false},"author":14,"featured_media":282719,"comment_status":"closed","ping_status":"closed","sticky":false,"template":"","format":"standard","meta":{"_acf_changed":false,"_uag_custom_page_level_css":"","footnotes":""},"categories":[158],"tags":[],"para-seu-negocio":[],"class_list":["post-282717","post","type-post","status-publish","format-standard","has-post-thumbnail","hentry","category-noticias"],"acf":[],"yoast_head":"<!-- This site is optimized with the Yoast SEO plugin v26.3 - https:\/\/yoast.com\/wordpress\/plugins\/seo\/ -->\n<title>Oficina \u201cDoce Idade\u201d celebra a P\u00e1scoa com apoio da Harald - Harald<\/title>\n<meta name=\"description\" content=\"Oficina \u201cDoce Idade\u201d celebra a P\u00e1scoa com apoio da Harald no Centro Dia do Idoso em Cajamar, promovendo momentos de especiais!\" \/>\n<meta name=\"robots\" content=\"noindex, follow, max-snippet:-1, max-image-preview:large, max-video-preview:-1\" \/>\n<meta property=\"og:locale\" content=\"pt_BR\" \/>\n<meta property=\"og:type\" content=\"article\" \/>\n<meta property=\"og:title\" content=\"Oficina \u201cDoce Idade\u201d celebra a P\u00e1scoa com apoio da Harald - Harald\" \/>\n<meta property=\"og:description\" content=\"Oficina \u201cDoce Idade\u201d celebra a P\u00e1scoa com apoio da Harald no Centro Dia do Idoso em Cajamar, promovendo momentos de especiais!\" \/>\n<meta property=\"og:url\" content=\"https:\/\/homolog.harald.com.br\/site-2026\/blog\/oficina-doce-idade-celebra-a-pascoa-com-apoio-da-harald\/\" \/>\n<meta property=\"og:site_name\" content=\"Harald\" \/>\n<meta property=\"article:publisher\" content=\"https:\/\/www.facebook.com\/HaraldChocolates\/\" \/>\n<meta property=\"article:published_time\" content=\"2025-04-11T13:46:17+00:00\" \/>\n<meta property=\"article:modified_time\" content=\"2025-04-15T13:53:54+00:00\" \/>\n<meta property=\"og:image\" content=\"https:\/\/homolog.harald.com.br\/site-2026\/wp-content\/uploads\/2025\/04\/gxt0rl6r.png\" \/>\n\t<meta property=\"og:image:width\" content=\"1280\" \/>\n\t<meta property=\"og:image:height\" content=\"960\" \/>\n\t<meta property=\"og:image:type\" content=\"image\/png\" \/>\n<meta name=\"author\" content=\"Beatriz Oliveira\" \/>\n<meta name=\"twitter:card\" content=\"summary_large_image\" \/>\n<meta name=\"twitter:label1\" content=\"Escrito por\" \/>\n\t<meta name=\"twitter:data1\" content=\"Beatriz Oliveira\" \/>\n\t<meta name=\"twitter:label2\" content=\"Est. tempo de leitura\" \/>\n\t<meta name=\"twitter:data2\" content=\"2 minutos\" \/>\n<script type=\"application\/ld+json\" class=\"yoast-schema-graph\">{\"@context\":\"https:\/\/schema.org\",\"@graph\":[{\"@type\":\"Article\",\"@id\":\"https:\/\/homolog.harald.com.br\/site-2026\/blog\/oficina-doce-idade-celebra-a-pascoa-com-apoio-da-harald\/#article\",\"isPartOf\":{\"@id\":\"https:\/\/homolog.harald.com.br\/site-2026\/blog\/oficina-doce-idade-celebra-a-pascoa-com-apoio-da-harald\/\"},\"author\":{\"name\":\"Beatriz Oliveira\",\"@id\":\"https:\/\/homolog.harald.com.br\/site-2026\/#\/schema\/person\/c71700dd47fb39a337c7f9b89d5e3a00\"},\"headline\":\"Oficina \u201cDoce Idade\u201d celebra a P\u00e1scoa com apoio da Harald\",\"datePublished\":\"2025-04-11T13:46:17+00:00\",\"dateModified\":\"2025-04-15T13:53:54+00:00\",\"mainEntityOfPage\":{\"@id\":\"https:\/\/homolog.harald.com.br\/site-2026\/blog\/oficina-doce-idade-celebra-a-pascoa-com-apoio-da-harald\/\"},\"wordCount\":207,\"publisher\":{\"@id\":\"https:\/\/homolog.harald.com.br\/site-2026\/#organization\"},\"image\":{\"@id\":\"https:\/\/homolog.harald.com.br\/site-2026\/blog\/oficina-doce-idade-celebra-a-pascoa-com-apoio-da-harald\/#primaryimage\"},\"thumbnailUrl\":\"https:\/\/homolog.harald.com.br\/site-2026\/wp-content\/uploads\/2025\/04\/gxt0rl6r.png\",\"articleSection\":[\"Not\u00edcias\"],\"inLanguage\":\"pt-BR\"},{\"@type\":\"WebPage\",\"@id\":\"https:\/\/homolog.harald.com.br\/site-2026\/blog\/oficina-doce-idade-celebra-a-pascoa-com-apoio-da-harald\/\",\"url\":\"https:\/\/homolog.harald.com.br\/site-2026\/blog\/oficina-doce-idade-celebra-a-pascoa-com-apoio-da-harald\/\",\"name\":\"Oficina \u201cDoce Idade\u201d celebra a P\u00e1scoa com apoio da Harald - Harald\",\"isPartOf\":{\"@id\":\"https:\/\/homolog.harald.com.br\/site-2026\/#website\"},\"primaryImageOfPage\":{\"@id\":\"https:\/\/homolog.harald.com.br\/site-2026\/blog\/oficina-doce-idade-celebra-a-pascoa-com-apoio-da-harald\/#primaryimage\"},\"image\":{\"@id\":\"https:\/\/homolog.harald.com.br\/site-2026\/blog\/oficina-doce-idade-celebra-a-pascoa-com-apoio-da-harald\/#primaryimage\"},\"thumbnailUrl\":\"https:\/\/homolog.harald.com.br\/site-2026\/wp-content\/uploads\/2025\/04\/gxt0rl6r.png\",\"datePublished\":\"2025-04-11T13:46:17+00:00\",\"dateModified\":\"2025-04-15T13:53:54+00:00\",\"description\":\"Oficina \u201cDoce Idade\u201d celebra a P\u00e1scoa com apoio da Harald no Centro Dia do Idoso em Cajamar, promovendo momentos de especiais!\",\"breadcrumb\":{\"@id\":\"https:\/\/homolog.harald.com.br\/site-2026\/blog\/oficina-doce-idade-celebra-a-pascoa-com-apoio-da-harald\/#breadcrumb\"},\"inLanguage\":\"pt-BR\",\"potentialAction\":[{\"@type\":\"ReadAction\",\"target\":[\"https:\/\/homolog.harald.com.br\/site-2026\/blog\/oficina-doce-idade-celebra-a-pascoa-com-apoio-da-harald\/\"]}]},{\"@type\":\"ImageObject\",\"inLanguage\":\"pt-BR\",\"@id\":\"https:\/\/homolog.harald.com.br\/site-2026\/blog\/oficina-doce-idade-celebra-a-pascoa-com-apoio-da-harald\/#primaryimage\",\"url\":\"https:\/\/homolog.harald.com.br\/site-2026\/wp-content\/uploads\/2025\/04\/gxt0rl6r.png\",\"contentUrl\":\"https:\/\/homolog.harald.com.br\/site-2026\/wp-content\/uploads\/2025\/04\/gxt0rl6r.png\",\"width\":1280,\"height\":960,\"caption\":\"\u201cDoce Idade\u201d\"},{\"@type\":\"BreadcrumbList\",\"@id\":\"https:\/\/homolog.harald.com.br\/site-2026\/blog\/oficina-doce-idade-celebra-a-pascoa-com-apoio-da-harald\/#breadcrumb\",\"itemListElement\":[{\"@type\":\"ListItem\",\"position\":1,\"name\":\"In\u00edcio\",\"item\":\"https:\/\/homolog.harald.com.br\/site-2026\/\"},{\"@type\":\"ListItem\",\"position\":2,\"name\":\"Oficina \u201cDoce Idade\u201d celebra a P\u00e1scoa com apoio da Harald\"}]},{\"@type\":\"WebSite\",\"@id\":\"https:\/\/homolog.harald.com.br\/site-2026\/#website\",\"url\":\"https:\/\/homolog.harald.com.br\/site-2026\/\",\"name\":\"Harald\",\"description\":\"Fazer melhor \u00e9 fazer com paix\u00e3o\",\"publisher\":{\"@id\":\"https:\/\/homolog.harald.com.br\/site-2026\/#organization\"},\"potentialAction\":[{\"@type\":\"SearchAction\",\"target\":{\"@type\":\"EntryPoint\",\"urlTemplate\":\"https:\/\/homolog.harald.com.br\/site-2026\/?s={search_term_string}\"},\"query-input\":{\"@type\":\"PropertyValueSpecification\",\"valueRequired\":true,\"valueName\":\"search_term_string\"}}],\"inLanguage\":\"pt-BR\"},{\"@type\":\"Organization\",\"@id\":\"https:\/\/homolog.harald.com.br\/site-2026\/#organization\",\"name\":\"Harald\",\"url\":\"https:\/\/homolog.harald.com.br\/site-2026\/\",\"logo\":{\"@type\":\"ImageObject\",\"inLanguage\":\"pt-BR\",\"@id\":\"https:\/\/homolog.harald.com.br\/site-2026\/#\/schema\/logo\/image\/\",\"url\":\"https:\/\/homolog.harald.com.br\/site-2026\/wp-content\/uploads\/2022\/09\/logo-harald-cmyk-ss.png\",\"contentUrl\":\"https:\/\/homolog.harald.com.br\/site-2026\/wp-content\/uploads\/2022\/09\/logo-harald-cmyk-ss.png\",\"width\":1948,\"height\":1051,\"caption\":\"Harald\"},\"image\":{\"@id\":\"https:\/\/homolog.harald.com.br\/site-2026\/#\/schema\/logo\/image\/\"},\"sameAs\":[\"https:\/\/www.facebook.com\/HaraldChocolates\/\",\"https:\/\/www.youtube.com\/user\/HaraldChocolates\"]},{\"@type\":\"Person\",\"@id\":\"https:\/\/homolog.harald.com.br\/site-2026\/#\/schema\/person\/c71700dd47fb39a337c7f9b89d5e3a00\",\"name\":\"Beatriz Oliveira\",\"image\":{\"@type\":\"ImageObject\",\"inLanguage\":\"pt-BR\",\"@id\":\"https:\/\/homolog.harald.com.br\/site-2026\/#\/schema\/person\/image\/\",\"url\":\"https:\/\/secure.gravatar.com\/avatar\/fdc870643b67a6486b6bef59d475b1e7dea17130b70a2178f5716399590234e6?s=96&d=mm&r=g\",\"contentUrl\":\"https:\/\/secure.gravatar.com\/avatar\/fdc870643b67a6486b6bef59d475b1e7dea17130b70a2178f5716399590234e6?s=96&d=mm&r=g\",\"caption\":\"Beatriz Oliveira\"},\"url\":\"https:\/\/homolog.harald.com.br\/site-2026\/blog\/author\/beatriz-oliveira\/\"}]}<\/script>\n<!-- \/ Yoast SEO plugin. -->","yoast_head_json":{"title":"Oficina \u201cDoce Idade\u201d celebra a P\u00e1scoa com apoio da Harald - Harald","description":"Oficina \u201cDoce Idade\u201d celebra a P\u00e1scoa com apoio da Harald no Centro Dia do Idoso em Cajamar, promovendo momentos de especiais!","robots":{"index":"noindex","follow":"follow","max-snippet":"max-snippet:-1","max-image-preview":"max-image-preview:large","max-video-preview":"max-video-preview:-1"},"og_locale":"pt_BR","og_type":"article","og_title":"Oficina \u201cDoce Idade\u201d celebra a P\u00e1scoa com apoio da Harald - Harald","og_description":"Oficina \u201cDoce Idade\u201d celebra a P\u00e1scoa com apoio da Harald no Centro Dia do Idoso em Cajamar, promovendo momentos de especiais!","og_url":"https:\/\/homolog.harald.com.br\/site-2026\/blog\/oficina-doce-idade-celebra-a-pascoa-com-apoio-da-harald\/","og_site_name":"Harald","article_publisher":"https:\/\/www.facebook.com\/HaraldChocolates\/","article_published_time":"2025-04-11T13:46:17+00:00","article_modified_time":"2025-04-15T13:53:54+00:00","og_image":[{"width":1280,"height":960,"url":"https:\/\/homolog.harald.com.br\/site-2026\/wp-content\/uploads\/2025\/04\/gxt0rl6r.png","type":"image\/png"}],"author":"Beatriz Oliveira","twitter_card":"summary_large_image","twitter_misc":{"Escrito por":"Beatriz Oliveira","Est. tempo de leitura":"2 minutos"},"schema":{"@context":"https:\/\/schema.org","@graph":[{"@type":"Article","@id":"https:\/\/homolog.harald.com.br\/site-2026\/blog\/oficina-doce-idade-celebra-a-pascoa-com-apoio-da-harald\/#article","isPartOf":{"@id":"https:\/\/homolog.harald.com.br\/site-2026\/blog\/oficina-doce-idade-celebra-a-pascoa-com-apoio-da-harald\/"},"author":{"name":"Beatriz Oliveira","@id":"https:\/\/homolog.harald.com.br\/site-2026\/#\/schema\/person\/c71700dd47fb39a337c7f9b89d5e3a00"},"headline":"Oficina \u201cDoce Idade\u201d celebra a P\u00e1scoa com apoio da Harald","datePublished":"2025-04-11T13:46:17+00:00","dateModified":"2025-04-15T13:53:54+00:00","mainEntityOfPage":{"@id":"https:\/\/homolog.harald.com.br\/site-2026\/blog\/oficina-doce-idade-celebra-a-pascoa-com-apoio-da-harald\/"},"wordCount":207,"publisher":{"@id":"https:\/\/homolog.harald.com.br\/site-2026\/#organization"},"image":{"@id":"https:\/\/homolog.harald.com.br\/site-2026\/blog\/oficina-doce-idade-celebra-a-pascoa-com-apoio-da-harald\/#primaryimage"},"thumbnailUrl":"https:\/\/homolog.harald.com.br\/site-2026\/wp-content\/uploads\/2025\/04\/gxt0rl6r.png","articleSection":["Not\u00edcias"],"inLanguage":"pt-BR"},{"@type":"WebPage","@id":"https:\/\/homolog.harald.com.br\/site-2026\/blog\/oficina-doce-idade-celebra-a-pascoa-com-apoio-da-harald\/","url":"https:\/\/homolog.harald.com.br\/site-2026\/blog\/oficina-doce-idade-celebra-a-pascoa-com-apoio-da-harald\/","name":"Oficina \u201cDoce Idade\u201d celebra a P\u00e1scoa com apoio da Harald - Harald","isPartOf":{"@id":"https:\/\/homolog.harald.com.br\/site-2026\/#website"},"primaryImageOfPage":{"@id":"https:\/\/homolog.harald.com.br\/site-2026\/blog\/oficina-doce-idade-celebra-a-pascoa-com-apoio-da-harald\/#primaryimage"},"image":{"@id":"https:\/\/homolog.harald.com.br\/site-2026\/blog\/oficina-doce-idade-celebra-a-pascoa-com-apoio-da-harald\/#primaryimage"},"thumbnailUrl":"https:\/\/homolog.harald.com.br\/site-2026\/wp-content\/uploads\/2025\/04\/gxt0rl6r.png","datePublished":"2025-04-11T13:46:17+00:00","dateModified":"2025-04-15T13:53:54+00:00","description":"Oficina \u201cDoce Idade\u201d celebra a P\u00e1scoa com apoio da Harald no Centro Dia do Idoso em Cajamar, promovendo momentos de especiais!","breadcrumb":{"@id":"https:\/\/homolog.harald.com.br\/site-2026\/blog\/oficina-doce-idade-celebra-a-pascoa-com-apoio-da-harald\/#breadcrumb"},"inLanguage":"pt-BR","potentialAction":[{"@type":"ReadAction","target":["https:\/\/homolog.harald.com.br\/site-2026\/blog\/oficina-doce-idade-celebra-a-pascoa-com-apoio-da-harald\/"]}]},{"@type":"ImageObject","inLanguage":"pt-BR","@id":"https:\/\/homolog.harald.com.br\/site-2026\/blog\/oficina-doce-idade-celebra-a-pascoa-com-apoio-da-harald\/#primaryimage","url":"https:\/\/homolog.harald.com.br\/site-2026\/wp-content\/uploads\/2025\/04\/gxt0rl6r.png","contentUrl":"https:\/\/homolog.harald.com.br\/site-2026\/wp-content\/uploads\/2025\/04\/gxt0rl6r.png","width":1280,"height":960,"caption":"\u201cDoce Idade\u201d"},{"@type":"BreadcrumbList","@id":"https:\/\/homolog.harald.com.br\/site-2026\/blog\/oficina-doce-idade-celebra-a-pascoa-com-apoio-da-harald\/#breadcrumb","itemListElement":[{"@type":"ListItem","position":1,"name":"In\u00edcio","item":"https:\/\/homolog.harald.com.br\/site-2026\/"},{"@type":"ListItem","position":2,"name":"Oficina \u201cDoce Idade\u201d celebra a P\u00e1scoa com apoio da Harald"}]},{"@type":"WebSite","@id":"https:\/\/homolog.harald.com.br\/site-2026\/#website","url":"https:\/\/homolog.harald.com.br\/site-2026\/","name":"Harald","description":"Fazer melhor \u00e9 fazer com paix\u00e3o","publisher":{"@id":"https:\/\/homolog.harald.com.br\/site-2026\/#organization"},"potentialAction":[{"@type":"SearchAction","target":{"@type":"EntryPoint","urlTemplate":"https:\/\/homolog.harald.com.br\/site-2026\/?s={search_term_string}"},"query-input":{"@type":"PropertyValueSpecification","valueRequired":true,"valueName":"search_term_string"}}],"inLanguage":"pt-BR"},{"@type":"Organization","@id":"https:\/\/homolog.harald.com.br\/site-2026\/#organization","name":"Harald","url":"https:\/\/homolog.harald.com.br\/site-2026\/","logo":{"@type":"ImageObject","inLanguage":"pt-BR","@id":"https:\/\/homolog.harald.com.br\/site-2026\/#\/schema\/logo\/image\/","url":"https:\/\/homolog.harald.com.br\/site-2026\/wp-content\/uploads\/2022\/09\/logo-harald-cmyk-ss.png","contentUrl":"https:\/\/homolog.harald.com.br\/site-2026\/wp-content\/uploads\/2022\/09\/logo-harald-cmyk-ss.png","width":1948,"height":1051,"caption":"Harald"},"image":{"@id":"https:\/\/homolog.harald.com.br\/site-2026\/#\/schema\/logo\/image\/"},"sameAs":["https:\/\/www.facebook.com\/HaraldChocolates\/","https:\/\/www.youtube.com\/user\/HaraldChocolates"]},{"@type":"Person","@id":"https:\/\/homolog.harald.com.br\/site-2026\/#\/schema\/person\/c71700dd47fb39a337c7f9b89d5e3a00","name":"Beatriz Oliveira","image":{"@type":"ImageObject","inLanguage":"pt-BR","@id":"https:\/\/homolog.harald.com.br\/site-2026\/#\/schema\/person\/image\/","url":"https:\/\/secure.gravatar.com\/avatar\/fdc870643b67a6486b6bef59d475b1e7dea17130b70a2178f5716399590234e6?s=96&d=mm&r=g","contentUrl":"https:\/\/secure.gravatar.com\/avatar\/fdc870643b67a6486b6bef59d475b1e7dea17130b70a2178f5716399590234e6?s=96&d=mm&r=g","caption":"Beatriz Oliveira"},"url":"https:\/\/homolog.harald.com.br\/site-2026\/blog\/author\/beatriz-oliveira\/"}]}},"uagb_featured_image_src":{"full":["https:\/\/homolog.harald.com.br\/site-2026\/wp-content\/uploads\/2025\/04\/gxt0rl6r.png",1280,960,false],"thumbnail":["https:\/\/homolog.harald.com.br\/site-2026\/wp-content\/uploads\/2025\/04\/gxt0rl6r-150x150.png",150,150,true],"medium":["https:\/\/homolog.harald.com.br\/site-2026\/wp-content\/uploads\/2025\/04\/gxt0rl6r-300x225.png",300,225,true],"medium_large":["https:\/\/homolog.harald.com.br\/site-2026\/wp-content\/uploads\/2025\/04\/gxt0rl6r-768x576.png",768,576,true],"large":["https:\/\/homolog.harald.com.br\/site-2026\/wp-content\/uploads\/2025\/04\/gxt0rl6r-1024x768.png",1024,768,true],"1536x1536":["https:\/\/homolog.harald.com.br\/site-2026\/wp-content\/uploads\/2025\/04\/gxt0rl6r.png",1280,960,false],"2048x2048":["https:\/\/homolog.harald.com.br\/site-2026\/wp-content\/uploads\/2025\/04\/gxt0rl6r.png",1280,960,false],"full-width":["https:\/\/homolog.harald.com.br\/site-2026\/wp-content\/uploads\/2025\/04\/gxt0rl6r.png",1280,960,false],"gform-image-choice-sm":["https:\/\/homolog.harald.com.br\/site-2026\/wp-content\/uploads\/2025\/04\/gxt0rl6r.png",300,225,false],"gform-image-choice-md":["https:\/\/homolog.harald.com.br\/site-2026\/wp-content\/uploads\/2025\/04\/gxt0rl6r.png",400,300,false],"gform-image-choice-lg":["https:\/\/homolog.harald.com.br\/site-2026\/wp-content\/uploads\/2025\/04\/gxt0rl6r.png",600,450,false]},"uagb_author_info":{"display_name":"Beatriz Oliveira","author_link":"https:\/\/homolog.harald.com.br\/site-2026\/blog\/author\/beatriz-oliveira\/"},"uagb_comment_info":0,"uagb_excerpt":"Oficina \u201cDoce Idade\u201d celebra a P\u00e1scoa com apoio da Harald no Centro Dia do Idoso Nesta semana, o Fundo Social de Solidariedade de Cajamar promoveu a oficina \u201cDoce Idade\u201d no Centro Dia do Idoso, em comemora\u00e7\u00e3o \u00e0 P\u00e1scoa que proporcionou aos participantes momentos de alegria, sabor e afeto. A iniciativa contou com a parceria da&hellip;","_links":{"self":[{"href":"https:\/\/homolog.harald.com.br\/site-2026\/wp-json\/wp\/v2\/posts\/282717","targetHints":{"allow":["GET"]}}],"collection":[{"href":"https:\/\/homolog.harald.com.br\/site-2026\/wp-json\/wp\/v2\/posts"}],"about":[{"href":"https:\/\/homolog.harald.com.br\/site-2026\/wp-json\/wp\/v2\/types\/post"}],"author":[{"embeddable":true,"href":"https:\/\/homolog.harald.com.br\/site-2026\/wp-json\/wp\/v2\/users\/14"}],"replies":[{"embeddable":true,"href":"https:\/\/homolog.harald.com.br\/site-2026\/wp-json\/wp\/v2\/comments?post=282717"}],"version-history":[{"count":1,"href":"https:\/\/homolog.harald.com.br\/site-2026\/wp-json\/wp\/v2\/posts\/282717\/revisions"}],"predecessor-version":[{"id":282722,"href":"https:\/\/homolog.harald.com.br\/site-2026\/wp-json\/wp\/v2\/posts\/282717\/revisions\/282722"}],"wp:featuredmedia":[{"embeddable":true,"href":"https:\/\/homolog.harald.com.br\/site-2026\/wp-json\/wp\/v2\/media\/282719"}],"wp:attachment":[{"href":"https:\/\/homolog.harald.com.br\/site-2026\/wp-json\/wp\/v2\/media?parent=282717"}],"wp:term":[{"taxonomy":"category","embeddable":true,"href":"https:\/\/homolog.harald.com.br\/site-2026\/wp-json\/wp\/v2\/categories?post=282717"},{"taxonomy":"post_tag","embeddable":true,"href":"https:\/\/homolog.harald.com.br\/site-2026\/wp-json\/wp\/v2\/tags?post=282717"},{"taxonomy":"para-seu-negocio","embeddable":true,"href":"https:\/\/homolog.harald.com.br\/site-2026\/wp-json\/wp\/v2\/para-seu-negocio?post=282717"}],"curies":[{"name":"wp","href":"https:\/\/api.w.org\/{rel}","templated":true}]}}