{"id":279749,"date":"2025-04-01T11:50:58","date_gmt":"2025-04-01T14:50:58","guid":{"rendered":"https:\/\/homolog.harald.com.br\/site-2026\/?p=279749"},"modified":"2025-04-07T12:01:36","modified_gmt":"2025-04-07T15:01:36","slug":"campanha-de-pascoa-da-harald-tem-foco-no-empreendedorismo","status":"publish","type":"post","link":"https:\/\/homolog.harald.com.br\/site-2026\/blog\/campanha-de-pascoa-da-harald-tem-foco-no-empreendedorismo\/","title":{"rendered":"Campanha de P\u00e1scoa da Harald tem foco no Empreendedorismo"},"content":{"rendered":"<h2 data-start=\"122\" data-end=\"186\"><strong data-start=\"122\" data-end=\"186\">Campanha de P\u00e1scoa da Harald tem foco no Empreendedorismo<\/strong><\/h2>\n<p class=\"\" data-start=\"223\" data-end=\"543\">Com a chegada da P\u00e1scoa, a <a href=\"https:\/\/homolog.harald.com.br\/site-2026\/\">Harald<\/a> apresenta sua nova campanha \u201cCom TOP fica F\u00e1cil\u201d, refor\u00e7ando o apoio ao empreendedorismo no setor da confeitaria. Desenvolvida pela ag\u00eancia <a href=\"https:\/\/babel-azza.ag\/\">Babel-Azza<\/a>, a a\u00e7\u00e3o tem como protagonista a confeiteira, influenciadora digital e apresentadora do programa <em data-start=\"504\" data-end=\"519\">Que Seja Doce<\/em>, do GNT, T\u00e1bata Romero.<\/p>\n<p class=\"\" data-start=\"545\" data-end=\"977\">A campanha destaca a linha de coberturas TOP como uma solu\u00e7\u00e3o pr\u00e1tica, econ\u00f4mica e vers\u00e1til para confeiteiros, microempreendedores e iniciantes que enxergam a data como uma oportunidade.<\/p>\n<p data-start=\"545\" data-end=\"977\"><img loading=\"lazy\" decoding=\"async\" class=\"aligncenter wp-image-268580 size-full\" src=\"https:\/\/homolog.harald.com.br\/site-2026\/wp-content\/uploads\/2025\/03\/banner-pascoa-top.png\" alt=\"Campanha de P\u00e1scoa da Harald\" width=\"2560\" height=\"853\" srcset=\"https:\/\/homolog.harald.com.br\/site-2026\/wp-content\/uploads\/2025\/03\/banner-pascoa-top.png 2560w, https:\/\/homolog.harald.com.br\/site-2026\/wp-content\/uploads\/2025\/03\/banner-pascoa-top-300x100.png 300w, https:\/\/homolog.harald.com.br\/site-2026\/wp-content\/uploads\/2025\/03\/banner-pascoa-top-1024x341.png 1024w, https:\/\/homolog.harald.com.br\/site-2026\/wp-content\/uploads\/2025\/03\/banner-pascoa-top-768x256.png 768w, https:\/\/homolog.harald.com.br\/site-2026\/wp-content\/uploads\/2025\/03\/banner-pascoa-top-1536x512.png 1536w, https:\/\/homolog.harald.com.br\/site-2026\/wp-content\/uploads\/2025\/03\/banner-pascoa-top-2048x682.png 2048w, https:\/\/homolog.harald.com.br\/site-2026\/wp-content\/uploads\/2025\/03\/banner-pascoa-top-1920x640.png 1920w\" sizes=\"auto, (max-width: 2560px) 100vw, 2560px\" \/><\/p>\n<p class=\"\" data-start=\"979\" data-end=\"1262\">Al\u00e9m disso, a estrat\u00e9gia de divulga\u00e7\u00e3o \u00e9 robusta no ambiente digital. A marca aposta em conte\u00fados exclusivos nas redes sociais, parcerias com influenciadores, como Fernanda Bande, e pe\u00e7as publicit\u00e1rias nos canais oficiais da Harald.<\/p>\n<p class=\"\" data-start=\"1264\" data-end=\"1536\">De acordo com Jonatas Fr\u00f3es, Gerente de Comunica\u00e7\u00e3o da Harald, o prop\u00f3sito da campanha \u00e9 ser parceiro na jornada empreendedora dos confeiteiros, oferecendo conte\u00fados que ajudam no uso das coberturas TOP e mostram como tornar a P\u00e1scoa uma data lucrativa.<\/p>\n<p class=\"\" data-start=\"1538\" data-end=\"1851\">Por fim, a campanha tamb\u00e9m ressalta o rendimento das coberturas TOP como uma alternativa estrat\u00e9gica ao chocolate nobre, em um cen\u00e1rio de pre\u00e7os altos. A Harald reafirma, assim, seu compromisso com solu\u00e7\u00f5es acess\u00edveis e de qualidade para impulsionar pequenos neg\u00f3cios.<\/p>\n","protected":false},"excerpt":{"rendered":"<p>Campanha de P\u00e1scoa da Harald tem foco no Empreendedorismo Com a chegada da P\u00e1scoa, a Harald apresenta sua nova campanha \u201cCom TOP fica F\u00e1cil\u201d, refor\u00e7ando o apoio ao empreendedorismo no setor da confeitaria. Desenvolvida pela ag\u00eancia Babel-Azza, a a\u00e7\u00e3o tem como protagonista a confeiteira, influenciadora digital e apresentadora do programa Que Seja Doce, do GNT, <a class=\"more-link\" href=\"https:\/\/homolog.harald.com.br\/site-2026\/blog\/campanha-de-pascoa-da-harald-tem-foco-no-empreendedorismo\/\">Read more&#8230;<\/a><\/p>\n","protected":false},"author":14,"featured_media":250819,"comment_status":"closed","ping_status":"closed","sticky":false,"template":"","format":"standard","meta":{"_acf_changed":false,"_uag_custom_page_level_css":"","footnotes":""},"categories":[158],"tags":[],"para-seu-negocio":[],"class_list":["post-279749","post","type-post","status-publish","format-standard","has-post-thumbnail","hentry","category-noticias"],"acf":[],"yoast_head":"<!-- This site is optimized with the Yoast SEO plugin v26.3 - https:\/\/yoast.com\/wordpress\/plugins\/seo\/ -->\n<title>Campanha de P\u00e1scoa da Harald tem foco no Empreendedorismo - Harald<\/title>\n<meta name=\"description\" content=\"Campanha de P\u00e1scoa da Harald destaca a linha de coberturas TOP como solu\u00e7\u00e3o pr\u00e1tica para confeiteiros e empreendedores lucrarem na P\u00e1scoa!\" \/>\n<meta name=\"robots\" content=\"noindex, follow, max-snippet:-1, max-image-preview:large, max-video-preview:-1\" \/>\n<meta property=\"og:locale\" content=\"pt_BR\" \/>\n<meta property=\"og:type\" content=\"article\" \/>\n<meta property=\"og:title\" content=\"Campanha de P\u00e1scoa da Harald tem foco no Empreendedorismo - Harald\" \/>\n<meta property=\"og:description\" content=\"Campanha de P\u00e1scoa da Harald destaca a linha de coberturas TOP como solu\u00e7\u00e3o pr\u00e1tica para confeiteiros e empreendedores lucrarem na P\u00e1scoa!\" \/>\n<meta property=\"og:url\" content=\"https:\/\/homolog.harald.com.br\/site-2026\/blog\/campanha-de-pascoa-da-harald-tem-foco-no-empreendedorismo\/\" \/>\n<meta property=\"og:site_name\" content=\"Harald\" \/>\n<meta property=\"article:publisher\" content=\"https:\/\/www.facebook.com\/HaraldChocolates\/\" \/>\n<meta property=\"article:published_time\" content=\"2025-04-01T14:50:58+00:00\" \/>\n<meta property=\"article:modified_time\" content=\"2025-04-07T15:01:36+00:00\" \/>\n<meta property=\"og:image\" content=\"https:\/\/homolog.harald.com.br\/site-2026\/wp-content\/uploads\/2025\/02\/coelho-da-paacoa-top-pistache-scaled-e1739196052164.jpg\" \/>\n\t<meta property=\"og:image:width\" content=\"2236\" \/>\n\t<meta property=\"og:image:height\" content=\"1476\" \/>\n\t<meta property=\"og:image:type\" content=\"image\/jpeg\" \/>\n<meta name=\"author\" content=\"Beatriz Oliveira\" \/>\n<meta name=\"twitter:card\" content=\"summary_large_image\" \/>\n<meta name=\"twitter:label1\" content=\"Escrito por\" \/>\n\t<meta name=\"twitter:data1\" content=\"Beatriz Oliveira\" \/>\n\t<meta name=\"twitter:label2\" content=\"Est. tempo de leitura\" \/>\n\t<meta name=\"twitter:data2\" content=\"2 minutos\" \/>\n<script type=\"application\/ld+json\" class=\"yoast-schema-graph\">{\"@context\":\"https:\/\/schema.org\",\"@graph\":[{\"@type\":\"Article\",\"@id\":\"https:\/\/homolog.harald.com.br\/site-2026\/blog\/campanha-de-pascoa-da-harald-tem-foco-no-empreendedorismo\/#article\",\"isPartOf\":{\"@id\":\"https:\/\/homolog.harald.com.br\/site-2026\/blog\/campanha-de-pascoa-da-harald-tem-foco-no-empreendedorismo\/\"},\"author\":{\"name\":\"Beatriz Oliveira\",\"@id\":\"https:\/\/homolog.harald.com.br\/site-2026\/#\/schema\/person\/c71700dd47fb39a337c7f9b89d5e3a00\"},\"headline\":\"Campanha de P\u00e1scoa da Harald tem foco no Empreendedorismo\",\"datePublished\":\"2025-04-01T14:50:58+00:00\",\"dateModified\":\"2025-04-07T15:01:36+00:00\",\"mainEntityOfPage\":{\"@id\":\"https:\/\/homolog.harald.com.br\/site-2026\/blog\/campanha-de-pascoa-da-harald-tem-foco-no-empreendedorismo\/\"},\"wordCount\":235,\"publisher\":{\"@id\":\"https:\/\/homolog.harald.com.br\/site-2026\/#organization\"},\"image\":{\"@id\":\"https:\/\/homolog.harald.com.br\/site-2026\/blog\/campanha-de-pascoa-da-harald-tem-foco-no-empreendedorismo\/#primaryimage\"},\"thumbnailUrl\":\"https:\/\/homolog.harald.com.br\/site-2026\/wp-content\/uploads\/2025\/02\/coelho-da-paacoa-top-pistache-scaled-e1739196052164.jpg\",\"articleSection\":[\"Not\u00edcias\"],\"inLanguage\":\"pt-BR\"},{\"@type\":\"WebPage\",\"@id\":\"https:\/\/homolog.harald.com.br\/site-2026\/blog\/campanha-de-pascoa-da-harald-tem-foco-no-empreendedorismo\/\",\"url\":\"https:\/\/homolog.harald.com.br\/site-2026\/blog\/campanha-de-pascoa-da-harald-tem-foco-no-empreendedorismo\/\",\"name\":\"Campanha de P\u00e1scoa da Harald tem foco no Empreendedorismo - Harald\",\"isPartOf\":{\"@id\":\"https:\/\/homolog.harald.com.br\/site-2026\/#website\"},\"primaryImageOfPage\":{\"@id\":\"https:\/\/homolog.harald.com.br\/site-2026\/blog\/campanha-de-pascoa-da-harald-tem-foco-no-empreendedorismo\/#primaryimage\"},\"image\":{\"@id\":\"https:\/\/homolog.harald.com.br\/site-2026\/blog\/campanha-de-pascoa-da-harald-tem-foco-no-empreendedorismo\/#primaryimage\"},\"thumbnailUrl\":\"https:\/\/homolog.harald.com.br\/site-2026\/wp-content\/uploads\/2025\/02\/coelho-da-paacoa-top-pistache-scaled-e1739196052164.jpg\",\"datePublished\":\"2025-04-01T14:50:58+00:00\",\"dateModified\":\"2025-04-07T15:01:36+00:00\",\"description\":\"Campanha de P\u00e1scoa da Harald destaca a linha de coberturas TOP como solu\u00e7\u00e3o pr\u00e1tica para confeiteiros e empreendedores lucrarem na P\u00e1scoa!\",\"breadcrumb\":{\"@id\":\"https:\/\/homolog.harald.com.br\/site-2026\/blog\/campanha-de-pascoa-da-harald-tem-foco-no-empreendedorismo\/#breadcrumb\"},\"inLanguage\":\"pt-BR\",\"potentialAction\":[{\"@type\":\"ReadAction\",\"target\":[\"https:\/\/homolog.harald.com.br\/site-2026\/blog\/campanha-de-pascoa-da-harald-tem-foco-no-empreendedorismo\/\"]}]},{\"@type\":\"ImageObject\",\"inLanguage\":\"pt-BR\",\"@id\":\"https:\/\/homolog.harald.com.br\/site-2026\/blog\/campanha-de-pascoa-da-harald-tem-foco-no-empreendedorismo\/#primaryimage\",\"url\":\"https:\/\/homolog.harald.com.br\/site-2026\/wp-content\/uploads\/2025\/02\/coelho-da-paacoa-top-pistache-scaled-e1739196052164.jpg\",\"contentUrl\":\"https:\/\/homolog.harald.com.br\/site-2026\/wp-content\/uploads\/2025\/02\/coelho-da-paacoa-top-pistache-scaled-e1739196052164.jpg\",\"width\":2236,\"height\":1476,\"caption\":\"Coelho da P\u00e1scoa TOP Pistache\"},{\"@type\":\"BreadcrumbList\",\"@id\":\"https:\/\/homolog.harald.com.br\/site-2026\/blog\/campanha-de-pascoa-da-harald-tem-foco-no-empreendedorismo\/#breadcrumb\",\"itemListElement\":[{\"@type\":\"ListItem\",\"position\":1,\"name\":\"In\u00edcio\",\"item\":\"https:\/\/homolog.harald.com.br\/site-2026\/\"},{\"@type\":\"ListItem\",\"position\":2,\"name\":\"Campanha de P\u00e1scoa da Harald tem foco no Empreendedorismo\"}]},{\"@type\":\"WebSite\",\"@id\":\"https:\/\/homolog.harald.com.br\/site-2026\/#website\",\"url\":\"https:\/\/homolog.harald.com.br\/site-2026\/\",\"name\":\"Harald\",\"description\":\"Fazer melhor \u00e9 fazer com paix\u00e3o\",\"publisher\":{\"@id\":\"https:\/\/homolog.harald.com.br\/site-2026\/#organization\"},\"potentialAction\":[{\"@type\":\"SearchAction\",\"target\":{\"@type\":\"EntryPoint\",\"urlTemplate\":\"https:\/\/homolog.harald.com.br\/site-2026\/?s={search_term_string}\"},\"query-input\":{\"@type\":\"PropertyValueSpecification\",\"valueRequired\":true,\"valueName\":\"search_term_string\"}}],\"inLanguage\":\"pt-BR\"},{\"@type\":\"Organization\",\"@id\":\"https:\/\/homolog.harald.com.br\/site-2026\/#organization\",\"name\":\"Harald\",\"url\":\"https:\/\/homolog.harald.com.br\/site-2026\/\",\"logo\":{\"@type\":\"ImageObject\",\"inLanguage\":\"pt-BR\",\"@id\":\"https:\/\/homolog.harald.com.br\/site-2026\/#\/schema\/logo\/image\/\",\"url\":\"https:\/\/homolog.harald.com.br\/site-2026\/wp-content\/uploads\/2022\/09\/logo-harald-cmyk-ss.png\",\"contentUrl\":\"https:\/\/homolog.harald.com.br\/site-2026\/wp-content\/uploads\/2022\/09\/logo-harald-cmyk-ss.png\",\"width\":1948,\"height\":1051,\"caption\":\"Harald\"},\"image\":{\"@id\":\"https:\/\/homolog.harald.com.br\/site-2026\/#\/schema\/logo\/image\/\"},\"sameAs\":[\"https:\/\/www.facebook.com\/HaraldChocolates\/\",\"https:\/\/www.youtube.com\/user\/HaraldChocolates\"]},{\"@type\":\"Person\",\"@id\":\"https:\/\/homolog.harald.com.br\/site-2026\/#\/schema\/person\/c71700dd47fb39a337c7f9b89d5e3a00\",\"name\":\"Beatriz Oliveira\",\"image\":{\"@type\":\"ImageObject\",\"inLanguage\":\"pt-BR\",\"@id\":\"https:\/\/homolog.harald.com.br\/site-2026\/#\/schema\/person\/image\/\",\"url\":\"https:\/\/secure.gravatar.com\/avatar\/fdc870643b67a6486b6bef59d475b1e7dea17130b70a2178f5716399590234e6?s=96&d=mm&r=g\",\"contentUrl\":\"https:\/\/secure.gravatar.com\/avatar\/fdc870643b67a6486b6bef59d475b1e7dea17130b70a2178f5716399590234e6?s=96&d=mm&r=g\",\"caption\":\"Beatriz Oliveira\"},\"url\":\"https:\/\/homolog.harald.com.br\/site-2026\/blog\/author\/beatriz-oliveira\/\"}]}<\/script>\n<!-- \/ Yoast SEO plugin. -->","yoast_head_json":{"title":"Campanha de P\u00e1scoa da Harald tem foco no Empreendedorismo - Harald","description":"Campanha de P\u00e1scoa da Harald destaca a linha de coberturas TOP como solu\u00e7\u00e3o pr\u00e1tica para confeiteiros e empreendedores lucrarem na P\u00e1scoa!","robots":{"index":"noindex","follow":"follow","max-snippet":"max-snippet:-1","max-image-preview":"max-image-preview:large","max-video-preview":"max-video-preview:-1"},"og_locale":"pt_BR","og_type":"article","og_title":"Campanha de P\u00e1scoa da Harald tem foco no Empreendedorismo - Harald","og_description":"Campanha de P\u00e1scoa da Harald destaca a linha de coberturas TOP como solu\u00e7\u00e3o pr\u00e1tica para confeiteiros e empreendedores lucrarem na P\u00e1scoa!","og_url":"https:\/\/homolog.harald.com.br\/site-2026\/blog\/campanha-de-pascoa-da-harald-tem-foco-no-empreendedorismo\/","og_site_name":"Harald","article_publisher":"https:\/\/www.facebook.com\/HaraldChocolates\/","article_published_time":"2025-04-01T14:50:58+00:00","article_modified_time":"2025-04-07T15:01:36+00:00","og_image":[{"width":2236,"height":1476,"url":"https:\/\/homolog.harald.com.br\/site-2026\/wp-content\/uploads\/2025\/02\/coelho-da-paacoa-top-pistache-scaled-e1739196052164.jpg","type":"image\/jpeg"}],"author":"Beatriz Oliveira","twitter_card":"summary_large_image","twitter_misc":{"Escrito por":"Beatriz Oliveira","Est. tempo de leitura":"2 minutos"},"schema":{"@context":"https:\/\/schema.org","@graph":[{"@type":"Article","@id":"https:\/\/homolog.harald.com.br\/site-2026\/blog\/campanha-de-pascoa-da-harald-tem-foco-no-empreendedorismo\/#article","isPartOf":{"@id":"https:\/\/homolog.harald.com.br\/site-2026\/blog\/campanha-de-pascoa-da-harald-tem-foco-no-empreendedorismo\/"},"author":{"name":"Beatriz Oliveira","@id":"https:\/\/homolog.harald.com.br\/site-2026\/#\/schema\/person\/c71700dd47fb39a337c7f9b89d5e3a00"},"headline":"Campanha de P\u00e1scoa da Harald tem foco no Empreendedorismo","datePublished":"2025-04-01T14:50:58+00:00","dateModified":"2025-04-07T15:01:36+00:00","mainEntityOfPage":{"@id":"https:\/\/homolog.harald.com.br\/site-2026\/blog\/campanha-de-pascoa-da-harald-tem-foco-no-empreendedorismo\/"},"wordCount":235,"publisher":{"@id":"https:\/\/homolog.harald.com.br\/site-2026\/#organization"},"image":{"@id":"https:\/\/homolog.harald.com.br\/site-2026\/blog\/campanha-de-pascoa-da-harald-tem-foco-no-empreendedorismo\/#primaryimage"},"thumbnailUrl":"https:\/\/homolog.harald.com.br\/site-2026\/wp-content\/uploads\/2025\/02\/coelho-da-paacoa-top-pistache-scaled-e1739196052164.jpg","articleSection":["Not\u00edcias"],"inLanguage":"pt-BR"},{"@type":"WebPage","@id":"https:\/\/homolog.harald.com.br\/site-2026\/blog\/campanha-de-pascoa-da-harald-tem-foco-no-empreendedorismo\/","url":"https:\/\/homolog.harald.com.br\/site-2026\/blog\/campanha-de-pascoa-da-harald-tem-foco-no-empreendedorismo\/","name":"Campanha de P\u00e1scoa da Harald tem foco no Empreendedorismo - Harald","isPartOf":{"@id":"https:\/\/homolog.harald.com.br\/site-2026\/#website"},"primaryImageOfPage":{"@id":"https:\/\/homolog.harald.com.br\/site-2026\/blog\/campanha-de-pascoa-da-harald-tem-foco-no-empreendedorismo\/#primaryimage"},"image":{"@id":"https:\/\/homolog.harald.com.br\/site-2026\/blog\/campanha-de-pascoa-da-harald-tem-foco-no-empreendedorismo\/#primaryimage"},"thumbnailUrl":"https:\/\/homolog.harald.com.br\/site-2026\/wp-content\/uploads\/2025\/02\/coelho-da-paacoa-top-pistache-scaled-e1739196052164.jpg","datePublished":"2025-04-01T14:50:58+00:00","dateModified":"2025-04-07T15:01:36+00:00","description":"Campanha de P\u00e1scoa da Harald destaca a linha de coberturas TOP como solu\u00e7\u00e3o pr\u00e1tica para confeiteiros e empreendedores lucrarem na P\u00e1scoa!","breadcrumb":{"@id":"https:\/\/homolog.harald.com.br\/site-2026\/blog\/campanha-de-pascoa-da-harald-tem-foco-no-empreendedorismo\/#breadcrumb"},"inLanguage":"pt-BR","potentialAction":[{"@type":"ReadAction","target":["https:\/\/homolog.harald.com.br\/site-2026\/blog\/campanha-de-pascoa-da-harald-tem-foco-no-empreendedorismo\/"]}]},{"@type":"ImageObject","inLanguage":"pt-BR","@id":"https:\/\/homolog.harald.com.br\/site-2026\/blog\/campanha-de-pascoa-da-harald-tem-foco-no-empreendedorismo\/#primaryimage","url":"https:\/\/homolog.harald.com.br\/site-2026\/wp-content\/uploads\/2025\/02\/coelho-da-paacoa-top-pistache-scaled-e1739196052164.jpg","contentUrl":"https:\/\/homolog.harald.com.br\/site-2026\/wp-content\/uploads\/2025\/02\/coelho-da-paacoa-top-pistache-scaled-e1739196052164.jpg","width":2236,"height":1476,"caption":"Coelho da P\u00e1scoa TOP Pistache"},{"@type":"BreadcrumbList","@id":"https:\/\/homolog.harald.com.br\/site-2026\/blog\/campanha-de-pascoa-da-harald-tem-foco-no-empreendedorismo\/#breadcrumb","itemListElement":[{"@type":"ListItem","position":1,"name":"In\u00edcio","item":"https:\/\/homolog.harald.com.br\/site-2026\/"},{"@type":"ListItem","position":2,"name":"Campanha de P\u00e1scoa da Harald tem foco no Empreendedorismo"}]},{"@type":"WebSite","@id":"https:\/\/homolog.harald.com.br\/site-2026\/#website","url":"https:\/\/homolog.harald.com.br\/site-2026\/","name":"Harald","description":"Fazer melhor \u00e9 fazer com paix\u00e3o","publisher":{"@id":"https:\/\/homolog.harald.com.br\/site-2026\/#organization"},"potentialAction":[{"@type":"SearchAction","target":{"@type":"EntryPoint","urlTemplate":"https:\/\/homolog.harald.com.br\/site-2026\/?s={search_term_string}"},"query-input":{"@type":"PropertyValueSpecification","valueRequired":true,"valueName":"search_term_string"}}],"inLanguage":"pt-BR"},{"@type":"Organization","@id":"https:\/\/homolog.harald.com.br\/site-2026\/#organization","name":"Harald","url":"https:\/\/homolog.harald.com.br\/site-2026\/","logo":{"@type":"ImageObject","inLanguage":"pt-BR","@id":"https:\/\/homolog.harald.com.br\/site-2026\/#\/schema\/logo\/image\/","url":"https:\/\/homolog.harald.com.br\/site-2026\/wp-content\/uploads\/2022\/09\/logo-harald-cmyk-ss.png","contentUrl":"https:\/\/homolog.harald.com.br\/site-2026\/wp-content\/uploads\/2022\/09\/logo-harald-cmyk-ss.png","width":1948,"height":1051,"caption":"Harald"},"image":{"@id":"https:\/\/homolog.harald.com.br\/site-2026\/#\/schema\/logo\/image\/"},"sameAs":["https:\/\/www.facebook.com\/HaraldChocolates\/","https:\/\/www.youtube.com\/user\/HaraldChocolates"]},{"@type":"Person","@id":"https:\/\/homolog.harald.com.br\/site-2026\/#\/schema\/person\/c71700dd47fb39a337c7f9b89d5e3a00","name":"Beatriz Oliveira","image":{"@type":"ImageObject","inLanguage":"pt-BR","@id":"https:\/\/homolog.harald.com.br\/site-2026\/#\/schema\/person\/image\/","url":"https:\/\/secure.gravatar.com\/avatar\/fdc870643b67a6486b6bef59d475b1e7dea17130b70a2178f5716399590234e6?s=96&d=mm&r=g","contentUrl":"https:\/\/secure.gravatar.com\/avatar\/fdc870643b67a6486b6bef59d475b1e7dea17130b70a2178f5716399590234e6?s=96&d=mm&r=g","caption":"Beatriz Oliveira"},"url":"https:\/\/homolog.harald.com.br\/site-2026\/blog\/author\/beatriz-oliveira\/"}]}},"uagb_featured_image_src":{"full":["https:\/\/homolog.harald.com.br\/site-2026\/wp-content\/uploads\/2025\/02\/coelho-da-paacoa-top-pistache-scaled-e1739196052164.jpg",2236,1476,false],"thumbnail":["https:\/\/homolog.harald.com.br\/site-2026\/wp-content\/uploads\/2025\/02\/coelho-da-paacoa-top-pistache-scaled-e1739196052164-150x150.jpg",150,150,true],"medium":["https:\/\/homolog.harald.com.br\/site-2026\/wp-content\/uploads\/2025\/02\/coelho-da-paacoa-top-pistache-scaled-e1739196052164-300x198.jpg",300,198,true],"medium_large":["https:\/\/homolog.harald.com.br\/site-2026\/wp-content\/uploads\/2025\/02\/coelho-da-paacoa-top-pistache-scaled-e1739196052164-768x507.jpg",768,507,true],"large":["https:\/\/homolog.harald.com.br\/site-2026\/wp-content\/uploads\/2025\/02\/coelho-da-paacoa-top-pistache-scaled-e1739196052164-1024x676.jpg",1024,676,true],"1536x1536":["https:\/\/homolog.harald.com.br\/site-2026\/wp-content\/uploads\/2025\/02\/coelho-da-paacoa-top-pistache-scaled-e1739196052164-1536x1014.jpg",1536,1014,true],"2048x2048":["https:\/\/homolog.harald.com.br\/site-2026\/wp-content\/uploads\/2025\/02\/coelho-da-paacoa-top-pistache-scaled-e1739196052164-2048x1352.jpg",2048,1352,true],"full-width":["https:\/\/homolog.harald.com.br\/site-2026\/wp-content\/uploads\/2025\/02\/coelho-da-paacoa-top-pistache-scaled-e1739196052164.jpg",1636,1080,false],"gform-image-choice-sm":["https:\/\/homolog.harald.com.br\/site-2026\/wp-content\/uploads\/2025\/02\/coelho-da-paacoa-top-pistache-scaled-e1739196052164.jpg",300,198,false],"gform-image-choice-md":["https:\/\/homolog.harald.com.br\/site-2026\/wp-content\/uploads\/2025\/02\/coelho-da-paacoa-top-pistache-scaled-e1739196052164.jpg",400,264,false],"gform-image-choice-lg":["https:\/\/homolog.harald.com.br\/site-2026\/wp-content\/uploads\/2025\/02\/coelho-da-paacoa-top-pistache-scaled-e1739196052164.jpg",600,396,false]},"uagb_author_info":{"display_name":"Beatriz Oliveira","author_link":"https:\/\/homolog.harald.com.br\/site-2026\/blog\/author\/beatriz-oliveira\/"},"uagb_comment_info":0,"uagb_excerpt":"Campanha de P\u00e1scoa da Harald tem foco no Empreendedorismo Com a chegada da P\u00e1scoa, a Harald apresenta sua nova campanha \u201cCom TOP fica F\u00e1cil\u201d, refor\u00e7ando o apoio ao empreendedorismo no setor da confeitaria. Desenvolvida pela ag\u00eancia Babel-Azza, a a\u00e7\u00e3o tem como protagonista a confeiteira, influenciadora digital e apresentadora do programa Que Seja Doce, do GNT,&hellip;","_links":{"self":[{"href":"https:\/\/homolog.harald.com.br\/site-2026\/wp-json\/wp\/v2\/posts\/279749","targetHints":{"allow":["GET"]}}],"collection":[{"href":"https:\/\/homolog.harald.com.br\/site-2026\/wp-json\/wp\/v2\/posts"}],"about":[{"href":"https:\/\/homolog.harald.com.br\/site-2026\/wp-json\/wp\/v2\/types\/post"}],"author":[{"embeddable":true,"href":"https:\/\/homolog.harald.com.br\/site-2026\/wp-json\/wp\/v2\/users\/14"}],"replies":[{"embeddable":true,"href":"https:\/\/homolog.harald.com.br\/site-2026\/wp-json\/wp\/v2\/comments?post=279749"}],"version-history":[{"count":1,"href":"https:\/\/homolog.harald.com.br\/site-2026\/wp-json\/wp\/v2\/posts\/279749\/revisions"}],"predecessor-version":[{"id":279752,"href":"https:\/\/homolog.harald.com.br\/site-2026\/wp-json\/wp\/v2\/posts\/279749\/revisions\/279752"}],"wp:featuredmedia":[{"embeddable":true,"href":"https:\/\/homolog.harald.com.br\/site-2026\/wp-json\/wp\/v2\/media\/250819"}],"wp:attachment":[{"href":"https:\/\/homolog.harald.com.br\/site-2026\/wp-json\/wp\/v2\/media?parent=279749"}],"wp:term":[{"taxonomy":"category","embeddable":true,"href":"https:\/\/homolog.harald.com.br\/site-2026\/wp-json\/wp\/v2\/categories?post=279749"},{"taxonomy":"post_tag","embeddable":true,"href":"https:\/\/homolog.harald.com.br\/site-2026\/wp-json\/wp\/v2\/tags?post=279749"},{"taxonomy":"para-seu-negocio","embeddable":true,"href":"https:\/\/homolog.harald.com.br\/site-2026\/wp-json\/wp\/v2\/para-seu-negocio?post=279749"}],"curies":[{"name":"wp","href":"https:\/\/api.w.org\/{rel}","templated":true}]}}