{"id":279065,"date":"2025-04-03T15:28:23","date_gmt":"2025-04-03T18:28:23","guid":{"rendered":"https:\/\/homolog.harald.com.br\/site-2026\/?p=279065"},"modified":"2025-04-04T15:42:45","modified_gmt":"2025-04-04T18:42:45","slug":"harald-e-pennacchi-fortalecem-empreendedorismo-eminino","status":"publish","type":"post","link":"https:\/\/homolog.harald.com.br\/site-2026\/blog\/harald-e-pennacchi-fortalecem-empreendedorismo-eminino\/","title":{"rendered":"Harald e Pennacchi Fortalecem Empreendedorismo Feminino"},"content":{"rendered":"<h3 data-start=\"151\" data-end=\"238\"><strong data-start=\"151\" data-end=\"238\">Harald e Pennacchi Fortalecem Empreendedorismo Feminino por meio do Projeto Crescer<\/strong><\/h3>\n<p class=\"\" data-start=\"275\" data-end=\"674\">A Harald, refer\u00eancia no mercado nacional em chocolates para confeitaria, reafirma seu compromisso com o desenvolvimento social ao renovar, pelo oitavo ano consecutivo, a parceria com a distribuidora Pennacchi. A colabora\u00e7\u00e3o acontece por meio do Projeto Crescer, realizado em Arapongas (PR), e tem como foco promover capacita\u00e7\u00e3o profissional e empreendedorismo feminino.<\/p>\n<p><img loading=\"lazy\" decoding=\"async\" class=\"wp-image-279067 \" src=\"https:\/\/homolog.harald.com.br\/site-2026\/wp-content\/uploads\/2025\/04\/confectioner-uniform-decorates-cake-scaled.jpg\" alt=\"Empreendedorismo Feminino\" width=\"506\" height=\"337\" srcset=\"https:\/\/homolog.harald.com.br\/site-2026\/wp-content\/uploads\/2025\/04\/confectioner-uniform-decorates-cake-scaled.jpg 2560w, https:\/\/homolog.harald.com.br\/site-2026\/wp-content\/uploads\/2025\/04\/confectioner-uniform-decorates-cake-300x200.jpg 300w, https:\/\/homolog.harald.com.br\/site-2026\/wp-content\/uploads\/2025\/04\/confectioner-uniform-decorates-cake-1024x683.jpg 1024w, https:\/\/homolog.harald.com.br\/site-2026\/wp-content\/uploads\/2025\/04\/confectioner-uniform-decorates-cake-768x512.jpg 768w, https:\/\/homolog.harald.com.br\/site-2026\/wp-content\/uploads\/2025\/04\/confectioner-uniform-decorates-cake-1536x1024.jpg 1536w, https:\/\/homolog.harald.com.br\/site-2026\/wp-content\/uploads\/2025\/04\/confectioner-uniform-decorates-cake-2048x1365.jpg 2048w, https:\/\/homolog.harald.com.br\/site-2026\/wp-content\/uploads\/2025\/04\/confectioner-uniform-decorates-cake-1920x1280.jpg 1920w\" sizes=\"auto, (max-width: 506px) 100vw, 506px\" \/><\/p>\n<p class=\"\" data-start=\"104\" data-end=\"346\">Desde 2017, o projeto formou 304 pessoas, incluindo 217 adolescentes e 87 m\u00e3es. Assim, em 2024, a iniciativa ampliou seu impacto ao criar turmas exclusivas para as m\u00e3es dos participantes, oferecendo uma nova chance de aprendizado e gera\u00e7\u00e3o de renda.<\/p>\n<p class=\"\" data-start=\"348\" data-end=\"745\">A nova turma, formada por 12 mulheres, come\u00e7ar\u00e1 o curso ainda este m\u00eas. Durante seis semanas, a consultora de culin\u00e1ria da Harald, Meg Stanley<strong>,<\/strong> vai conduzir as aulas presenciais. O curso ensina t\u00e9cnicas da chocolataria \u2013 como derretimento, temperagem e moldagem \u2013 e foca na produ\u00e7\u00e3o de itens para o modelo &#8220;fa\u00e7a e venda&#8221;, como bombons, trufas, ovos de P\u00e1scoa, p\u00e3o de mel e brownies.<\/p>\n<p class=\"\" data-start=\"747\" data-end=\"964\">Mauro Degraf, Diretor Comercial da Harald, diz: \u201c\u00c9 inspirador ver o crescimento dessas mulheres, elas transformam a realidade de suas fam\u00edlias.\u201d<\/p>\n<p class=\"\" data-start=\"966\" data-end=\"1212\">Paulo Herm\u00ednio Pennacchi, Diretor Comercial da Pennacchi, complementa: \u201cTemos muito orgulho da parceria com a Harald. Apoiamos essa iniciativa com entusiasmo porque ela fortalece o empreendedorismo e impulsiona o desenvolvimento econ\u00f4mico local.\u201d<\/p>\n<p class=\"\" data-start=\"1214\" data-end=\"1421\">A Harald segue firme no compromisso de promover a autonomia financeira de mulheres e jovens, atuando como agente de transforma\u00e7\u00e3o nas comunidades onde marca presen\u00e7a.<\/p>\n<p class=\"\" data-start=\"676\" data-end=\"936\"><strong data-start=\"2343\" data-end=\"2365\">Sobre a <a href=\"https:\/\/www.pennacchi.com.br\/\">Pennacchi<\/a>:<\/strong><\/p>\n<p class=\"\" data-start=\"2343\" data-end=\"2677\">Criada em 1962 em Arapongas (PR), a Pennacchi evoluiu de uma pequena tabacaria para uma das principais distribuidoras do estado. Atualmente, oferece cerca de 3.000 produtos de mais de 170 fornecedores, atuando em diversos segmentos como confeitaria, mercearia, pet food, brinquedos, higiene, papelaria e mais.<\/p>\n","protected":false},"excerpt":{"rendered":"<p>Harald e Pennacchi Fortalecem Empreendedorismo Feminino por meio do Projeto Crescer A Harald, refer\u00eancia no mercado nacional em chocolates para confeitaria, reafirma seu compromisso com o desenvolvimento social ao renovar, pelo oitavo ano consecutivo, a parceria com a distribuidora Pennacchi. A colabora\u00e7\u00e3o acontece por meio do Projeto Crescer, realizado em Arapongas (PR), e tem como <a class=\"more-link\" href=\"https:\/\/homolog.harald.com.br\/site-2026\/blog\/harald-e-pennacchi-fortalecem-empreendedorismo-eminino\/\">Read more&#8230;<\/a><\/p>\n","protected":false},"author":14,"featured_media":279067,"comment_status":"closed","ping_status":"closed","sticky":false,"template":"","format":"standard","meta":{"_acf_changed":false,"_uag_custom_page_level_css":"","footnotes":""},"categories":[158],"tags":[],"para-seu-negocio":[],"class_list":["post-279065","post","type-post","status-publish","format-standard","has-post-thumbnail","hentry","category-noticias"],"acf":[],"yoast_head":"<!-- This site is optimized with the Yoast SEO plugin v26.3 - https:\/\/yoast.com\/wordpress\/plugins\/seo\/ -->\n<title>Harald e Pennacchi Fortalecem Empreendedorismo Feminino - Harald<\/title>\n<meta name=\"description\" content=\"Harald e Pennacchi promovem capacita\u00e7\u00e3o em chocolataria no Paran\u00e1 com foco no empreendedorismo feminino e gera\u00e7\u00e3o de renda para m\u00e3es e jovens.\" \/>\n<meta name=\"robots\" content=\"noindex, follow, max-snippet:-1, max-image-preview:large, max-video-preview:-1\" \/>\n<meta property=\"og:locale\" content=\"pt_BR\" \/>\n<meta property=\"og:type\" content=\"article\" \/>\n<meta property=\"og:title\" content=\"Harald e Pennacchi Fortalecem Empreendedorismo Feminino - Harald\" \/>\n<meta property=\"og:description\" content=\"Harald e Pennacchi promovem capacita\u00e7\u00e3o em chocolataria no Paran\u00e1 com foco no empreendedorismo feminino e gera\u00e7\u00e3o de renda para m\u00e3es e jovens.\" \/>\n<meta property=\"og:url\" content=\"https:\/\/homolog.harald.com.br\/site-2026\/blog\/harald-e-pennacchi-fortalecem-empreendedorismo-eminino\/\" \/>\n<meta property=\"og:site_name\" content=\"Harald\" \/>\n<meta property=\"article:publisher\" content=\"https:\/\/www.facebook.com\/HaraldChocolates\/\" \/>\n<meta property=\"article:published_time\" content=\"2025-04-03T18:28:23+00:00\" \/>\n<meta property=\"article:modified_time\" content=\"2025-04-04T18:42:45+00:00\" \/>\n<meta property=\"og:image\" content=\"https:\/\/homolog.harald.com.br\/site-2026\/wp-content\/uploads\/2025\/04\/confectioner-uniform-decorates-cake-scaled.jpg\" \/>\n\t<meta property=\"og:image:width\" content=\"2560\" \/>\n\t<meta property=\"og:image:height\" content=\"1707\" \/>\n\t<meta property=\"og:image:type\" content=\"image\/jpeg\" \/>\n<meta name=\"author\" content=\"Beatriz Oliveira\" \/>\n<meta name=\"twitter:card\" content=\"summary_large_image\" \/>\n<meta name=\"twitter:label1\" content=\"Escrito por\" \/>\n\t<meta name=\"twitter:data1\" content=\"Beatriz Oliveira\" \/>\n\t<meta name=\"twitter:label2\" content=\"Est. tempo de leitura\" \/>\n\t<meta name=\"twitter:data2\" content=\"3 minutos\" \/>\n<script type=\"application\/ld+json\" class=\"yoast-schema-graph\">{\"@context\":\"https:\/\/schema.org\",\"@graph\":[{\"@type\":\"Article\",\"@id\":\"https:\/\/homolog.harald.com.br\/site-2026\/blog\/harald-e-pennacchi-fortalecem-empreendedorismo-eminino\/#article\",\"isPartOf\":{\"@id\":\"https:\/\/homolog.harald.com.br\/site-2026\/blog\/harald-e-pennacchi-fortalecem-empreendedorismo-eminino\/\"},\"author\":{\"name\":\"Beatriz Oliveira\",\"@id\":\"https:\/\/homolog.harald.com.br\/site-2026\/#\/schema\/person\/c71700dd47fb39a337c7f9b89d5e3a00\"},\"headline\":\"Harald e Pennacchi Fortalecem Empreendedorismo Feminino\",\"datePublished\":\"2025-04-03T18:28:23+00:00\",\"dateModified\":\"2025-04-04T18:42:45+00:00\",\"mainEntityOfPage\":{\"@id\":\"https:\/\/homolog.harald.com.br\/site-2026\/blog\/harald-e-pennacchi-fortalecem-empreendedorismo-eminino\/\"},\"wordCount\":306,\"publisher\":{\"@id\":\"https:\/\/homolog.harald.com.br\/site-2026\/#organization\"},\"image\":{\"@id\":\"https:\/\/homolog.harald.com.br\/site-2026\/blog\/harald-e-pennacchi-fortalecem-empreendedorismo-eminino\/#primaryimage\"},\"thumbnailUrl\":\"https:\/\/homolog.harald.com.br\/site-2026\/wp-content\/uploads\/2025\/04\/confectioner-uniform-decorates-cake-scaled.jpg\",\"articleSection\":[\"Not\u00edcias\"],\"inLanguage\":\"pt-BR\"},{\"@type\":\"WebPage\",\"@id\":\"https:\/\/homolog.harald.com.br\/site-2026\/blog\/harald-e-pennacchi-fortalecem-empreendedorismo-eminino\/\",\"url\":\"https:\/\/homolog.harald.com.br\/site-2026\/blog\/harald-e-pennacchi-fortalecem-empreendedorismo-eminino\/\",\"name\":\"Harald e Pennacchi Fortalecem Empreendedorismo Feminino - Harald\",\"isPartOf\":{\"@id\":\"https:\/\/homolog.harald.com.br\/site-2026\/#website\"},\"primaryImageOfPage\":{\"@id\":\"https:\/\/homolog.harald.com.br\/site-2026\/blog\/harald-e-pennacchi-fortalecem-empreendedorismo-eminino\/#primaryimage\"},\"image\":{\"@id\":\"https:\/\/homolog.harald.com.br\/site-2026\/blog\/harald-e-pennacchi-fortalecem-empreendedorismo-eminino\/#primaryimage\"},\"thumbnailUrl\":\"https:\/\/homolog.harald.com.br\/site-2026\/wp-content\/uploads\/2025\/04\/confectioner-uniform-decorates-cake-scaled.jpg\",\"datePublished\":\"2025-04-03T18:28:23+00:00\",\"dateModified\":\"2025-04-04T18:42:45+00:00\",\"description\":\"Harald e Pennacchi promovem capacita\u00e7\u00e3o em chocolataria no Paran\u00e1 com foco no empreendedorismo feminino e gera\u00e7\u00e3o de renda para m\u00e3es e jovens.\",\"breadcrumb\":{\"@id\":\"https:\/\/homolog.harald.com.br\/site-2026\/blog\/harald-e-pennacchi-fortalecem-empreendedorismo-eminino\/#breadcrumb\"},\"inLanguage\":\"pt-BR\",\"potentialAction\":[{\"@type\":\"ReadAction\",\"target\":[\"https:\/\/homolog.harald.com.br\/site-2026\/blog\/harald-e-pennacchi-fortalecem-empreendedorismo-eminino\/\"]}]},{\"@type\":\"ImageObject\",\"inLanguage\":\"pt-BR\",\"@id\":\"https:\/\/homolog.harald.com.br\/site-2026\/blog\/harald-e-pennacchi-fortalecem-empreendedorismo-eminino\/#primaryimage\",\"url\":\"https:\/\/homolog.harald.com.br\/site-2026\/wp-content\/uploads\/2025\/04\/confectioner-uniform-decorates-cake-scaled.jpg\",\"contentUrl\":\"https:\/\/homolog.harald.com.br\/site-2026\/wp-content\/uploads\/2025\/04\/confectioner-uniform-decorates-cake-scaled.jpg\",\"width\":2560,\"height\":1707,\"caption\":\"Confectioner in a kitchen. Woman in a uniform. Professional decorates the cake.\"},{\"@type\":\"BreadcrumbList\",\"@id\":\"https:\/\/homolog.harald.com.br\/site-2026\/blog\/harald-e-pennacchi-fortalecem-empreendedorismo-eminino\/#breadcrumb\",\"itemListElement\":[{\"@type\":\"ListItem\",\"position\":1,\"name\":\"In\u00edcio\",\"item\":\"https:\/\/homolog.harald.com.br\/site-2026\/\"},{\"@type\":\"ListItem\",\"position\":2,\"name\":\"Harald e Pennacchi Fortalecem Empreendedorismo Feminino\"}]},{\"@type\":\"WebSite\",\"@id\":\"https:\/\/homolog.harald.com.br\/site-2026\/#website\",\"url\":\"https:\/\/homolog.harald.com.br\/site-2026\/\",\"name\":\"Harald\",\"description\":\"Fazer melhor \u00e9 fazer com paix\u00e3o\",\"publisher\":{\"@id\":\"https:\/\/homolog.harald.com.br\/site-2026\/#organization\"},\"potentialAction\":[{\"@type\":\"SearchAction\",\"target\":{\"@type\":\"EntryPoint\",\"urlTemplate\":\"https:\/\/homolog.harald.com.br\/site-2026\/?s={search_term_string}\"},\"query-input\":{\"@type\":\"PropertyValueSpecification\",\"valueRequired\":true,\"valueName\":\"search_term_string\"}}],\"inLanguage\":\"pt-BR\"},{\"@type\":\"Organization\",\"@id\":\"https:\/\/homolog.harald.com.br\/site-2026\/#organization\",\"name\":\"Harald\",\"url\":\"https:\/\/homolog.harald.com.br\/site-2026\/\",\"logo\":{\"@type\":\"ImageObject\",\"inLanguage\":\"pt-BR\",\"@id\":\"https:\/\/homolog.harald.com.br\/site-2026\/#\/schema\/logo\/image\/\",\"url\":\"https:\/\/homolog.harald.com.br\/site-2026\/wp-content\/uploads\/2022\/09\/logo-harald-cmyk-ss.png\",\"contentUrl\":\"https:\/\/homolog.harald.com.br\/site-2026\/wp-content\/uploads\/2022\/09\/logo-harald-cmyk-ss.png\",\"width\":1948,\"height\":1051,\"caption\":\"Harald\"},\"image\":{\"@id\":\"https:\/\/homolog.harald.com.br\/site-2026\/#\/schema\/logo\/image\/\"},\"sameAs\":[\"https:\/\/www.facebook.com\/HaraldChocolates\/\",\"https:\/\/www.youtube.com\/user\/HaraldChocolates\"]},{\"@type\":\"Person\",\"@id\":\"https:\/\/homolog.harald.com.br\/site-2026\/#\/schema\/person\/c71700dd47fb39a337c7f9b89d5e3a00\",\"name\":\"Beatriz Oliveira\",\"image\":{\"@type\":\"ImageObject\",\"inLanguage\":\"pt-BR\",\"@id\":\"https:\/\/homolog.harald.com.br\/site-2026\/#\/schema\/person\/image\/\",\"url\":\"https:\/\/secure.gravatar.com\/avatar\/fdc870643b67a6486b6bef59d475b1e7dea17130b70a2178f5716399590234e6?s=96&d=mm&r=g\",\"contentUrl\":\"https:\/\/secure.gravatar.com\/avatar\/fdc870643b67a6486b6bef59d475b1e7dea17130b70a2178f5716399590234e6?s=96&d=mm&r=g\",\"caption\":\"Beatriz Oliveira\"},\"url\":\"https:\/\/homolog.harald.com.br\/site-2026\/blog\/author\/beatriz-oliveira\/\"}]}<\/script>\n<!-- \/ Yoast SEO plugin. -->","yoast_head_json":{"title":"Harald e Pennacchi Fortalecem Empreendedorismo Feminino - Harald","description":"Harald e Pennacchi promovem capacita\u00e7\u00e3o em chocolataria no Paran\u00e1 com foco no empreendedorismo feminino e gera\u00e7\u00e3o de renda para m\u00e3es e jovens.","robots":{"index":"noindex","follow":"follow","max-snippet":"max-snippet:-1","max-image-preview":"max-image-preview:large","max-video-preview":"max-video-preview:-1"},"og_locale":"pt_BR","og_type":"article","og_title":"Harald e Pennacchi Fortalecem Empreendedorismo Feminino - Harald","og_description":"Harald e Pennacchi promovem capacita\u00e7\u00e3o em chocolataria no Paran\u00e1 com foco no empreendedorismo feminino e gera\u00e7\u00e3o de renda para m\u00e3es e jovens.","og_url":"https:\/\/homolog.harald.com.br\/site-2026\/blog\/harald-e-pennacchi-fortalecem-empreendedorismo-eminino\/","og_site_name":"Harald","article_publisher":"https:\/\/www.facebook.com\/HaraldChocolates\/","article_published_time":"2025-04-03T18:28:23+00:00","article_modified_time":"2025-04-04T18:42:45+00:00","og_image":[{"width":2560,"height":1707,"url":"https:\/\/homolog.harald.com.br\/site-2026\/wp-content\/uploads\/2025\/04\/confectioner-uniform-decorates-cake-scaled.jpg","type":"image\/jpeg"}],"author":"Beatriz Oliveira","twitter_card":"summary_large_image","twitter_misc":{"Escrito por":"Beatriz Oliveira","Est. tempo de leitura":"3 minutos"},"schema":{"@context":"https:\/\/schema.org","@graph":[{"@type":"Article","@id":"https:\/\/homolog.harald.com.br\/site-2026\/blog\/harald-e-pennacchi-fortalecem-empreendedorismo-eminino\/#article","isPartOf":{"@id":"https:\/\/homolog.harald.com.br\/site-2026\/blog\/harald-e-pennacchi-fortalecem-empreendedorismo-eminino\/"},"author":{"name":"Beatriz Oliveira","@id":"https:\/\/homolog.harald.com.br\/site-2026\/#\/schema\/person\/c71700dd47fb39a337c7f9b89d5e3a00"},"headline":"Harald e Pennacchi Fortalecem Empreendedorismo Feminino","datePublished":"2025-04-03T18:28:23+00:00","dateModified":"2025-04-04T18:42:45+00:00","mainEntityOfPage":{"@id":"https:\/\/homolog.harald.com.br\/site-2026\/blog\/harald-e-pennacchi-fortalecem-empreendedorismo-eminino\/"},"wordCount":306,"publisher":{"@id":"https:\/\/homolog.harald.com.br\/site-2026\/#organization"},"image":{"@id":"https:\/\/homolog.harald.com.br\/site-2026\/blog\/harald-e-pennacchi-fortalecem-empreendedorismo-eminino\/#primaryimage"},"thumbnailUrl":"https:\/\/homolog.harald.com.br\/site-2026\/wp-content\/uploads\/2025\/04\/confectioner-uniform-decorates-cake-scaled.jpg","articleSection":["Not\u00edcias"],"inLanguage":"pt-BR"},{"@type":"WebPage","@id":"https:\/\/homolog.harald.com.br\/site-2026\/blog\/harald-e-pennacchi-fortalecem-empreendedorismo-eminino\/","url":"https:\/\/homolog.harald.com.br\/site-2026\/blog\/harald-e-pennacchi-fortalecem-empreendedorismo-eminino\/","name":"Harald e Pennacchi Fortalecem Empreendedorismo Feminino - Harald","isPartOf":{"@id":"https:\/\/homolog.harald.com.br\/site-2026\/#website"},"primaryImageOfPage":{"@id":"https:\/\/homolog.harald.com.br\/site-2026\/blog\/harald-e-pennacchi-fortalecem-empreendedorismo-eminino\/#primaryimage"},"image":{"@id":"https:\/\/homolog.harald.com.br\/site-2026\/blog\/harald-e-pennacchi-fortalecem-empreendedorismo-eminino\/#primaryimage"},"thumbnailUrl":"https:\/\/homolog.harald.com.br\/site-2026\/wp-content\/uploads\/2025\/04\/confectioner-uniform-decorates-cake-scaled.jpg","datePublished":"2025-04-03T18:28:23+00:00","dateModified":"2025-04-04T18:42:45+00:00","description":"Harald e Pennacchi promovem capacita\u00e7\u00e3o em chocolataria no Paran\u00e1 com foco no empreendedorismo feminino e gera\u00e7\u00e3o de renda para m\u00e3es e jovens.","breadcrumb":{"@id":"https:\/\/homolog.harald.com.br\/site-2026\/blog\/harald-e-pennacchi-fortalecem-empreendedorismo-eminino\/#breadcrumb"},"inLanguage":"pt-BR","potentialAction":[{"@type":"ReadAction","target":["https:\/\/homolog.harald.com.br\/site-2026\/blog\/harald-e-pennacchi-fortalecem-empreendedorismo-eminino\/"]}]},{"@type":"ImageObject","inLanguage":"pt-BR","@id":"https:\/\/homolog.harald.com.br\/site-2026\/blog\/harald-e-pennacchi-fortalecem-empreendedorismo-eminino\/#primaryimage","url":"https:\/\/homolog.harald.com.br\/site-2026\/wp-content\/uploads\/2025\/04\/confectioner-uniform-decorates-cake-scaled.jpg","contentUrl":"https:\/\/homolog.harald.com.br\/site-2026\/wp-content\/uploads\/2025\/04\/confectioner-uniform-decorates-cake-scaled.jpg","width":2560,"height":1707,"caption":"Confectioner in a kitchen. Woman in a uniform. Professional decorates the cake."},{"@type":"BreadcrumbList","@id":"https:\/\/homolog.harald.com.br\/site-2026\/blog\/harald-e-pennacchi-fortalecem-empreendedorismo-eminino\/#breadcrumb","itemListElement":[{"@type":"ListItem","position":1,"name":"In\u00edcio","item":"https:\/\/homolog.harald.com.br\/site-2026\/"},{"@type":"ListItem","position":2,"name":"Harald e Pennacchi Fortalecem Empreendedorismo Feminino"}]},{"@type":"WebSite","@id":"https:\/\/homolog.harald.com.br\/site-2026\/#website","url":"https:\/\/homolog.harald.com.br\/site-2026\/","name":"Harald","description":"Fazer melhor \u00e9 fazer com paix\u00e3o","publisher":{"@id":"https:\/\/homolog.harald.com.br\/site-2026\/#organization"},"potentialAction":[{"@type":"SearchAction","target":{"@type":"EntryPoint","urlTemplate":"https:\/\/homolog.harald.com.br\/site-2026\/?s={search_term_string}"},"query-input":{"@type":"PropertyValueSpecification","valueRequired":true,"valueName":"search_term_string"}}],"inLanguage":"pt-BR"},{"@type":"Organization","@id":"https:\/\/homolog.harald.com.br\/site-2026\/#organization","name":"Harald","url":"https:\/\/homolog.harald.com.br\/site-2026\/","logo":{"@type":"ImageObject","inLanguage":"pt-BR","@id":"https:\/\/homolog.harald.com.br\/site-2026\/#\/schema\/logo\/image\/","url":"https:\/\/homolog.harald.com.br\/site-2026\/wp-content\/uploads\/2022\/09\/logo-harald-cmyk-ss.png","contentUrl":"https:\/\/homolog.harald.com.br\/site-2026\/wp-content\/uploads\/2022\/09\/logo-harald-cmyk-ss.png","width":1948,"height":1051,"caption":"Harald"},"image":{"@id":"https:\/\/homolog.harald.com.br\/site-2026\/#\/schema\/logo\/image\/"},"sameAs":["https:\/\/www.facebook.com\/HaraldChocolates\/","https:\/\/www.youtube.com\/user\/HaraldChocolates"]},{"@type":"Person","@id":"https:\/\/homolog.harald.com.br\/site-2026\/#\/schema\/person\/c71700dd47fb39a337c7f9b89d5e3a00","name":"Beatriz Oliveira","image":{"@type":"ImageObject","inLanguage":"pt-BR","@id":"https:\/\/homolog.harald.com.br\/site-2026\/#\/schema\/person\/image\/","url":"https:\/\/secure.gravatar.com\/avatar\/fdc870643b67a6486b6bef59d475b1e7dea17130b70a2178f5716399590234e6?s=96&d=mm&r=g","contentUrl":"https:\/\/secure.gravatar.com\/avatar\/fdc870643b67a6486b6bef59d475b1e7dea17130b70a2178f5716399590234e6?s=96&d=mm&r=g","caption":"Beatriz Oliveira"},"url":"https:\/\/homolog.harald.com.br\/site-2026\/blog\/author\/beatriz-oliveira\/"}]}},"uagb_featured_image_src":{"full":["https:\/\/homolog.harald.com.br\/site-2026\/wp-content\/uploads\/2025\/04\/confectioner-uniform-decorates-cake-scaled.jpg",2560,1707,false],"thumbnail":["https:\/\/homolog.harald.com.br\/site-2026\/wp-content\/uploads\/2025\/04\/confectioner-uniform-decorates-cake-150x150.jpg",150,150,true],"medium":["https:\/\/homolog.harald.com.br\/site-2026\/wp-content\/uploads\/2025\/04\/confectioner-uniform-decorates-cake-300x200.jpg",300,200,true],"medium_large":["https:\/\/homolog.harald.com.br\/site-2026\/wp-content\/uploads\/2025\/04\/confectioner-uniform-decorates-cake-768x512.jpg",768,512,true],"large":["https:\/\/homolog.harald.com.br\/site-2026\/wp-content\/uploads\/2025\/04\/confectioner-uniform-decorates-cake-1024x683.jpg",1024,683,true],"1536x1536":["https:\/\/homolog.harald.com.br\/site-2026\/wp-content\/uploads\/2025\/04\/confectioner-uniform-decorates-cake-1536x1024.jpg",1536,1024,true],"2048x2048":["https:\/\/homolog.harald.com.br\/site-2026\/wp-content\/uploads\/2025\/04\/confectioner-uniform-decorates-cake-2048x1365.jpg",2048,1365,true],"full-width":["https:\/\/homolog.harald.com.br\/site-2026\/wp-content\/uploads\/2025\/04\/confectioner-uniform-decorates-cake-scaled.jpg",1620,1080,false],"gform-image-choice-sm":["https:\/\/homolog.harald.com.br\/site-2026\/wp-content\/uploads\/2025\/04\/confectioner-uniform-decorates-cake-scaled.jpg",300,200,false],"gform-image-choice-md":["https:\/\/homolog.harald.com.br\/site-2026\/wp-content\/uploads\/2025\/04\/confectioner-uniform-decorates-cake-scaled.jpg",400,267,false],"gform-image-choice-lg":["https:\/\/homolog.harald.com.br\/site-2026\/wp-content\/uploads\/2025\/04\/confectioner-uniform-decorates-cake-scaled.jpg",600,400,false]},"uagb_author_info":{"display_name":"Beatriz Oliveira","author_link":"https:\/\/homolog.harald.com.br\/site-2026\/blog\/author\/beatriz-oliveira\/"},"uagb_comment_info":0,"uagb_excerpt":"Harald e Pennacchi Fortalecem Empreendedorismo Feminino por meio do Projeto Crescer A Harald, refer\u00eancia no mercado nacional em chocolates para confeitaria, reafirma seu compromisso com o desenvolvimento social ao renovar, pelo oitavo ano consecutivo, a parceria com a distribuidora Pennacchi. A colabora\u00e7\u00e3o acontece por meio do Projeto Crescer, realizado em Arapongas (PR), e tem como&hellip;","_links":{"self":[{"href":"https:\/\/homolog.harald.com.br\/site-2026\/wp-json\/wp\/v2\/posts\/279065","targetHints":{"allow":["GET"]}}],"collection":[{"href":"https:\/\/homolog.harald.com.br\/site-2026\/wp-json\/wp\/v2\/posts"}],"about":[{"href":"https:\/\/homolog.harald.com.br\/site-2026\/wp-json\/wp\/v2\/types\/post"}],"author":[{"embeddable":true,"href":"https:\/\/homolog.harald.com.br\/site-2026\/wp-json\/wp\/v2\/users\/14"}],"replies":[{"embeddable":true,"href":"https:\/\/homolog.harald.com.br\/site-2026\/wp-json\/wp\/v2\/comments?post=279065"}],"version-history":[{"count":2,"href":"https:\/\/homolog.harald.com.br\/site-2026\/wp-json\/wp\/v2\/posts\/279065\/revisions"}],"predecessor-version":[{"id":279071,"href":"https:\/\/homolog.harald.com.br\/site-2026\/wp-json\/wp\/v2\/posts\/279065\/revisions\/279071"}],"wp:featuredmedia":[{"embeddable":true,"href":"https:\/\/homolog.harald.com.br\/site-2026\/wp-json\/wp\/v2\/media\/279067"}],"wp:attachment":[{"href":"https:\/\/homolog.harald.com.br\/site-2026\/wp-json\/wp\/v2\/media?parent=279065"}],"wp:term":[{"taxonomy":"category","embeddable":true,"href":"https:\/\/homolog.harald.com.br\/site-2026\/wp-json\/wp\/v2\/categories?post=279065"},{"taxonomy":"post_tag","embeddable":true,"href":"https:\/\/homolog.harald.com.br\/site-2026\/wp-json\/wp\/v2\/tags?post=279065"},{"taxonomy":"para-seu-negocio","embeddable":true,"href":"https:\/\/homolog.harald.com.br\/site-2026\/wp-json\/wp\/v2\/para-seu-negocio?post=279065"}],"curies":[{"name":"wp","href":"https:\/\/api.w.org\/{rel}","templated":true}]}}