{"id":255145,"date":"2025-02-13T16:47:46","date_gmt":"2025-02-13T19:47:46","guid":{"rendered":"https:\/\/homolog.harald.com.br\/site-2026\/?p=255145"},"modified":"2025-02-25T16:15:27","modified_gmt":"2025-02-25T19:15:27","slug":"empreendedorismo-no-ponto-de-venda-capacitacao-no-pdv","status":"publish","type":"post","link":"https:\/\/homolog.harald.com.br\/site-2026\/blog\/empreendedorismo-no-ponto-de-venda-capacitacao-no-pdv\/","title":{"rendered":"Empreendedorismo no Ponto de Venda: Capacita\u00e7\u00e3o nos PDVs!"},"content":{"rendered":"<h3 data-pm-slice=\"1 1 []\"><strong>Empreendedorismo no Ponto de Venda: Capacita\u00e7\u00e3o de Consumidores Impulsiona o Crescimento no Setor de Confeitaria<\/strong><\/h3>\n<p data-pm-slice=\"1 1 []\">Harald capacitou mais de 44 mil pessoas em treinamentos no PDV em 2024 e projeta ampliar seu impacto com iniciativas pr\u00e1ticas e acess\u00edveis em 2025<\/p>\n<p>A capacita\u00e7\u00e3o profissional tem se mostrado um diferencial essencial para empreendedores que desejam crescer no setor de confeitaria. Por isso, a Harald, l\u00edder em coberturas e chocolates para o mercado profissional, investe continuamente em treinamentos no ponto de venda (PDV), proporcionando conhecimento pr\u00e1tico e acess\u00edvel a quem busca aperfei\u00e7oar suas t\u00e9cnicas e alavancar seus neg\u00f3cios.<\/p>\n<p><img loading=\"lazy\" decoding=\"async\" class=\"aligncenter wp-image-255153 \" src=\"https:\/\/homolog.harald.com.br\/site-2026\/wp-content\/uploads\/2025\/02\/12024817-240909-harjpg.jpg\" alt=\"Empreendedorismo no Ponto de venda\" width=\"543\" height=\"362\" srcset=\"https:\/\/homolog.harald.com.br\/site-2026\/wp-content\/uploads\/2025\/02\/12024817-240909-harjpg.jpg 945w, https:\/\/homolog.harald.com.br\/site-2026\/wp-content\/uploads\/2025\/02\/12024817-240909-harjpg-300x200.jpg 300w, https:\/\/homolog.harald.com.br\/site-2026\/wp-content\/uploads\/2025\/02\/12024817-240909-harjpg-768x512.jpg 768w\" sizes=\"auto, (max-width: 543px) 100vw, 543px\" \/><\/p>\n<h3><strong>Treinamentos Pr\u00e1ticos para Impulsionar Neg\u00f3cios<\/strong><\/h3>\n<p>De acordo com <strong>Mauro Degraf<\/strong>, diretor comercial da Harald, o aprendizado pr\u00e1tico \u00e9 fundamental para o sucesso na confeitaria. \u201cEssa \u00e9 uma atividade que exige t\u00e9cnica, criatividade e boa gest\u00e3o. Nossos treinamentos no PDV capacitam os participantes em temas essenciais, desde o manuseio correto de coberturas e chocolates at\u00e9 no\u00e7\u00f5es de card\u00e1pio, precifica\u00e7\u00e3o, armazenamento e controle de estoque. Com isso, ajudamos a profissionalizar os neg\u00f3cios e a impulsionar as vendas\u201d, explica.<\/p>\n<p>Os cursos s\u00e3o desenvolvidos para atender \u00e0s demandas reais do mercado. \u201cMais do que ensinar t\u00e9cnicas, mostramos como aplic\u00e1-las comercialmente. Os participantes aprendem a criar produtos alinhados \u00e0s tend\u00eancias, valorizando suas cria\u00e7\u00f5es com apresenta\u00e7\u00f5es criativas e embalagens personalizadas\u201d, ressalta Degraf.<\/p>\n<h3><strong>Solu\u00e7\u00f5es Pr\u00e1ticas e Rent\u00e1veis<\/strong><\/h3>\n<p>Os treinamentos que impulsionam o empreendedorismo no ponto de venda tamb\u00e9m incentivam o uso de solu\u00e7\u00f5es eficientes, como a linha de coberturas TOP da Harald. \u201cAl\u00e9m de serem alternativas econ\u00f4micas ao chocolate, as coberturas garantem praticidade no processo produtivo. Isso \u00e9 ideal para quem est\u00e1 come\u00e7ando e precisa equilibrar qualidade e custos, criando produtos atrativos e competitivos desde o in\u00edcio da jornada empreendedora\u201d, destaca o diretor.<\/p>\n<p>Al\u00e9m das t\u00e9cnicas de produ\u00e7\u00e3o, os cursos abrangem temas como precifica\u00e7\u00e3o, marketing digital e estrat\u00e9gias para aumentar o ticket m\u00e9dio. \u201cNosso objetivo \u00e9 oferecer uma capacita\u00e7\u00e3o completa, ajudando os empreendedores a crescer de forma sustent\u00e1vel e planejada\u201d, refor\u00e7a Degraf.<\/p>\n<h3><strong>Impacto e Expans\u00e3o para 2025<\/strong><\/h3>\n<p>Em 2024, a Harald realizou mais de 900 cursos de capacita\u00e7\u00e3o, impactando diretamente mais de 44 mil pessoas. Aproximadamente 40% das atividades foram concentradas no per\u00edodo da P\u00e1scoa, um dos momentos mais estrat\u00e9gicos do ano para o setor de confeitaria.<\/p>\n<p>E ent\u00e3o, para 2025, a marca planeja intensificar sua agenda de treinamentos, ampliando o alcance dessas iniciativas e refor\u00e7ando seu compromisso com o desenvolvimento de empreendedores em todo o Brasil.<\/p>\n<h3><strong>Conhe\u00e7a a <a href=\"https:\/\/homolog.harald.com.br\/site-2026\/\">Harald<\/a><\/strong><\/h3>\n<p>L\u00edder em chocolate e cobertura para o mercado de confeitaria, a Harald \u00e9 refer\u00eancia no setor. Al\u00e9m disso, seu portf\u00f3lio inclui as marcas Unique, Melken, Inovare, TOP e Confeiteiro. Sobretudo, a empresa fundada em 1982, faz parte, desde 2015, do grupo japon\u00eas Fuji Oil, consolidando-se como uma das principais fornecedoras de chocolates para transforma\u00e7\u00e3o no Brasil.<\/p>\n<p>Assim, com iniciativas como os treinamentos no PDV, a Harald reafirma seu compromisso em capacitar confeiteiros e fortalecer o mercado de confeitaria no pa\u00eds.<\/p>\n","protected":false},"excerpt":{"rendered":"<p>Empreendedorismo no Ponto de Venda: Capacita\u00e7\u00e3o de Consumidores Impulsiona o Crescimento no Setor de Confeitaria Harald capacitou mais de 44 mil pessoas em treinamentos no PDV em 2024 e projeta ampliar seu impacto com iniciativas pr\u00e1ticas e acess\u00edveis em 2025 A capacita\u00e7\u00e3o profissional tem se mostrado um diferencial essencial para empreendedores que desejam crescer no <a class=\"more-link\" href=\"https:\/\/homolog.harald.com.br\/site-2026\/blog\/empreendedorismo-no-ponto-de-venda-capacitacao-no-pdv\/\">Read more&#8230;<\/a><\/p>\n","protected":false},"author":14,"featured_media":255153,"comment_status":"closed","ping_status":"closed","sticky":false,"template":"","format":"standard","meta":{"_acf_changed":false,"_uag_custom_page_level_css":"","footnotes":""},"categories":[158],"tags":[],"para-seu-negocio":[],"class_list":["post-255145","post","type-post","status-publish","format-standard","has-post-thumbnail","hentry","category-noticias"],"acf":[],"yoast_head":"<!-- This site is optimized with the Yoast SEO plugin v26.3 - https:\/\/yoast.com\/wordpress\/plugins\/seo\/ -->\n<title>Empreendedorismo no Ponto de Venda: Capacita\u00e7\u00e3o nos PDVs! - Harald<\/title>\n<meta name=\"description\" content=\"Empreendedorismo no Ponto de Venda, a Harald capacitou mais de 44 mil pessoas em 2024 com treinamentos no PDV. Em 2025, busca superar n\u00famero!\" \/>\n<meta name=\"robots\" content=\"noindex, follow, max-snippet:-1, max-image-preview:large, max-video-preview:-1\" \/>\n<meta property=\"og:locale\" content=\"pt_BR\" \/>\n<meta property=\"og:type\" content=\"article\" \/>\n<meta property=\"og:title\" content=\"Empreendedorismo no Ponto de Venda: Capacita\u00e7\u00e3o nos PDVs! - Harald\" \/>\n<meta property=\"og:description\" content=\"Empreendedorismo no Ponto de Venda, a Harald capacitou mais de 44 mil pessoas em 2024 com treinamentos no PDV. Em 2025, busca superar n\u00famero!\" \/>\n<meta property=\"og:url\" content=\"https:\/\/homolog.harald.com.br\/site-2026\/blog\/empreendedorismo-no-ponto-de-venda-capacitacao-no-pdv\/\" \/>\n<meta property=\"og:site_name\" content=\"Harald\" \/>\n<meta property=\"article:publisher\" content=\"https:\/\/www.facebook.com\/HaraldChocolates\/\" \/>\n<meta property=\"article:published_time\" content=\"2025-02-13T19:47:46+00:00\" \/>\n<meta property=\"article:modified_time\" content=\"2025-02-25T19:15:27+00:00\" \/>\n<meta property=\"og:image\" content=\"https:\/\/homolog.harald.com.br\/site-2026\/wp-content\/uploads\/2025\/02\/12024817-240909-harjpg.jpg\" \/>\n\t<meta property=\"og:image:width\" content=\"945\" \/>\n\t<meta property=\"og:image:height\" content=\"630\" \/>\n\t<meta property=\"og:image:type\" content=\"image\/jpeg\" \/>\n<meta name=\"author\" content=\"Beatriz Oliveira\" \/>\n<meta name=\"twitter:card\" content=\"summary_large_image\" \/>\n<meta name=\"twitter:label1\" content=\"Escrito por\" \/>\n\t<meta name=\"twitter:data1\" content=\"Beatriz Oliveira\" \/>\n\t<meta name=\"twitter:label2\" content=\"Est. tempo de leitura\" \/>\n\t<meta name=\"twitter:data2\" content=\"4 minutos\" \/>\n<script type=\"application\/ld+json\" class=\"yoast-schema-graph\">{\"@context\":\"https:\/\/schema.org\",\"@graph\":[{\"@type\":\"Article\",\"@id\":\"https:\/\/homolog.harald.com.br\/site-2026\/blog\/empreendedorismo-no-ponto-de-venda-capacitacao-no-pdv\/#article\",\"isPartOf\":{\"@id\":\"https:\/\/homolog.harald.com.br\/site-2026\/blog\/empreendedorismo-no-ponto-de-venda-capacitacao-no-pdv\/\"},\"author\":{\"name\":\"Beatriz Oliveira\",\"@id\":\"https:\/\/homolog.harald.com.br\/site-2026\/#\/schema\/person\/c71700dd47fb39a337c7f9b89d5e3a00\"},\"headline\":\"Empreendedorismo no Ponto de Venda: Capacita\u00e7\u00e3o nos PDVs!\",\"datePublished\":\"2025-02-13T19:47:46+00:00\",\"dateModified\":\"2025-02-25T19:15:27+00:00\",\"mainEntityOfPage\":{\"@id\":\"https:\/\/homolog.harald.com.br\/site-2026\/blog\/empreendedorismo-no-ponto-de-venda-capacitacao-no-pdv\/\"},\"wordCount\":529,\"publisher\":{\"@id\":\"https:\/\/homolog.harald.com.br\/site-2026\/#organization\"},\"image\":{\"@id\":\"https:\/\/homolog.harald.com.br\/site-2026\/blog\/empreendedorismo-no-ponto-de-venda-capacitacao-no-pdv\/#primaryimage\"},\"thumbnailUrl\":\"https:\/\/homolog.harald.com.br\/site-2026\/wp-content\/uploads\/2025\/02\/12024817-240909-harjpg.jpg\",\"articleSection\":[\"Not\u00edcias\"],\"inLanguage\":\"pt-BR\"},{\"@type\":\"WebPage\",\"@id\":\"https:\/\/homolog.harald.com.br\/site-2026\/blog\/empreendedorismo-no-ponto-de-venda-capacitacao-no-pdv\/\",\"url\":\"https:\/\/homolog.harald.com.br\/site-2026\/blog\/empreendedorismo-no-ponto-de-venda-capacitacao-no-pdv\/\",\"name\":\"Empreendedorismo no Ponto de Venda: Capacita\u00e7\u00e3o nos PDVs! - Harald\",\"isPartOf\":{\"@id\":\"https:\/\/homolog.harald.com.br\/site-2026\/#website\"},\"primaryImageOfPage\":{\"@id\":\"https:\/\/homolog.harald.com.br\/site-2026\/blog\/empreendedorismo-no-ponto-de-venda-capacitacao-no-pdv\/#primaryimage\"},\"image\":{\"@id\":\"https:\/\/homolog.harald.com.br\/site-2026\/blog\/empreendedorismo-no-ponto-de-venda-capacitacao-no-pdv\/#primaryimage\"},\"thumbnailUrl\":\"https:\/\/homolog.harald.com.br\/site-2026\/wp-content\/uploads\/2025\/02\/12024817-240909-harjpg.jpg\",\"datePublished\":\"2025-02-13T19:47:46+00:00\",\"dateModified\":\"2025-02-25T19:15:27+00:00\",\"description\":\"Empreendedorismo no Ponto de Venda, a Harald capacitou mais de 44 mil pessoas em 2024 com treinamentos no PDV. Em 2025, busca superar n\u00famero!\",\"breadcrumb\":{\"@id\":\"https:\/\/homolog.harald.com.br\/site-2026\/blog\/empreendedorismo-no-ponto-de-venda-capacitacao-no-pdv\/#breadcrumb\"},\"inLanguage\":\"pt-BR\",\"potentialAction\":[{\"@type\":\"ReadAction\",\"target\":[\"https:\/\/homolog.harald.com.br\/site-2026\/blog\/empreendedorismo-no-ponto-de-venda-capacitacao-no-pdv\/\"]}]},{\"@type\":\"ImageObject\",\"inLanguage\":\"pt-BR\",\"@id\":\"https:\/\/homolog.harald.com.br\/site-2026\/blog\/empreendedorismo-no-ponto-de-venda-capacitacao-no-pdv\/#primaryimage\",\"url\":\"https:\/\/homolog.harald.com.br\/site-2026\/wp-content\/uploads\/2025\/02\/12024817-240909-harjpg.jpg\",\"contentUrl\":\"https:\/\/homolog.harald.com.br\/site-2026\/wp-content\/uploads\/2025\/02\/12024817-240909-harjpg.jpg\",\"width\":945,\"height\":630,\"caption\":\"Empreendedorismo no Ponto de venda\"},{\"@type\":\"BreadcrumbList\",\"@id\":\"https:\/\/homolog.harald.com.br\/site-2026\/blog\/empreendedorismo-no-ponto-de-venda-capacitacao-no-pdv\/#breadcrumb\",\"itemListElement\":[{\"@type\":\"ListItem\",\"position\":1,\"name\":\"In\u00edcio\",\"item\":\"https:\/\/homolog.harald.com.br\/site-2026\/\"},{\"@type\":\"ListItem\",\"position\":2,\"name\":\"Empreendedorismo no Ponto de Venda: Capacita\u00e7\u00e3o nos PDVs!\"}]},{\"@type\":\"WebSite\",\"@id\":\"https:\/\/homolog.harald.com.br\/site-2026\/#website\",\"url\":\"https:\/\/homolog.harald.com.br\/site-2026\/\",\"name\":\"Harald\",\"description\":\"Fazer melhor \u00e9 fazer com paix\u00e3o\",\"publisher\":{\"@id\":\"https:\/\/homolog.harald.com.br\/site-2026\/#organization\"},\"potentialAction\":[{\"@type\":\"SearchAction\",\"target\":{\"@type\":\"EntryPoint\",\"urlTemplate\":\"https:\/\/homolog.harald.com.br\/site-2026\/?s={search_term_string}\"},\"query-input\":{\"@type\":\"PropertyValueSpecification\",\"valueRequired\":true,\"valueName\":\"search_term_string\"}}],\"inLanguage\":\"pt-BR\"},{\"@type\":\"Organization\",\"@id\":\"https:\/\/homolog.harald.com.br\/site-2026\/#organization\",\"name\":\"Harald\",\"url\":\"https:\/\/homolog.harald.com.br\/site-2026\/\",\"logo\":{\"@type\":\"ImageObject\",\"inLanguage\":\"pt-BR\",\"@id\":\"https:\/\/homolog.harald.com.br\/site-2026\/#\/schema\/logo\/image\/\",\"url\":\"https:\/\/homolog.harald.com.br\/site-2026\/wp-content\/uploads\/2022\/09\/logo-harald-cmyk-ss.png\",\"contentUrl\":\"https:\/\/homolog.harald.com.br\/site-2026\/wp-content\/uploads\/2022\/09\/logo-harald-cmyk-ss.png\",\"width\":1948,\"height\":1051,\"caption\":\"Harald\"},\"image\":{\"@id\":\"https:\/\/homolog.harald.com.br\/site-2026\/#\/schema\/logo\/image\/\"},\"sameAs\":[\"https:\/\/www.facebook.com\/HaraldChocolates\/\",\"https:\/\/www.youtube.com\/user\/HaraldChocolates\"]},{\"@type\":\"Person\",\"@id\":\"https:\/\/homolog.harald.com.br\/site-2026\/#\/schema\/person\/c71700dd47fb39a337c7f9b89d5e3a00\",\"name\":\"Beatriz Oliveira\",\"image\":{\"@type\":\"ImageObject\",\"inLanguage\":\"pt-BR\",\"@id\":\"https:\/\/homolog.harald.com.br\/site-2026\/#\/schema\/person\/image\/\",\"url\":\"https:\/\/secure.gravatar.com\/avatar\/fdc870643b67a6486b6bef59d475b1e7dea17130b70a2178f5716399590234e6?s=96&d=mm&r=g\",\"contentUrl\":\"https:\/\/secure.gravatar.com\/avatar\/fdc870643b67a6486b6bef59d475b1e7dea17130b70a2178f5716399590234e6?s=96&d=mm&r=g\",\"caption\":\"Beatriz Oliveira\"},\"url\":\"https:\/\/homolog.harald.com.br\/site-2026\/blog\/author\/beatriz-oliveira\/\"}]}<\/script>\n<!-- \/ Yoast SEO plugin. -->","yoast_head_json":{"title":"Empreendedorismo no Ponto de Venda: Capacita\u00e7\u00e3o nos PDVs! - Harald","description":"Empreendedorismo no Ponto de Venda, a Harald capacitou mais de 44 mil pessoas em 2024 com treinamentos no PDV. Em 2025, busca superar n\u00famero!","robots":{"index":"noindex","follow":"follow","max-snippet":"max-snippet:-1","max-image-preview":"max-image-preview:large","max-video-preview":"max-video-preview:-1"},"og_locale":"pt_BR","og_type":"article","og_title":"Empreendedorismo no Ponto de Venda: Capacita\u00e7\u00e3o nos PDVs! - Harald","og_description":"Empreendedorismo no Ponto de Venda, a Harald capacitou mais de 44 mil pessoas em 2024 com treinamentos no PDV. Em 2025, busca superar n\u00famero!","og_url":"https:\/\/homolog.harald.com.br\/site-2026\/blog\/empreendedorismo-no-ponto-de-venda-capacitacao-no-pdv\/","og_site_name":"Harald","article_publisher":"https:\/\/www.facebook.com\/HaraldChocolates\/","article_published_time":"2025-02-13T19:47:46+00:00","article_modified_time":"2025-02-25T19:15:27+00:00","og_image":[{"width":945,"height":630,"url":"https:\/\/homolog.harald.com.br\/site-2026\/wp-content\/uploads\/2025\/02\/12024817-240909-harjpg.jpg","type":"image\/jpeg"}],"author":"Beatriz Oliveira","twitter_card":"summary_large_image","twitter_misc":{"Escrito por":"Beatriz Oliveira","Est. tempo de leitura":"4 minutos"},"schema":{"@context":"https:\/\/schema.org","@graph":[{"@type":"Article","@id":"https:\/\/homolog.harald.com.br\/site-2026\/blog\/empreendedorismo-no-ponto-de-venda-capacitacao-no-pdv\/#article","isPartOf":{"@id":"https:\/\/homolog.harald.com.br\/site-2026\/blog\/empreendedorismo-no-ponto-de-venda-capacitacao-no-pdv\/"},"author":{"name":"Beatriz Oliveira","@id":"https:\/\/homolog.harald.com.br\/site-2026\/#\/schema\/person\/c71700dd47fb39a337c7f9b89d5e3a00"},"headline":"Empreendedorismo no Ponto de Venda: Capacita\u00e7\u00e3o nos PDVs!","datePublished":"2025-02-13T19:47:46+00:00","dateModified":"2025-02-25T19:15:27+00:00","mainEntityOfPage":{"@id":"https:\/\/homolog.harald.com.br\/site-2026\/blog\/empreendedorismo-no-ponto-de-venda-capacitacao-no-pdv\/"},"wordCount":529,"publisher":{"@id":"https:\/\/homolog.harald.com.br\/site-2026\/#organization"},"image":{"@id":"https:\/\/homolog.harald.com.br\/site-2026\/blog\/empreendedorismo-no-ponto-de-venda-capacitacao-no-pdv\/#primaryimage"},"thumbnailUrl":"https:\/\/homolog.harald.com.br\/site-2026\/wp-content\/uploads\/2025\/02\/12024817-240909-harjpg.jpg","articleSection":["Not\u00edcias"],"inLanguage":"pt-BR"},{"@type":"WebPage","@id":"https:\/\/homolog.harald.com.br\/site-2026\/blog\/empreendedorismo-no-ponto-de-venda-capacitacao-no-pdv\/","url":"https:\/\/homolog.harald.com.br\/site-2026\/blog\/empreendedorismo-no-ponto-de-venda-capacitacao-no-pdv\/","name":"Empreendedorismo no Ponto de Venda: Capacita\u00e7\u00e3o nos PDVs! - Harald","isPartOf":{"@id":"https:\/\/homolog.harald.com.br\/site-2026\/#website"},"primaryImageOfPage":{"@id":"https:\/\/homolog.harald.com.br\/site-2026\/blog\/empreendedorismo-no-ponto-de-venda-capacitacao-no-pdv\/#primaryimage"},"image":{"@id":"https:\/\/homolog.harald.com.br\/site-2026\/blog\/empreendedorismo-no-ponto-de-venda-capacitacao-no-pdv\/#primaryimage"},"thumbnailUrl":"https:\/\/homolog.harald.com.br\/site-2026\/wp-content\/uploads\/2025\/02\/12024817-240909-harjpg.jpg","datePublished":"2025-02-13T19:47:46+00:00","dateModified":"2025-02-25T19:15:27+00:00","description":"Empreendedorismo no Ponto de Venda, a Harald capacitou mais de 44 mil pessoas em 2024 com treinamentos no PDV. Em 2025, busca superar n\u00famero!","breadcrumb":{"@id":"https:\/\/homolog.harald.com.br\/site-2026\/blog\/empreendedorismo-no-ponto-de-venda-capacitacao-no-pdv\/#breadcrumb"},"inLanguage":"pt-BR","potentialAction":[{"@type":"ReadAction","target":["https:\/\/homolog.harald.com.br\/site-2026\/blog\/empreendedorismo-no-ponto-de-venda-capacitacao-no-pdv\/"]}]},{"@type":"ImageObject","inLanguage":"pt-BR","@id":"https:\/\/homolog.harald.com.br\/site-2026\/blog\/empreendedorismo-no-ponto-de-venda-capacitacao-no-pdv\/#primaryimage","url":"https:\/\/homolog.harald.com.br\/site-2026\/wp-content\/uploads\/2025\/02\/12024817-240909-harjpg.jpg","contentUrl":"https:\/\/homolog.harald.com.br\/site-2026\/wp-content\/uploads\/2025\/02\/12024817-240909-harjpg.jpg","width":945,"height":630,"caption":"Empreendedorismo no Ponto de venda"},{"@type":"BreadcrumbList","@id":"https:\/\/homolog.harald.com.br\/site-2026\/blog\/empreendedorismo-no-ponto-de-venda-capacitacao-no-pdv\/#breadcrumb","itemListElement":[{"@type":"ListItem","position":1,"name":"In\u00edcio","item":"https:\/\/homolog.harald.com.br\/site-2026\/"},{"@type":"ListItem","position":2,"name":"Empreendedorismo no Ponto de Venda: Capacita\u00e7\u00e3o nos PDVs!"}]},{"@type":"WebSite","@id":"https:\/\/homolog.harald.com.br\/site-2026\/#website","url":"https:\/\/homolog.harald.com.br\/site-2026\/","name":"Harald","description":"Fazer melhor \u00e9 fazer com paix\u00e3o","publisher":{"@id":"https:\/\/homolog.harald.com.br\/site-2026\/#organization"},"potentialAction":[{"@type":"SearchAction","target":{"@type":"EntryPoint","urlTemplate":"https:\/\/homolog.harald.com.br\/site-2026\/?s={search_term_string}"},"query-input":{"@type":"PropertyValueSpecification","valueRequired":true,"valueName":"search_term_string"}}],"inLanguage":"pt-BR"},{"@type":"Organization","@id":"https:\/\/homolog.harald.com.br\/site-2026\/#organization","name":"Harald","url":"https:\/\/homolog.harald.com.br\/site-2026\/","logo":{"@type":"ImageObject","inLanguage":"pt-BR","@id":"https:\/\/homolog.harald.com.br\/site-2026\/#\/schema\/logo\/image\/","url":"https:\/\/homolog.harald.com.br\/site-2026\/wp-content\/uploads\/2022\/09\/logo-harald-cmyk-ss.png","contentUrl":"https:\/\/homolog.harald.com.br\/site-2026\/wp-content\/uploads\/2022\/09\/logo-harald-cmyk-ss.png","width":1948,"height":1051,"caption":"Harald"},"image":{"@id":"https:\/\/homolog.harald.com.br\/site-2026\/#\/schema\/logo\/image\/"},"sameAs":["https:\/\/www.facebook.com\/HaraldChocolates\/","https:\/\/www.youtube.com\/user\/HaraldChocolates"]},{"@type":"Person","@id":"https:\/\/homolog.harald.com.br\/site-2026\/#\/schema\/person\/c71700dd47fb39a337c7f9b89d5e3a00","name":"Beatriz Oliveira","image":{"@type":"ImageObject","inLanguage":"pt-BR","@id":"https:\/\/homolog.harald.com.br\/site-2026\/#\/schema\/person\/image\/","url":"https:\/\/secure.gravatar.com\/avatar\/fdc870643b67a6486b6bef59d475b1e7dea17130b70a2178f5716399590234e6?s=96&d=mm&r=g","contentUrl":"https:\/\/secure.gravatar.com\/avatar\/fdc870643b67a6486b6bef59d475b1e7dea17130b70a2178f5716399590234e6?s=96&d=mm&r=g","caption":"Beatriz Oliveira"},"url":"https:\/\/homolog.harald.com.br\/site-2026\/blog\/author\/beatriz-oliveira\/"}]}},"uagb_featured_image_src":{"full":["https:\/\/homolog.harald.com.br\/site-2026\/wp-content\/uploads\/2025\/02\/12024817-240909-harjpg.jpg",945,630,false],"thumbnail":["https:\/\/homolog.harald.com.br\/site-2026\/wp-content\/uploads\/2025\/02\/12024817-240909-harjpg-150x150.jpg",150,150,true],"medium":["https:\/\/homolog.harald.com.br\/site-2026\/wp-content\/uploads\/2025\/02\/12024817-240909-harjpg-300x200.jpg",300,200,true],"medium_large":["https:\/\/homolog.harald.com.br\/site-2026\/wp-content\/uploads\/2025\/02\/12024817-240909-harjpg-768x512.jpg",768,512,true],"large":["https:\/\/homolog.harald.com.br\/site-2026\/wp-content\/uploads\/2025\/02\/12024817-240909-harjpg.jpg",945,630,false],"1536x1536":["https:\/\/homolog.harald.com.br\/site-2026\/wp-content\/uploads\/2025\/02\/12024817-240909-harjpg.jpg",945,630,false],"2048x2048":["https:\/\/homolog.harald.com.br\/site-2026\/wp-content\/uploads\/2025\/02\/12024817-240909-harjpg.jpg",945,630,false],"full-width":["https:\/\/homolog.harald.com.br\/site-2026\/wp-content\/uploads\/2025\/02\/12024817-240909-harjpg.jpg",945,630,false],"gform-image-choice-sm":["https:\/\/homolog.harald.com.br\/site-2026\/wp-content\/uploads\/2025\/02\/12024817-240909-harjpg.jpg",300,200,false],"gform-image-choice-md":["https:\/\/homolog.harald.com.br\/site-2026\/wp-content\/uploads\/2025\/02\/12024817-240909-harjpg.jpg",400,267,false],"gform-image-choice-lg":["https:\/\/homolog.harald.com.br\/site-2026\/wp-content\/uploads\/2025\/02\/12024817-240909-harjpg.jpg",600,400,false]},"uagb_author_info":{"display_name":"Beatriz Oliveira","author_link":"https:\/\/homolog.harald.com.br\/site-2026\/blog\/author\/beatriz-oliveira\/"},"uagb_comment_info":0,"uagb_excerpt":"Empreendedorismo no Ponto de Venda: Capacita\u00e7\u00e3o de Consumidores Impulsiona o Crescimento no Setor de Confeitaria Harald capacitou mais de 44 mil pessoas em treinamentos no PDV em 2024 e projeta ampliar seu impacto com iniciativas pr\u00e1ticas e acess\u00edveis em 2025 A capacita\u00e7\u00e3o profissional tem se mostrado um diferencial essencial para empreendedores que desejam crescer no&hellip;","_links":{"self":[{"href":"https:\/\/homolog.harald.com.br\/site-2026\/wp-json\/wp\/v2\/posts\/255145","targetHints":{"allow":["GET"]}}],"collection":[{"href":"https:\/\/homolog.harald.com.br\/site-2026\/wp-json\/wp\/v2\/posts"}],"about":[{"href":"https:\/\/homolog.harald.com.br\/site-2026\/wp-json\/wp\/v2\/types\/post"}],"author":[{"embeddable":true,"href":"https:\/\/homolog.harald.com.br\/site-2026\/wp-json\/wp\/v2\/users\/14"}],"replies":[{"embeddable":true,"href":"https:\/\/homolog.harald.com.br\/site-2026\/wp-json\/wp\/v2\/comments?post=255145"}],"version-history":[{"count":6,"href":"https:\/\/homolog.harald.com.br\/site-2026\/wp-json\/wp\/v2\/posts\/255145\/revisions"}],"predecessor-version":[{"id":259141,"href":"https:\/\/homolog.harald.com.br\/site-2026\/wp-json\/wp\/v2\/posts\/255145\/revisions\/259141"}],"wp:featuredmedia":[{"embeddable":true,"href":"https:\/\/homolog.harald.com.br\/site-2026\/wp-json\/wp\/v2\/media\/255153"}],"wp:attachment":[{"href":"https:\/\/homolog.harald.com.br\/site-2026\/wp-json\/wp\/v2\/media?parent=255145"}],"wp:term":[{"taxonomy":"category","embeddable":true,"href":"https:\/\/homolog.harald.com.br\/site-2026\/wp-json\/wp\/v2\/categories?post=255145"},{"taxonomy":"post_tag","embeddable":true,"href":"https:\/\/homolog.harald.com.br\/site-2026\/wp-json\/wp\/v2\/tags?post=255145"},{"taxonomy":"para-seu-negocio","embeddable":true,"href":"https:\/\/homolog.harald.com.br\/site-2026\/wp-json\/wp\/v2\/para-seu-negocio?post=255145"}],"curies":[{"name":"wp","href":"https:\/\/api.w.org\/{rel}","templated":true}]}}