{"id":250577,"date":"2025-01-14T10:47:28","date_gmt":"2025-01-14T13:47:28","guid":{"rendered":"https:\/\/homolog.harald.com.br\/site-2026\/?p=239877"},"modified":"2025-02-09T16:45:23","modified_gmt":"2025-02-09T19:45:23","slug":"brigadeiro-e-cupcake-colorido-sobremesa-para-as-ferias","status":"publish","type":"post","link":"https:\/\/homolog.harald.com.br\/site-2026\/blog\/brigadeiro-e-cupcake-colorido-sobremesa-para-as-ferias\/","title":{"rendered":"Brigadeiro e Cupcake Colorido: Sobremesa para as F\u00e9rias"},"content":{"rendered":"<h3>Brigadeiro Banhado de Colher e Cupcake Colorido: Sobremesas Divertidas para as F\u00e9rias<\/h3>\n<p>Janeiro \u00e9 o m\u00eas perfeito para curtir momentos em fam\u00edlia, e o <strong>Brigadeiro Banhado de Colher<\/strong> e o <strong>Cupcake Colorido<\/strong> s\u00e3o op\u00e7\u00f5es irresist\u00edveis. Assim, essas sobremesas, que combinam o tradicional sabor do brigadeiro com o toque criativo do <strong>Granulado Colorido Confeiteiro da Harald<\/strong>, prometem ado\u00e7ar os dias de descanso com muita divers\u00e3o.<\/p>\n<p>Essas receitas s\u00e3o f\u00e1ceis de preparar, coloridas e agradam tanto crian\u00e7as quanto adultos, tornando-se ideais para quem deseja incluir um toque especial nas f\u00e9rias.<\/p>\n<p><img loading=\"lazy\" decoding=\"async\" class=\"aligncenter wp-image-239884 \" src=\"https:\/\/homolog.harald.com.br\/site-2026\/wp-content\/uploads\/2025\/01\/2umhhhbd.png\" alt=\"Brigadeiro e Cupcake\" width=\"542\" height=\"361\" \/><\/p>\n<h4>Ingredientes<\/h4>\n<p><strong>Brigadeiro:<\/strong><\/p>\n<ul>\n<li>395 g de leite condensado<\/li>\n<li>1\/2 x\u00edcara (ch\u00e1) de creme de leite<\/li>\n<li>1 colher (sopa) de Cacau em P\u00f3 Melken 100%<\/li>\n<li>1 colher (sopa) de manteiga sem sal<\/li>\n<li>200 g de Cobertura TOP sabor Chocolate ao Leite<\/li>\n<li>100 g de Granulado Colorido Confeiteiro<\/li>\n<\/ul>\n<p><strong>Massa do Cupcake:<\/strong><\/p>\n<ul>\n<li>1\/2 x\u00edcara (ch\u00e1) de manteiga sem sal<\/li>\n<li>1 x\u00edcara (ch\u00e1) de a\u00e7\u00facar refinado<\/li>\n<li>2 ovos<\/li>\n<li>1\/2 x\u00edcara (ch\u00e1) de leite integral<\/li>\n<li>1 1\/2 x\u00edcara (ch\u00e1) de farinha de trigo<\/li>\n<li>1 1\/2 colher (ch\u00e1) de fermento em p\u00f3<\/li>\n<li>1 x\u00edcara (ch\u00e1) de Granulado Colorido Confeiteiro<\/li>\n<\/ul>\n<p><strong>Cobertura:<\/strong><\/p>\n<ul>\n<li>500 g de Recheio e Cobertura Melken sabor Chocolate Ao Leite<\/li>\n<li>300 g de Cobertura TOP sabor Milky<\/li>\n<li>120 g de Granulado Colorido Confeiteiro<\/li>\n<\/ul>\n<h4>Modo de Preparo<\/h4>\n<p><strong>Brigadeiro:<\/strong><br \/>\nEm primeiro lugar, derreta a manteiga com o <strong>Cacau em P\u00f3 Melken 100%<\/strong> e adicione o leite condensado e o creme de leite. Assim, cozinhe at\u00e9 desgrudar do fundo da panela. Deixe esfriar.<\/p>\n<p><strong>Cupcake:<\/strong><br \/>\nEm seguida, bata a manteiga com o a\u00e7\u00facar, adicione os ovos e intercale os ingredientes secos peneirados com o leite. Logo depois, misture o <strong>Granulado Colorido Confeiteiro<\/strong> e asse em forminhas por 20 minutos a 180\u00b0C.<\/p>\n<p><strong>Cobertura:<\/strong><br \/>\nAplique o <strong>Recheio e Cobertura Melken sabor Chocolate Ao Leite<\/strong> nos cupcakes com bico de confeitar e leve para gelar. Por fim, banhe com a <strong>Cobertura TOP Milky<\/strong> e finalize com o <strong>Granulado Colorido Confeiteiro<\/strong>.<\/p>\n<p><strong>Montagem:<\/strong><br \/>\nE ent\u00e3o, para o brigadeiro, recheie colheres banhe na <strong>Cobertura TOP Chocolate ao Leite<\/strong>, finalize com o granulado e deixe cristalizar.<\/p>\n<h4>Dicas Finais<\/h4>\n<p>Com produtos Harald, as sobremesas ganham textura e sabor diferenciados. Experimente e transforme as f\u00e9rias em momentos ainda mais doces e divertidos!<\/p>\n","protected":false},"excerpt":{"rendered":"<p>Brigadeiro Banhado de Colher e Cupcake Colorido: Sobremesas Divertidas para as F\u00e9rias Janeiro \u00e9 o m\u00eas perfeito para curtir momentos em fam\u00edlia, e o Brigadeiro Banhado de Colher e o Cupcake Colorido s\u00e3o op\u00e7\u00f5es irresist\u00edveis. Assim, essas sobremesas, que combinam o tradicional sabor do brigadeiro com o toque criativo do Granulado Colorido Confeiteiro da Harald, <a class=\"more-link\" href=\"https:\/\/homolog.harald.com.br\/site-2026\/blog\/brigadeiro-e-cupcake-colorido-sobremesa-para-as-ferias\/\">Read more&#8230;<\/a><\/p>\n","protected":false},"author":14,"featured_media":250583,"comment_status":"closed","ping_status":"closed","sticky":false,"template":"","format":"standard","meta":{"_acf_changed":false,"_uag_custom_page_level_css":"","footnotes":""},"categories":[158],"tags":[],"para-seu-negocio":[],"class_list":["post-250577","post","type-post","status-publish","format-standard","has-post-thumbnail","hentry","category-noticias"],"acf":[],"yoast_head":"<!-- This site is optimized with the Yoast SEO plugin v26.3 - https:\/\/yoast.com\/wordpress\/plugins\/seo\/ -->\n<title>Brigadeiro e Cupcake Colorido: Sobremesa para as F\u00e9rias - Harald<\/title>\n<meta name=\"description\" content=\"Prepare o Brigadeiro Banhado de Colher e o Cupcake Colorido com produtos Harald. Receitas f\u00e1ceis para ado\u00e7ar as f\u00e9rias em fam\u00edlia!\" \/>\n<meta name=\"robots\" content=\"noindex, follow, max-snippet:-1, max-image-preview:large, max-video-preview:-1\" \/>\n<meta property=\"og:locale\" content=\"pt_BR\" \/>\n<meta property=\"og:type\" content=\"article\" \/>\n<meta property=\"og:title\" content=\"Brigadeiro e Cupcake Colorido: Sobremesa para as F\u00e9rias - Harald\" \/>\n<meta property=\"og:description\" content=\"Prepare o Brigadeiro Banhado de Colher e o Cupcake Colorido com produtos Harald. Receitas f\u00e1ceis para ado\u00e7ar as f\u00e9rias em fam\u00edlia!\" \/>\n<meta property=\"og:url\" content=\"https:\/\/homolog.harald.com.br\/site-2026\/blog\/brigadeiro-e-cupcake-colorido-sobremesa-para-as-ferias\/\" \/>\n<meta property=\"og:site_name\" content=\"Harald\" \/>\n<meta property=\"article:publisher\" content=\"https:\/\/www.facebook.com\/HaraldChocolates\/\" \/>\n<meta property=\"article:published_time\" content=\"2025-01-14T13:47:28+00:00\" \/>\n<meta property=\"article:modified_time\" content=\"2025-02-09T19:45:23+00:00\" \/>\n<meta property=\"og:image\" content=\"https:\/\/homolog.harald.com.br\/site-2026\/wp-content\/uploads\/2025\/01\/2umhhhbd-1024x683-1.webp\" \/>\n\t<meta property=\"og:image:width\" content=\"1024\" \/>\n\t<meta property=\"og:image:height\" content=\"683\" \/>\n\t<meta property=\"og:image:type\" content=\"image\/webp\" \/>\n<meta name=\"author\" content=\"Beatriz Oliveira\" \/>\n<meta name=\"twitter:card\" content=\"summary_large_image\" \/>\n<meta name=\"twitter:label1\" content=\"Escrito por\" \/>\n\t<meta name=\"twitter:data1\" content=\"Beatriz Oliveira\" \/>\n\t<meta name=\"twitter:label2\" content=\"Est. tempo de leitura\" \/>\n\t<meta name=\"twitter:data2\" content=\"3 minutos\" \/>\n<script type=\"application\/ld+json\" class=\"yoast-schema-graph\">{\"@context\":\"https:\/\/schema.org\",\"@graph\":[{\"@type\":\"Article\",\"@id\":\"https:\/\/homolog.harald.com.br\/site-2026\/blog\/brigadeiro-e-cupcake-colorido-sobremesa-para-as-ferias\/#article\",\"isPartOf\":{\"@id\":\"https:\/\/homolog.harald.com.br\/site-2026\/blog\/brigadeiro-e-cupcake-colorido-sobremesa-para-as-ferias\/\"},\"author\":{\"name\":\"Beatriz Oliveira\",\"@id\":\"https:\/\/homolog.harald.com.br\/site-2026\/#\/schema\/person\/c71700dd47fb39a337c7f9b89d5e3a00\"},\"headline\":\"Brigadeiro e Cupcake Colorido: Sobremesa para as F\u00e9rias\",\"datePublished\":\"2025-01-14T13:47:28+00:00\",\"dateModified\":\"2025-02-09T19:45:23+00:00\",\"mainEntityOfPage\":{\"@id\":\"https:\/\/homolog.harald.com.br\/site-2026\/blog\/brigadeiro-e-cupcake-colorido-sobremesa-para-as-ferias\/\"},\"wordCount\":370,\"publisher\":{\"@id\":\"https:\/\/homolog.harald.com.br\/site-2026\/#organization\"},\"image\":{\"@id\":\"https:\/\/homolog.harald.com.br\/site-2026\/blog\/brigadeiro-e-cupcake-colorido-sobremesa-para-as-ferias\/#primaryimage\"},\"thumbnailUrl\":\"https:\/\/homolog.harald.com.br\/site-2026\/wp-content\/uploads\/2025\/01\/2umhhhbd-1024x683-1.webp\",\"articleSection\":[\"Not\u00edcias\"],\"inLanguage\":\"pt-BR\"},{\"@type\":\"WebPage\",\"@id\":\"https:\/\/homolog.harald.com.br\/site-2026\/blog\/brigadeiro-e-cupcake-colorido-sobremesa-para-as-ferias\/\",\"url\":\"https:\/\/homolog.harald.com.br\/site-2026\/blog\/brigadeiro-e-cupcake-colorido-sobremesa-para-as-ferias\/\",\"name\":\"Brigadeiro e Cupcake Colorido: Sobremesa para as F\u00e9rias - Harald\",\"isPartOf\":{\"@id\":\"https:\/\/homolog.harald.com.br\/site-2026\/#website\"},\"primaryImageOfPage\":{\"@id\":\"https:\/\/homolog.harald.com.br\/site-2026\/blog\/brigadeiro-e-cupcake-colorido-sobremesa-para-as-ferias\/#primaryimage\"},\"image\":{\"@id\":\"https:\/\/homolog.harald.com.br\/site-2026\/blog\/brigadeiro-e-cupcake-colorido-sobremesa-para-as-ferias\/#primaryimage\"},\"thumbnailUrl\":\"https:\/\/homolog.harald.com.br\/site-2026\/wp-content\/uploads\/2025\/01\/2umhhhbd-1024x683-1.webp\",\"datePublished\":\"2025-01-14T13:47:28+00:00\",\"dateModified\":\"2025-02-09T19:45:23+00:00\",\"description\":\"Prepare o Brigadeiro Banhado de Colher e o Cupcake Colorido com produtos Harald. Receitas f\u00e1ceis para ado\u00e7ar as f\u00e9rias em fam\u00edlia!\",\"breadcrumb\":{\"@id\":\"https:\/\/homolog.harald.com.br\/site-2026\/blog\/brigadeiro-e-cupcake-colorido-sobremesa-para-as-ferias\/#breadcrumb\"},\"inLanguage\":\"pt-BR\",\"potentialAction\":[{\"@type\":\"ReadAction\",\"target\":[\"https:\/\/homolog.harald.com.br\/site-2026\/blog\/brigadeiro-e-cupcake-colorido-sobremesa-para-as-ferias\/\"]}]},{\"@type\":\"ImageObject\",\"inLanguage\":\"pt-BR\",\"@id\":\"https:\/\/homolog.harald.com.br\/site-2026\/blog\/brigadeiro-e-cupcake-colorido-sobremesa-para-as-ferias\/#primaryimage\",\"url\":\"https:\/\/homolog.harald.com.br\/site-2026\/wp-content\/uploads\/2025\/01\/2umhhhbd-1024x683-1.webp\",\"contentUrl\":\"https:\/\/homolog.harald.com.br\/site-2026\/wp-content\/uploads\/2025\/01\/2umhhhbd-1024x683-1.webp\",\"width\":1024,\"height\":683},{\"@type\":\"BreadcrumbList\",\"@id\":\"https:\/\/homolog.harald.com.br\/site-2026\/blog\/brigadeiro-e-cupcake-colorido-sobremesa-para-as-ferias\/#breadcrumb\",\"itemListElement\":[{\"@type\":\"ListItem\",\"position\":1,\"name\":\"In\u00edcio\",\"item\":\"https:\/\/homolog.harald.com.br\/site-2026\/\"},{\"@type\":\"ListItem\",\"position\":2,\"name\":\"Brigadeiro e Cupcake Colorido: Sobremesa para as F\u00e9rias\"}]},{\"@type\":\"WebSite\",\"@id\":\"https:\/\/homolog.harald.com.br\/site-2026\/#website\",\"url\":\"https:\/\/homolog.harald.com.br\/site-2026\/\",\"name\":\"Harald\",\"description\":\"Fazer melhor \u00e9 fazer com paix\u00e3o\",\"publisher\":{\"@id\":\"https:\/\/homolog.harald.com.br\/site-2026\/#organization\"},\"potentialAction\":[{\"@type\":\"SearchAction\",\"target\":{\"@type\":\"EntryPoint\",\"urlTemplate\":\"https:\/\/homolog.harald.com.br\/site-2026\/?s={search_term_string}\"},\"query-input\":{\"@type\":\"PropertyValueSpecification\",\"valueRequired\":true,\"valueName\":\"search_term_string\"}}],\"inLanguage\":\"pt-BR\"},{\"@type\":\"Organization\",\"@id\":\"https:\/\/homolog.harald.com.br\/site-2026\/#organization\",\"name\":\"Harald\",\"url\":\"https:\/\/homolog.harald.com.br\/site-2026\/\",\"logo\":{\"@type\":\"ImageObject\",\"inLanguage\":\"pt-BR\",\"@id\":\"https:\/\/homolog.harald.com.br\/site-2026\/#\/schema\/logo\/image\/\",\"url\":\"https:\/\/homolog.harald.com.br\/site-2026\/wp-content\/uploads\/2022\/09\/logo-harald-cmyk-ss.png\",\"contentUrl\":\"https:\/\/homolog.harald.com.br\/site-2026\/wp-content\/uploads\/2022\/09\/logo-harald-cmyk-ss.png\",\"width\":1948,\"height\":1051,\"caption\":\"Harald\"},\"image\":{\"@id\":\"https:\/\/homolog.harald.com.br\/site-2026\/#\/schema\/logo\/image\/\"},\"sameAs\":[\"https:\/\/www.facebook.com\/HaraldChocolates\/\",\"https:\/\/www.youtube.com\/user\/HaraldChocolates\"]},{\"@type\":\"Person\",\"@id\":\"https:\/\/homolog.harald.com.br\/site-2026\/#\/schema\/person\/c71700dd47fb39a337c7f9b89d5e3a00\",\"name\":\"Beatriz Oliveira\",\"image\":{\"@type\":\"ImageObject\",\"inLanguage\":\"pt-BR\",\"@id\":\"https:\/\/homolog.harald.com.br\/site-2026\/#\/schema\/person\/image\/\",\"url\":\"https:\/\/secure.gravatar.com\/avatar\/fdc870643b67a6486b6bef59d475b1e7dea17130b70a2178f5716399590234e6?s=96&d=mm&r=g\",\"contentUrl\":\"https:\/\/secure.gravatar.com\/avatar\/fdc870643b67a6486b6bef59d475b1e7dea17130b70a2178f5716399590234e6?s=96&d=mm&r=g\",\"caption\":\"Beatriz Oliveira\"},\"url\":\"https:\/\/homolog.harald.com.br\/site-2026\/blog\/author\/beatriz-oliveira\/\"}]}<\/script>\n<!-- \/ Yoast SEO plugin. -->","yoast_head_json":{"title":"Brigadeiro e Cupcake Colorido: Sobremesa para as F\u00e9rias - Harald","description":"Prepare o Brigadeiro Banhado de Colher e o Cupcake Colorido com produtos Harald. Receitas f\u00e1ceis para ado\u00e7ar as f\u00e9rias em fam\u00edlia!","robots":{"index":"noindex","follow":"follow","max-snippet":"max-snippet:-1","max-image-preview":"max-image-preview:large","max-video-preview":"max-video-preview:-1"},"og_locale":"pt_BR","og_type":"article","og_title":"Brigadeiro e Cupcake Colorido: Sobremesa para as F\u00e9rias - Harald","og_description":"Prepare o Brigadeiro Banhado de Colher e o Cupcake Colorido com produtos Harald. Receitas f\u00e1ceis para ado\u00e7ar as f\u00e9rias em fam\u00edlia!","og_url":"https:\/\/homolog.harald.com.br\/site-2026\/blog\/brigadeiro-e-cupcake-colorido-sobremesa-para-as-ferias\/","og_site_name":"Harald","article_publisher":"https:\/\/www.facebook.com\/HaraldChocolates\/","article_published_time":"2025-01-14T13:47:28+00:00","article_modified_time":"2025-02-09T19:45:23+00:00","og_image":[{"width":1024,"height":683,"url":"https:\/\/homolog.harald.com.br\/site-2026\/wp-content\/uploads\/2025\/01\/2umhhhbd-1024x683-1.webp","type":"image\/webp"}],"author":"Beatriz Oliveira","twitter_card":"summary_large_image","twitter_misc":{"Escrito por":"Beatriz Oliveira","Est. tempo de leitura":"3 minutos"},"schema":{"@context":"https:\/\/schema.org","@graph":[{"@type":"Article","@id":"https:\/\/homolog.harald.com.br\/site-2026\/blog\/brigadeiro-e-cupcake-colorido-sobremesa-para-as-ferias\/#article","isPartOf":{"@id":"https:\/\/homolog.harald.com.br\/site-2026\/blog\/brigadeiro-e-cupcake-colorido-sobremesa-para-as-ferias\/"},"author":{"name":"Beatriz Oliveira","@id":"https:\/\/homolog.harald.com.br\/site-2026\/#\/schema\/person\/c71700dd47fb39a337c7f9b89d5e3a00"},"headline":"Brigadeiro e Cupcake Colorido: Sobremesa para as F\u00e9rias","datePublished":"2025-01-14T13:47:28+00:00","dateModified":"2025-02-09T19:45:23+00:00","mainEntityOfPage":{"@id":"https:\/\/homolog.harald.com.br\/site-2026\/blog\/brigadeiro-e-cupcake-colorido-sobremesa-para-as-ferias\/"},"wordCount":370,"publisher":{"@id":"https:\/\/homolog.harald.com.br\/site-2026\/#organization"},"image":{"@id":"https:\/\/homolog.harald.com.br\/site-2026\/blog\/brigadeiro-e-cupcake-colorido-sobremesa-para-as-ferias\/#primaryimage"},"thumbnailUrl":"https:\/\/homolog.harald.com.br\/site-2026\/wp-content\/uploads\/2025\/01\/2umhhhbd-1024x683-1.webp","articleSection":["Not\u00edcias"],"inLanguage":"pt-BR"},{"@type":"WebPage","@id":"https:\/\/homolog.harald.com.br\/site-2026\/blog\/brigadeiro-e-cupcake-colorido-sobremesa-para-as-ferias\/","url":"https:\/\/homolog.harald.com.br\/site-2026\/blog\/brigadeiro-e-cupcake-colorido-sobremesa-para-as-ferias\/","name":"Brigadeiro e Cupcake Colorido: Sobremesa para as F\u00e9rias - Harald","isPartOf":{"@id":"https:\/\/homolog.harald.com.br\/site-2026\/#website"},"primaryImageOfPage":{"@id":"https:\/\/homolog.harald.com.br\/site-2026\/blog\/brigadeiro-e-cupcake-colorido-sobremesa-para-as-ferias\/#primaryimage"},"image":{"@id":"https:\/\/homolog.harald.com.br\/site-2026\/blog\/brigadeiro-e-cupcake-colorido-sobremesa-para-as-ferias\/#primaryimage"},"thumbnailUrl":"https:\/\/homolog.harald.com.br\/site-2026\/wp-content\/uploads\/2025\/01\/2umhhhbd-1024x683-1.webp","datePublished":"2025-01-14T13:47:28+00:00","dateModified":"2025-02-09T19:45:23+00:00","description":"Prepare o Brigadeiro Banhado de Colher e o Cupcake Colorido com produtos Harald. Receitas f\u00e1ceis para ado\u00e7ar as f\u00e9rias em fam\u00edlia!","breadcrumb":{"@id":"https:\/\/homolog.harald.com.br\/site-2026\/blog\/brigadeiro-e-cupcake-colorido-sobremesa-para-as-ferias\/#breadcrumb"},"inLanguage":"pt-BR","potentialAction":[{"@type":"ReadAction","target":["https:\/\/homolog.harald.com.br\/site-2026\/blog\/brigadeiro-e-cupcake-colorido-sobremesa-para-as-ferias\/"]}]},{"@type":"ImageObject","inLanguage":"pt-BR","@id":"https:\/\/homolog.harald.com.br\/site-2026\/blog\/brigadeiro-e-cupcake-colorido-sobremesa-para-as-ferias\/#primaryimage","url":"https:\/\/homolog.harald.com.br\/site-2026\/wp-content\/uploads\/2025\/01\/2umhhhbd-1024x683-1.webp","contentUrl":"https:\/\/homolog.harald.com.br\/site-2026\/wp-content\/uploads\/2025\/01\/2umhhhbd-1024x683-1.webp","width":1024,"height":683},{"@type":"BreadcrumbList","@id":"https:\/\/homolog.harald.com.br\/site-2026\/blog\/brigadeiro-e-cupcake-colorido-sobremesa-para-as-ferias\/#breadcrumb","itemListElement":[{"@type":"ListItem","position":1,"name":"In\u00edcio","item":"https:\/\/homolog.harald.com.br\/site-2026\/"},{"@type":"ListItem","position":2,"name":"Brigadeiro e Cupcake Colorido: Sobremesa para as F\u00e9rias"}]},{"@type":"WebSite","@id":"https:\/\/homolog.harald.com.br\/site-2026\/#website","url":"https:\/\/homolog.harald.com.br\/site-2026\/","name":"Harald","description":"Fazer melhor \u00e9 fazer com paix\u00e3o","publisher":{"@id":"https:\/\/homolog.harald.com.br\/site-2026\/#organization"},"potentialAction":[{"@type":"SearchAction","target":{"@type":"EntryPoint","urlTemplate":"https:\/\/homolog.harald.com.br\/site-2026\/?s={search_term_string}"},"query-input":{"@type":"PropertyValueSpecification","valueRequired":true,"valueName":"search_term_string"}}],"inLanguage":"pt-BR"},{"@type":"Organization","@id":"https:\/\/homolog.harald.com.br\/site-2026\/#organization","name":"Harald","url":"https:\/\/homolog.harald.com.br\/site-2026\/","logo":{"@type":"ImageObject","inLanguage":"pt-BR","@id":"https:\/\/homolog.harald.com.br\/site-2026\/#\/schema\/logo\/image\/","url":"https:\/\/homolog.harald.com.br\/site-2026\/wp-content\/uploads\/2022\/09\/logo-harald-cmyk-ss.png","contentUrl":"https:\/\/homolog.harald.com.br\/site-2026\/wp-content\/uploads\/2022\/09\/logo-harald-cmyk-ss.png","width":1948,"height":1051,"caption":"Harald"},"image":{"@id":"https:\/\/homolog.harald.com.br\/site-2026\/#\/schema\/logo\/image\/"},"sameAs":["https:\/\/www.facebook.com\/HaraldChocolates\/","https:\/\/www.youtube.com\/user\/HaraldChocolates"]},{"@type":"Person","@id":"https:\/\/homolog.harald.com.br\/site-2026\/#\/schema\/person\/c71700dd47fb39a337c7f9b89d5e3a00","name":"Beatriz Oliveira","image":{"@type":"ImageObject","inLanguage":"pt-BR","@id":"https:\/\/homolog.harald.com.br\/site-2026\/#\/schema\/person\/image\/","url":"https:\/\/secure.gravatar.com\/avatar\/fdc870643b67a6486b6bef59d475b1e7dea17130b70a2178f5716399590234e6?s=96&d=mm&r=g","contentUrl":"https:\/\/secure.gravatar.com\/avatar\/fdc870643b67a6486b6bef59d475b1e7dea17130b70a2178f5716399590234e6?s=96&d=mm&r=g","caption":"Beatriz Oliveira"},"url":"https:\/\/homolog.harald.com.br\/site-2026\/blog\/author\/beatriz-oliveira\/"}]}},"uagb_featured_image_src":{"full":["https:\/\/homolog.harald.com.br\/site-2026\/wp-content\/uploads\/2025\/01\/2umhhhbd-1024x683-1.webp",1024,683,false],"thumbnail":["https:\/\/homolog.harald.com.br\/site-2026\/wp-content\/uploads\/2025\/01\/2umhhhbd-1024x683-1-150x150.webp",150,150,true],"medium":["https:\/\/homolog.harald.com.br\/site-2026\/wp-content\/uploads\/2025\/01\/2umhhhbd-1024x683-1-300x200.webp",300,200,true],"medium_large":["https:\/\/homolog.harald.com.br\/site-2026\/wp-content\/uploads\/2025\/01\/2umhhhbd-1024x683-1-768x512.webp",768,512,true],"large":["https:\/\/homolog.harald.com.br\/site-2026\/wp-content\/uploads\/2025\/01\/2umhhhbd-1024x683-1.webp",1024,683,false],"1536x1536":["https:\/\/homolog.harald.com.br\/site-2026\/wp-content\/uploads\/2025\/01\/2umhhhbd-1024x683-1.webp",1024,683,false],"2048x2048":["https:\/\/homolog.harald.com.br\/site-2026\/wp-content\/uploads\/2025\/01\/2umhhhbd-1024x683-1.webp",1024,683,false],"full-width":["https:\/\/homolog.harald.com.br\/site-2026\/wp-content\/uploads\/2025\/01\/2umhhhbd-1024x683-1.webp",1024,683,false],"gform-image-choice-sm":["https:\/\/homolog.harald.com.br\/site-2026\/wp-content\/uploads\/2025\/01\/2umhhhbd-1024x683-1.webp",300,200,false],"gform-image-choice-md":["https:\/\/homolog.harald.com.br\/site-2026\/wp-content\/uploads\/2025\/01\/2umhhhbd-1024x683-1.webp",400,267,false],"gform-image-choice-lg":["https:\/\/homolog.harald.com.br\/site-2026\/wp-content\/uploads\/2025\/01\/2umhhhbd-1024x683-1.webp",600,400,false]},"uagb_author_info":{"display_name":"Beatriz Oliveira","author_link":"https:\/\/homolog.harald.com.br\/site-2026\/blog\/author\/beatriz-oliveira\/"},"uagb_comment_info":0,"uagb_excerpt":"Brigadeiro Banhado de Colher e Cupcake Colorido: Sobremesas Divertidas para as F\u00e9rias Janeiro \u00e9 o m\u00eas perfeito para curtir momentos em fam\u00edlia, e o Brigadeiro Banhado de Colher e o Cupcake Colorido s\u00e3o op\u00e7\u00f5es irresist\u00edveis. Assim, essas sobremesas, que combinam o tradicional sabor do brigadeiro com o toque criativo do Granulado Colorido Confeiteiro da Harald,&hellip;","_links":{"self":[{"href":"https:\/\/homolog.harald.com.br\/site-2026\/wp-json\/wp\/v2\/posts\/250577","targetHints":{"allow":["GET"]}}],"collection":[{"href":"https:\/\/homolog.harald.com.br\/site-2026\/wp-json\/wp\/v2\/posts"}],"about":[{"href":"https:\/\/homolog.harald.com.br\/site-2026\/wp-json\/wp\/v2\/types\/post"}],"author":[{"embeddable":true,"href":"https:\/\/homolog.harald.com.br\/site-2026\/wp-json\/wp\/v2\/users\/14"}],"replies":[{"embeddable":true,"href":"https:\/\/homolog.harald.com.br\/site-2026\/wp-json\/wp\/v2\/comments?post=250577"}],"version-history":[{"count":1,"href":"https:\/\/homolog.harald.com.br\/site-2026\/wp-json\/wp\/v2\/posts\/250577\/revisions"}],"predecessor-version":[{"id":250586,"href":"https:\/\/homolog.harald.com.br\/site-2026\/wp-json\/wp\/v2\/posts\/250577\/revisions\/250586"}],"wp:featuredmedia":[{"embeddable":true,"href":"https:\/\/homolog.harald.com.br\/site-2026\/wp-json\/wp\/v2\/media\/250583"}],"wp:attachment":[{"href":"https:\/\/homolog.harald.com.br\/site-2026\/wp-json\/wp\/v2\/media?parent=250577"}],"wp:term":[{"taxonomy":"category","embeddable":true,"href":"https:\/\/homolog.harald.com.br\/site-2026\/wp-json\/wp\/v2\/categories?post=250577"},{"taxonomy":"post_tag","embeddable":true,"href":"https:\/\/homolog.harald.com.br\/site-2026\/wp-json\/wp\/v2\/tags?post=250577"},{"taxonomy":"para-seu-negocio","embeddable":true,"href":"https:\/\/homolog.harald.com.br\/site-2026\/wp-json\/wp\/v2\/para-seu-negocio?post=250577"}],"curies":[{"name":"wp","href":"https:\/\/api.w.org\/{rel}","templated":true}]}}