{"id":250482,"date":"2025-02-05T11:15:50","date_gmt":"2025-02-05T14:15:50","guid":{"rendered":"https:\/\/homolog.harald.com.br\/site-2026\/?p=250482"},"modified":"2025-02-06T11:28:30","modified_gmt":"2025-02-06T14:28:30","slug":"fundacao-bunge-inicia-formacao-profissional-para-jovens","status":"publish","type":"post","link":"https:\/\/homolog.harald.com.br\/site-2026\/blog\/fundacao-bunge-inicia-formacao-profissional-para-jovens\/","title":{"rendered":"Funda\u00e7\u00e3o Bunge Inicia Forma\u00e7\u00e3o Profissional para Jovens"},"content":{"rendered":"<h3><strong>Funda\u00e7\u00e3o Bunge Inicia Forma\u00e7\u00e3o Profissional para Jovens em Panifica\u00e7\u00e3o e Confeitaria com Parceria da Harald<\/strong><\/h3>\n<p>O projeto <strong>De Gr\u00e3o em P\u00e3o<\/strong>, da <a href=\"https:\/\/www.bing.com\/ck\/a?!&amp;&amp;p=22abe59d81cf643d797e6bfb55e0e55d60e4f2acf571c53e306247156d1d308aJmltdHM9MTczODgwMDAwMA&amp;ptn=3&amp;ver=2&amp;hsh=4&amp;fclid=2d971e2c-d779-6b44-00c8-0b0ed6796a96&amp;psq=funda%c3%a7%c3%a3o+bunge&amp;u=a1aHR0cHM6Ly9mdW5kYWNhb2J1bmdlLm9yZy5ici8&amp;ntb=1\">Funda\u00e7\u00e3o Bunge<\/a> \u00e9 uma iniciativa que visa capacitar jovens das periferias de S\u00e3o Paulo, Rio de Janeiro e Recife nas \u00e1reas de panifica\u00e7\u00e3o e confeitaria, promovendo o desenvolvimento t\u00e9cnico, e tamb\u00e9m o aprimoramento de compet\u00eancias essenciais para o mercado de trabalho. E ent\u00e3o, o programa surge como uma resposta ao alto \u00edndice de desemprego entre jovens no Brasil, oferecendo uma oportunidade concreta de inser\u00e7\u00e3o profissional.<\/p>\n<h3><strong><img loading=\"lazy\" decoding=\"async\" class=\"aligncenter wp-image-250489 \" src=\"https:\/\/homolog.harald.com.br\/site-2026\/wp-content\/uploads\/2025\/02\/de-grao-em-pao-860x570-1.jpg\" alt=\"Forma\u00e7\u00e3o Profissional \n\" width=\"563\" height=\"373\" srcset=\"https:\/\/homolog.harald.com.br\/site-2026\/wp-content\/uploads\/2025\/02\/de-grao-em-pao-860x570-1.jpg 860w, https:\/\/homolog.harald.com.br\/site-2026\/wp-content\/uploads\/2025\/02\/de-grao-em-pao-860x570-1-300x199.jpg 300w, https:\/\/homolog.harald.com.br\/site-2026\/wp-content\/uploads\/2025\/02\/de-grao-em-pao-860x570-1-768x509.jpg 768w\" sizes=\"auto, (max-width: 563px) 100vw, 563px\" \/><\/strong><\/h3>\n<p>O diferencial do projeto est\u00e1 no foco nas chamadas power skills, uma evolu\u00e7\u00e3o das tradicionais soft skills. Al\u00e9m das compet\u00eancias socioemocionais, o programa tamb\u00e9m desenvolve habilidades t\u00e9cnicas essenciais para qualquer \u00e1rea de atua\u00e7\u00e3o, como organiza\u00e7\u00e3o, autoconhecimento e capacidade de adapta\u00e7\u00e3o.<\/p>\n<h3><strong>Parcerias Estrat\u00e9gicas para o Sucesso do Projeto<\/strong><\/h3>\n<p>O De Gr\u00e3o em P\u00e3o conta com o apoio de importantes parceiros, entre eles a Harald Chocolates, refer\u00eancia no setor de confeitaria.\u00a0Al\u00e9m da Harald, o projeto tem a parceria da Funda\u00e7\u00e3o Wadhwani (WF), que oferece uma forma\u00e7\u00e3o transversal, integrando conte\u00fados socioemocionais e t\u00e9cnicos por meio de uma plataforma din\u00e2mica e interativa.<\/p>\n<p>Essa combina\u00e7\u00e3o de for\u00e7as permite que os participantes desenvolvam mais de 100 habilidades distribu\u00eddas em 14 macro compet\u00eancias, que v\u00e3o desde a orat\u00f3ria e a gest\u00e3o de tempo at\u00e9 o aprimoramento de conhecimentos em ferramentas como Word, Excel e PowerPoint. Al\u00e9m disso, o aprendizado \u00e9 enriquecido com simula\u00e7\u00f5es de situa\u00e7\u00f5es do dia a dia profissional, oferecendo uma experi\u00eancia pr\u00e1tica e realista.<\/p>\n<h3><strong>Metodologia Inovadora e Resultados Comprovados<\/strong><\/h3>\n<p>O m\u00e9todo de ensino do projeto \u00e9 centrado no empregador e foca na aplicabilidade das compet\u00eancias no mundo real. Assim, muitos estudantes conseguiram ingressar no mercado de trabalho, enquanto empresas relatam um impacto positivo ao contratar profissionais mais preparados, tanto tecnicamente quanto em habilidades comportamentais.<\/p>\n<h3><strong>Impacto Social e Oportunidades de Emprego na Forma\u00e7\u00e3o Profissonal<\/strong><\/h3>\n<p>O projeto tem um impacto direto na redu\u00e7\u00e3o do desemprego entre jovens de <strong>18 a 24 anos<\/strong>, faixa et\u00e1ria que, segundo dados do IBGE, registrou uma taxa de desocupa\u00e7\u00e3o de <strong>16,8%<\/strong> no primeiro trimestre de 2024, mais que o dobro da m\u00e9dia nacional. Portanto, em termos absolutos, isso representa cerca de <strong>2,5 milh\u00f5es de jovens desempregados<\/strong>.<\/p>\n<p>O <strong>De Gr\u00e3o em P\u00e3o<\/strong> oferece uma forma\u00e7\u00e3o completa, com dura\u00e7\u00e3o de <strong>10 meses<\/strong>, dividida em etapas que incluem:<\/p>\n<ul>\n<li>Sele\u00e7\u00e3o de candidatos<\/li>\n<li>Prepara\u00e7\u00e3o socioemocional<\/li>\n<li>Qualifica\u00e7\u00e3o profissional em panifica\u00e7\u00e3o e confeitaria<\/li>\n<li>Integra\u00e7\u00e3o com o mercado de trabalho<\/li>\n<li>Formatura e certifica\u00e7\u00e3o<\/li>\n<li>Encaminhamento para oportunidades de emprego<\/li>\n<li>Acompanhamento de carreira com mentoria da Funda\u00e7\u00e3o Bunge<\/li>\n<\/ul>\n<h3><strong><a href=\"https:\/\/homolog.harald.com.br\/site-2026\/\">Harald<\/a>: Uma Parceira Essencial para o Sucesso<\/strong><\/h3>\n<p>A <strong>Harald Chocolates<\/strong> desempenha um papel essencial no sucesso do projeto para ajuda na forma\u00e7\u00e3o profissional de jovens. Portanto, como uma das principais marcas do setor de confeitaria, a empresa contribui com sua expertise e produtos de alta qualidade, proporcionando aos alunos uma experi\u00eancia pr\u00e1tica que os prepara para desafios reais do mercado. Por fim, a presen\u00e7a da Harald fortalece a conex\u00e3o entre a forma\u00e7\u00e3o profissional e as demandas do setor de panifica\u00e7\u00e3o e confeitaria, oferecendo aos jovens uma vantagem competitiva significativa.<\/p>\n","protected":false},"excerpt":{"rendered":"<p>Funda\u00e7\u00e3o Bunge Inicia Forma\u00e7\u00e3o Profissional para Jovens em Panifica\u00e7\u00e3o e Confeitaria com Parceria da Harald O projeto De Gr\u00e3o em P\u00e3o, da Funda\u00e7\u00e3o Bunge \u00e9 uma iniciativa que visa capacitar jovens das periferias de S\u00e3o Paulo, Rio de Janeiro e Recife nas \u00e1reas de panifica\u00e7\u00e3o e confeitaria, promovendo o desenvolvimento t\u00e9cnico, e tamb\u00e9m o aprimoramento <a class=\"more-link\" href=\"https:\/\/homolog.harald.com.br\/site-2026\/blog\/fundacao-bunge-inicia-formacao-profissional-para-jovens\/\">Read more&#8230;<\/a><\/p>\n","protected":false},"author":14,"featured_media":250489,"comment_status":"closed","ping_status":"closed","sticky":false,"template":"","format":"standard","meta":{"_acf_changed":false,"_uag_custom_page_level_css":"","footnotes":""},"categories":[158],"tags":[],"para-seu-negocio":[],"class_list":["post-250482","post","type-post","status-publish","format-standard","has-post-thumbnail","hentry","category-noticias"],"acf":[],"yoast_head":"<!-- This site is optimized with the Yoast SEO plugin v26.3 - https:\/\/yoast.com\/wordpress\/plugins\/seo\/ -->\n<title>Funda\u00e7\u00e3o Bunge Inicia Forma\u00e7\u00e3o Profissional para Jovens - Harald<\/title>\n<meta name=\"description\" content=\"Descubra o projeto De Gr\u00e3o em P\u00e3o, da Funda\u00e7\u00e3o Bunge em parceria com a Harald Chocolates, est\u00e1 ajudando na forma\u00e7\u00e3o profissional de jovens.\" \/>\n<meta name=\"robots\" content=\"noindex, follow, max-snippet:-1, max-image-preview:large, max-video-preview:-1\" \/>\n<meta property=\"og:locale\" content=\"pt_BR\" \/>\n<meta property=\"og:type\" content=\"article\" \/>\n<meta property=\"og:title\" content=\"Funda\u00e7\u00e3o Bunge Inicia Forma\u00e7\u00e3o Profissional para Jovens - Harald\" \/>\n<meta property=\"og:description\" content=\"Descubra o projeto De Gr\u00e3o em P\u00e3o, da Funda\u00e7\u00e3o Bunge em parceria com a Harald Chocolates, est\u00e1 ajudando na forma\u00e7\u00e3o profissional de jovens.\" \/>\n<meta property=\"og:url\" content=\"https:\/\/homolog.harald.com.br\/site-2026\/blog\/fundacao-bunge-inicia-formacao-profissional-para-jovens\/\" \/>\n<meta property=\"og:site_name\" content=\"Harald\" \/>\n<meta property=\"article:publisher\" content=\"https:\/\/www.facebook.com\/HaraldChocolates\/\" \/>\n<meta property=\"article:published_time\" content=\"2025-02-05T14:15:50+00:00\" \/>\n<meta property=\"article:modified_time\" content=\"2025-02-06T14:28:30+00:00\" \/>\n<meta property=\"og:image\" content=\"https:\/\/homolog.harald.com.br\/site-2026\/wp-content\/uploads\/2025\/02\/de-grao-em-pao-860x570-1.jpg\" \/>\n\t<meta property=\"og:image:width\" content=\"860\" \/>\n\t<meta property=\"og:image:height\" content=\"570\" \/>\n\t<meta property=\"og:image:type\" content=\"image\/jpeg\" \/>\n<meta name=\"author\" content=\"Beatriz Oliveira\" \/>\n<meta name=\"twitter:card\" content=\"summary_large_image\" \/>\n<meta name=\"twitter:label1\" content=\"Escrito por\" \/>\n\t<meta name=\"twitter:data1\" content=\"Beatriz Oliveira\" \/>\n\t<meta name=\"twitter:label2\" content=\"Est. tempo de leitura\" \/>\n\t<meta name=\"twitter:data2\" content=\"4 minutos\" \/>\n<script type=\"application\/ld+json\" class=\"yoast-schema-graph\">{\"@context\":\"https:\/\/schema.org\",\"@graph\":[{\"@type\":\"Article\",\"@id\":\"https:\/\/homolog.harald.com.br\/site-2026\/blog\/fundacao-bunge-inicia-formacao-profissional-para-jovens\/#article\",\"isPartOf\":{\"@id\":\"https:\/\/homolog.harald.com.br\/site-2026\/blog\/fundacao-bunge-inicia-formacao-profissional-para-jovens\/\"},\"author\":{\"name\":\"Beatriz Oliveira\",\"@id\":\"https:\/\/homolog.harald.com.br\/site-2026\/#\/schema\/person\/c71700dd47fb39a337c7f9b89d5e3a00\"},\"headline\":\"Funda\u00e7\u00e3o Bunge Inicia Forma\u00e7\u00e3o Profissional para Jovens\",\"datePublished\":\"2025-02-05T14:15:50+00:00\",\"dateModified\":\"2025-02-06T14:28:30+00:00\",\"mainEntityOfPage\":{\"@id\":\"https:\/\/homolog.harald.com.br\/site-2026\/blog\/fundacao-bunge-inicia-formacao-profissional-para-jovens\/\"},\"wordCount\":570,\"publisher\":{\"@id\":\"https:\/\/homolog.harald.com.br\/site-2026\/#organization\"},\"image\":{\"@id\":\"https:\/\/homolog.harald.com.br\/site-2026\/blog\/fundacao-bunge-inicia-formacao-profissional-para-jovens\/#primaryimage\"},\"thumbnailUrl\":\"https:\/\/homolog.harald.com.br\/site-2026\/wp-content\/uploads\/2025\/02\/de-grao-em-pao-860x570-1.jpg\",\"articleSection\":[\"Not\u00edcias\"],\"inLanguage\":\"pt-BR\"},{\"@type\":\"WebPage\",\"@id\":\"https:\/\/homolog.harald.com.br\/site-2026\/blog\/fundacao-bunge-inicia-formacao-profissional-para-jovens\/\",\"url\":\"https:\/\/homolog.harald.com.br\/site-2026\/blog\/fundacao-bunge-inicia-formacao-profissional-para-jovens\/\",\"name\":\"Funda\u00e7\u00e3o Bunge Inicia Forma\u00e7\u00e3o Profissional para Jovens - Harald\",\"isPartOf\":{\"@id\":\"https:\/\/homolog.harald.com.br\/site-2026\/#website\"},\"primaryImageOfPage\":{\"@id\":\"https:\/\/homolog.harald.com.br\/site-2026\/blog\/fundacao-bunge-inicia-formacao-profissional-para-jovens\/#primaryimage\"},\"image\":{\"@id\":\"https:\/\/homolog.harald.com.br\/site-2026\/blog\/fundacao-bunge-inicia-formacao-profissional-para-jovens\/#primaryimage\"},\"thumbnailUrl\":\"https:\/\/homolog.harald.com.br\/site-2026\/wp-content\/uploads\/2025\/02\/de-grao-em-pao-860x570-1.jpg\",\"datePublished\":\"2025-02-05T14:15:50+00:00\",\"dateModified\":\"2025-02-06T14:28:30+00:00\",\"description\":\"Descubra o projeto De Gr\u00e3o em P\u00e3o, da Funda\u00e7\u00e3o Bunge em parceria com a Harald Chocolates, est\u00e1 ajudando na forma\u00e7\u00e3o profissional de jovens.\",\"breadcrumb\":{\"@id\":\"https:\/\/homolog.harald.com.br\/site-2026\/blog\/fundacao-bunge-inicia-formacao-profissional-para-jovens\/#breadcrumb\"},\"inLanguage\":\"pt-BR\",\"potentialAction\":[{\"@type\":\"ReadAction\",\"target\":[\"https:\/\/homolog.harald.com.br\/site-2026\/blog\/fundacao-bunge-inicia-formacao-profissional-para-jovens\/\"]}]},{\"@type\":\"ImageObject\",\"inLanguage\":\"pt-BR\",\"@id\":\"https:\/\/homolog.harald.com.br\/site-2026\/blog\/fundacao-bunge-inicia-formacao-profissional-para-jovens\/#primaryimage\",\"url\":\"https:\/\/homolog.harald.com.br\/site-2026\/wp-content\/uploads\/2025\/02\/de-grao-em-pao-860x570-1.jpg\",\"contentUrl\":\"https:\/\/homolog.harald.com.br\/site-2026\/wp-content\/uploads\/2025\/02\/de-grao-em-pao-860x570-1.jpg\",\"width\":860,\"height\":570,\"caption\":\"Forma\u00e7\u00e3o Profissional\"},{\"@type\":\"BreadcrumbList\",\"@id\":\"https:\/\/homolog.harald.com.br\/site-2026\/blog\/fundacao-bunge-inicia-formacao-profissional-para-jovens\/#breadcrumb\",\"itemListElement\":[{\"@type\":\"ListItem\",\"position\":1,\"name\":\"In\u00edcio\",\"item\":\"https:\/\/homolog.harald.com.br\/site-2026\/\"},{\"@type\":\"ListItem\",\"position\":2,\"name\":\"Funda\u00e7\u00e3o Bunge Inicia Forma\u00e7\u00e3o Profissional para Jovens\"}]},{\"@type\":\"WebSite\",\"@id\":\"https:\/\/homolog.harald.com.br\/site-2026\/#website\",\"url\":\"https:\/\/homolog.harald.com.br\/site-2026\/\",\"name\":\"Harald\",\"description\":\"Fazer melhor \u00e9 fazer com paix\u00e3o\",\"publisher\":{\"@id\":\"https:\/\/homolog.harald.com.br\/site-2026\/#organization\"},\"potentialAction\":[{\"@type\":\"SearchAction\",\"target\":{\"@type\":\"EntryPoint\",\"urlTemplate\":\"https:\/\/homolog.harald.com.br\/site-2026\/?s={search_term_string}\"},\"query-input\":{\"@type\":\"PropertyValueSpecification\",\"valueRequired\":true,\"valueName\":\"search_term_string\"}}],\"inLanguage\":\"pt-BR\"},{\"@type\":\"Organization\",\"@id\":\"https:\/\/homolog.harald.com.br\/site-2026\/#organization\",\"name\":\"Harald\",\"url\":\"https:\/\/homolog.harald.com.br\/site-2026\/\",\"logo\":{\"@type\":\"ImageObject\",\"inLanguage\":\"pt-BR\",\"@id\":\"https:\/\/homolog.harald.com.br\/site-2026\/#\/schema\/logo\/image\/\",\"url\":\"https:\/\/homolog.harald.com.br\/site-2026\/wp-content\/uploads\/2022\/09\/logo-harald-cmyk-ss.png\",\"contentUrl\":\"https:\/\/homolog.harald.com.br\/site-2026\/wp-content\/uploads\/2022\/09\/logo-harald-cmyk-ss.png\",\"width\":1948,\"height\":1051,\"caption\":\"Harald\"},\"image\":{\"@id\":\"https:\/\/homolog.harald.com.br\/site-2026\/#\/schema\/logo\/image\/\"},\"sameAs\":[\"https:\/\/www.facebook.com\/HaraldChocolates\/\",\"https:\/\/www.youtube.com\/user\/HaraldChocolates\"]},{\"@type\":\"Person\",\"@id\":\"https:\/\/homolog.harald.com.br\/site-2026\/#\/schema\/person\/c71700dd47fb39a337c7f9b89d5e3a00\",\"name\":\"Beatriz Oliveira\",\"image\":{\"@type\":\"ImageObject\",\"inLanguage\":\"pt-BR\",\"@id\":\"https:\/\/homolog.harald.com.br\/site-2026\/#\/schema\/person\/image\/\",\"url\":\"https:\/\/secure.gravatar.com\/avatar\/fdc870643b67a6486b6bef59d475b1e7dea17130b70a2178f5716399590234e6?s=96&d=mm&r=g\",\"contentUrl\":\"https:\/\/secure.gravatar.com\/avatar\/fdc870643b67a6486b6bef59d475b1e7dea17130b70a2178f5716399590234e6?s=96&d=mm&r=g\",\"caption\":\"Beatriz Oliveira\"},\"url\":\"https:\/\/homolog.harald.com.br\/site-2026\/blog\/author\/beatriz-oliveira\/\"}]}<\/script>\n<!-- \/ Yoast SEO plugin. -->","yoast_head_json":{"title":"Funda\u00e7\u00e3o Bunge Inicia Forma\u00e7\u00e3o Profissional para Jovens - Harald","description":"Descubra o projeto De Gr\u00e3o em P\u00e3o, da Funda\u00e7\u00e3o Bunge em parceria com a Harald Chocolates, est\u00e1 ajudando na forma\u00e7\u00e3o profissional de jovens.","robots":{"index":"noindex","follow":"follow","max-snippet":"max-snippet:-1","max-image-preview":"max-image-preview:large","max-video-preview":"max-video-preview:-1"},"og_locale":"pt_BR","og_type":"article","og_title":"Funda\u00e7\u00e3o Bunge Inicia Forma\u00e7\u00e3o Profissional para Jovens - Harald","og_description":"Descubra o projeto De Gr\u00e3o em P\u00e3o, da Funda\u00e7\u00e3o Bunge em parceria com a Harald Chocolates, est\u00e1 ajudando na forma\u00e7\u00e3o profissional de jovens.","og_url":"https:\/\/homolog.harald.com.br\/site-2026\/blog\/fundacao-bunge-inicia-formacao-profissional-para-jovens\/","og_site_name":"Harald","article_publisher":"https:\/\/www.facebook.com\/HaraldChocolates\/","article_published_time":"2025-02-05T14:15:50+00:00","article_modified_time":"2025-02-06T14:28:30+00:00","og_image":[{"width":860,"height":570,"url":"https:\/\/homolog.harald.com.br\/site-2026\/wp-content\/uploads\/2025\/02\/de-grao-em-pao-860x570-1.jpg","type":"image\/jpeg"}],"author":"Beatriz Oliveira","twitter_card":"summary_large_image","twitter_misc":{"Escrito por":"Beatriz Oliveira","Est. tempo de leitura":"4 minutos"},"schema":{"@context":"https:\/\/schema.org","@graph":[{"@type":"Article","@id":"https:\/\/homolog.harald.com.br\/site-2026\/blog\/fundacao-bunge-inicia-formacao-profissional-para-jovens\/#article","isPartOf":{"@id":"https:\/\/homolog.harald.com.br\/site-2026\/blog\/fundacao-bunge-inicia-formacao-profissional-para-jovens\/"},"author":{"name":"Beatriz Oliveira","@id":"https:\/\/homolog.harald.com.br\/site-2026\/#\/schema\/person\/c71700dd47fb39a337c7f9b89d5e3a00"},"headline":"Funda\u00e7\u00e3o Bunge Inicia Forma\u00e7\u00e3o Profissional para Jovens","datePublished":"2025-02-05T14:15:50+00:00","dateModified":"2025-02-06T14:28:30+00:00","mainEntityOfPage":{"@id":"https:\/\/homolog.harald.com.br\/site-2026\/blog\/fundacao-bunge-inicia-formacao-profissional-para-jovens\/"},"wordCount":570,"publisher":{"@id":"https:\/\/homolog.harald.com.br\/site-2026\/#organization"},"image":{"@id":"https:\/\/homolog.harald.com.br\/site-2026\/blog\/fundacao-bunge-inicia-formacao-profissional-para-jovens\/#primaryimage"},"thumbnailUrl":"https:\/\/homolog.harald.com.br\/site-2026\/wp-content\/uploads\/2025\/02\/de-grao-em-pao-860x570-1.jpg","articleSection":["Not\u00edcias"],"inLanguage":"pt-BR"},{"@type":"WebPage","@id":"https:\/\/homolog.harald.com.br\/site-2026\/blog\/fundacao-bunge-inicia-formacao-profissional-para-jovens\/","url":"https:\/\/homolog.harald.com.br\/site-2026\/blog\/fundacao-bunge-inicia-formacao-profissional-para-jovens\/","name":"Funda\u00e7\u00e3o Bunge Inicia Forma\u00e7\u00e3o Profissional para Jovens - Harald","isPartOf":{"@id":"https:\/\/homolog.harald.com.br\/site-2026\/#website"},"primaryImageOfPage":{"@id":"https:\/\/homolog.harald.com.br\/site-2026\/blog\/fundacao-bunge-inicia-formacao-profissional-para-jovens\/#primaryimage"},"image":{"@id":"https:\/\/homolog.harald.com.br\/site-2026\/blog\/fundacao-bunge-inicia-formacao-profissional-para-jovens\/#primaryimage"},"thumbnailUrl":"https:\/\/homolog.harald.com.br\/site-2026\/wp-content\/uploads\/2025\/02\/de-grao-em-pao-860x570-1.jpg","datePublished":"2025-02-05T14:15:50+00:00","dateModified":"2025-02-06T14:28:30+00:00","description":"Descubra o projeto De Gr\u00e3o em P\u00e3o, da Funda\u00e7\u00e3o Bunge em parceria com a Harald Chocolates, est\u00e1 ajudando na forma\u00e7\u00e3o profissional de jovens.","breadcrumb":{"@id":"https:\/\/homolog.harald.com.br\/site-2026\/blog\/fundacao-bunge-inicia-formacao-profissional-para-jovens\/#breadcrumb"},"inLanguage":"pt-BR","potentialAction":[{"@type":"ReadAction","target":["https:\/\/homolog.harald.com.br\/site-2026\/blog\/fundacao-bunge-inicia-formacao-profissional-para-jovens\/"]}]},{"@type":"ImageObject","inLanguage":"pt-BR","@id":"https:\/\/homolog.harald.com.br\/site-2026\/blog\/fundacao-bunge-inicia-formacao-profissional-para-jovens\/#primaryimage","url":"https:\/\/homolog.harald.com.br\/site-2026\/wp-content\/uploads\/2025\/02\/de-grao-em-pao-860x570-1.jpg","contentUrl":"https:\/\/homolog.harald.com.br\/site-2026\/wp-content\/uploads\/2025\/02\/de-grao-em-pao-860x570-1.jpg","width":860,"height":570,"caption":"Forma\u00e7\u00e3o Profissional"},{"@type":"BreadcrumbList","@id":"https:\/\/homolog.harald.com.br\/site-2026\/blog\/fundacao-bunge-inicia-formacao-profissional-para-jovens\/#breadcrumb","itemListElement":[{"@type":"ListItem","position":1,"name":"In\u00edcio","item":"https:\/\/homolog.harald.com.br\/site-2026\/"},{"@type":"ListItem","position":2,"name":"Funda\u00e7\u00e3o Bunge Inicia Forma\u00e7\u00e3o Profissional para Jovens"}]},{"@type":"WebSite","@id":"https:\/\/homolog.harald.com.br\/site-2026\/#website","url":"https:\/\/homolog.harald.com.br\/site-2026\/","name":"Harald","description":"Fazer melhor \u00e9 fazer com paix\u00e3o","publisher":{"@id":"https:\/\/homolog.harald.com.br\/site-2026\/#organization"},"potentialAction":[{"@type":"SearchAction","target":{"@type":"EntryPoint","urlTemplate":"https:\/\/homolog.harald.com.br\/site-2026\/?s={search_term_string}"},"query-input":{"@type":"PropertyValueSpecification","valueRequired":true,"valueName":"search_term_string"}}],"inLanguage":"pt-BR"},{"@type":"Organization","@id":"https:\/\/homolog.harald.com.br\/site-2026\/#organization","name":"Harald","url":"https:\/\/homolog.harald.com.br\/site-2026\/","logo":{"@type":"ImageObject","inLanguage":"pt-BR","@id":"https:\/\/homolog.harald.com.br\/site-2026\/#\/schema\/logo\/image\/","url":"https:\/\/homolog.harald.com.br\/site-2026\/wp-content\/uploads\/2022\/09\/logo-harald-cmyk-ss.png","contentUrl":"https:\/\/homolog.harald.com.br\/site-2026\/wp-content\/uploads\/2022\/09\/logo-harald-cmyk-ss.png","width":1948,"height":1051,"caption":"Harald"},"image":{"@id":"https:\/\/homolog.harald.com.br\/site-2026\/#\/schema\/logo\/image\/"},"sameAs":["https:\/\/www.facebook.com\/HaraldChocolates\/","https:\/\/www.youtube.com\/user\/HaraldChocolates"]},{"@type":"Person","@id":"https:\/\/homolog.harald.com.br\/site-2026\/#\/schema\/person\/c71700dd47fb39a337c7f9b89d5e3a00","name":"Beatriz Oliveira","image":{"@type":"ImageObject","inLanguage":"pt-BR","@id":"https:\/\/homolog.harald.com.br\/site-2026\/#\/schema\/person\/image\/","url":"https:\/\/secure.gravatar.com\/avatar\/fdc870643b67a6486b6bef59d475b1e7dea17130b70a2178f5716399590234e6?s=96&d=mm&r=g","contentUrl":"https:\/\/secure.gravatar.com\/avatar\/fdc870643b67a6486b6bef59d475b1e7dea17130b70a2178f5716399590234e6?s=96&d=mm&r=g","caption":"Beatriz Oliveira"},"url":"https:\/\/homolog.harald.com.br\/site-2026\/blog\/author\/beatriz-oliveira\/"}]}},"uagb_featured_image_src":{"full":["https:\/\/homolog.harald.com.br\/site-2026\/wp-content\/uploads\/2025\/02\/de-grao-em-pao-860x570-1.jpg",860,570,false],"thumbnail":["https:\/\/homolog.harald.com.br\/site-2026\/wp-content\/uploads\/2025\/02\/de-grao-em-pao-860x570-1-150x150.jpg",150,150,true],"medium":["https:\/\/homolog.harald.com.br\/site-2026\/wp-content\/uploads\/2025\/02\/de-grao-em-pao-860x570-1-300x199.jpg",300,199,true],"medium_large":["https:\/\/homolog.harald.com.br\/site-2026\/wp-content\/uploads\/2025\/02\/de-grao-em-pao-860x570-1-768x509.jpg",768,509,true],"large":["https:\/\/homolog.harald.com.br\/site-2026\/wp-content\/uploads\/2025\/02\/de-grao-em-pao-860x570-1.jpg",860,570,false],"1536x1536":["https:\/\/homolog.harald.com.br\/site-2026\/wp-content\/uploads\/2025\/02\/de-grao-em-pao-860x570-1.jpg",860,570,false],"2048x2048":["https:\/\/homolog.harald.com.br\/site-2026\/wp-content\/uploads\/2025\/02\/de-grao-em-pao-860x570-1.jpg",860,570,false],"full-width":["https:\/\/homolog.harald.com.br\/site-2026\/wp-content\/uploads\/2025\/02\/de-grao-em-pao-860x570-1.jpg",860,570,false],"gform-image-choice-sm":["https:\/\/homolog.harald.com.br\/site-2026\/wp-content\/uploads\/2025\/02\/de-grao-em-pao-860x570-1.jpg",300,199,false],"gform-image-choice-md":["https:\/\/homolog.harald.com.br\/site-2026\/wp-content\/uploads\/2025\/02\/de-grao-em-pao-860x570-1.jpg",400,265,false],"gform-image-choice-lg":["https:\/\/homolog.harald.com.br\/site-2026\/wp-content\/uploads\/2025\/02\/de-grao-em-pao-860x570-1.jpg",600,398,false]},"uagb_author_info":{"display_name":"Beatriz Oliveira","author_link":"https:\/\/homolog.harald.com.br\/site-2026\/blog\/author\/beatriz-oliveira\/"},"uagb_comment_info":0,"uagb_excerpt":"Funda\u00e7\u00e3o Bunge Inicia Forma\u00e7\u00e3o Profissional para Jovens em Panifica\u00e7\u00e3o e Confeitaria com Parceria da Harald O projeto De Gr\u00e3o em P\u00e3o, da Funda\u00e7\u00e3o Bunge \u00e9 uma iniciativa que visa capacitar jovens das periferias de S\u00e3o Paulo, Rio de Janeiro e Recife nas \u00e1reas de panifica\u00e7\u00e3o e confeitaria, promovendo o desenvolvimento t\u00e9cnico, e tamb\u00e9m o aprimoramento&hellip;","_links":{"self":[{"href":"https:\/\/homolog.harald.com.br\/site-2026\/wp-json\/wp\/v2\/posts\/250482","targetHints":{"allow":["GET"]}}],"collection":[{"href":"https:\/\/homolog.harald.com.br\/site-2026\/wp-json\/wp\/v2\/posts"}],"about":[{"href":"https:\/\/homolog.harald.com.br\/site-2026\/wp-json\/wp\/v2\/types\/post"}],"author":[{"embeddable":true,"href":"https:\/\/homolog.harald.com.br\/site-2026\/wp-json\/wp\/v2\/users\/14"}],"replies":[{"embeddable":true,"href":"https:\/\/homolog.harald.com.br\/site-2026\/wp-json\/wp\/v2\/comments?post=250482"}],"version-history":[{"count":3,"href":"https:\/\/homolog.harald.com.br\/site-2026\/wp-json\/wp\/v2\/posts\/250482\/revisions"}],"predecessor-version":[{"id":250492,"href":"https:\/\/homolog.harald.com.br\/site-2026\/wp-json\/wp\/v2\/posts\/250482\/revisions\/250492"}],"wp:featuredmedia":[{"embeddable":true,"href":"https:\/\/homolog.harald.com.br\/site-2026\/wp-json\/wp\/v2\/media\/250489"}],"wp:attachment":[{"href":"https:\/\/homolog.harald.com.br\/site-2026\/wp-json\/wp\/v2\/media?parent=250482"}],"wp:term":[{"taxonomy":"category","embeddable":true,"href":"https:\/\/homolog.harald.com.br\/site-2026\/wp-json\/wp\/v2\/categories?post=250482"},{"taxonomy":"post_tag","embeddable":true,"href":"https:\/\/homolog.harald.com.br\/site-2026\/wp-json\/wp\/v2\/tags?post=250482"},{"taxonomy":"para-seu-negocio","embeddable":true,"href":"https:\/\/homolog.harald.com.br\/site-2026\/wp-json\/wp\/v2\/para-seu-negocio?post=250482"}],"curies":[{"name":"wp","href":"https:\/\/api.w.org\/{rel}","templated":true}]}}