{"id":232485,"date":"2024-12-17T10:49:15","date_gmt":"2024-12-17T13:49:15","guid":{"rendered":"https:\/\/homolog.harald.com.br\/site-2026\/?p=232485"},"modified":"2024-12-20T10:57:24","modified_gmt":"2024-12-20T13:57:24","slug":"chocolate-o-presente-versatil-e-afetivo-para-o-natal","status":"publish","type":"post","link":"https:\/\/homolog.harald.com.br\/site-2026\/blog\/chocolate-o-presente-versatil-e-afetivo-para-o-natal\/","title":{"rendered":"Chocolate: o presente vers\u00e1til e afetivo para o Natal"},"content":{"rendered":"<h2>Chocolate: o presente vers\u00e1til e afetivo para o Natal<\/h2>\n<p>O fim de ano se aproxima e a lista de presentes j\u00e1 come\u00e7a a crescer na mente dos consumidores.<\/p>\n<p>Neste per\u00edodo de celebra\u00e7\u00e3o e uni\u00e3o, o chocolate se destaca como o presente perfeito para agradar amigos e familiares. A Harald, refer\u00eancia em chocolates e coberturas para confeitaria, ressalta o chocolate como a op\u00e7\u00e3o ideal para confeiteiros que buscam uma renda extra. Assim, com produtos que encantam e proporcionam experi\u00eancias \u00fanicas, o chocolate atende a todos os gostos, agradando desde crian\u00e7as at\u00e9 os mais velhos e trazendo um toque especial para o Natal.<\/p>\n<p><img loading=\"lazy\" decoding=\"async\" class=\"aligncenter wp-image-133442 \" src=\"https:\/\/homolog.harald.com.br\/site-2026\/wp-content\/uploads\/2023\/12\/harald-06-2023-1-scaled-e1715601506760.jpg\" alt=\"Biscoitos-Estrela Cobertos com Chocolate Plant-Based\" width=\"622\" height=\"420\" srcset=\"https:\/\/homolog.harald.com.br\/site-2026\/wp-content\/uploads\/2023\/12\/harald-06-2023-1-scaled-e1715601506760.jpg 1894w, https:\/\/homolog.harald.com.br\/site-2026\/wp-content\/uploads\/2023\/12\/harald-06-2023-1-scaled-e1715601506760-300x203.jpg 300w, https:\/\/homolog.harald.com.br\/site-2026\/wp-content\/uploads\/2023\/12\/harald-06-2023-1-scaled-e1715601506760-1024x692.jpg 1024w, https:\/\/homolog.harald.com.br\/site-2026\/wp-content\/uploads\/2023\/12\/harald-06-2023-1-scaled-e1715601506760-768x519.jpg 768w, https:\/\/homolog.harald.com.br\/site-2026\/wp-content\/uploads\/2023\/12\/harald-06-2023-1-scaled-e1715601506760-1536x1038.jpg 1536w\" sizes=\"auto, (max-width: 622px) 100vw, 622px\" \/><\/p>\n<h3>Presenteie todas as idades com criatividade e encanto<\/h3>\n<p>O chocolate permite aos confeiteiros explorarem sua criatividade com decora\u00e7\u00f5es personalizadas. Desde temas infantis at\u00e9 estilos sofisticados, a versatilidade do chocolate cria mini bombons vibrantes, trufas festivas e figuras natalinas que estabelecem conex\u00f5es emocionais. \u201cO chocolate possibilita desde enfeites delicados para crian\u00e7as at\u00e9 presentes elegantes para adultos, trazendo o clima festivo de forma saborosa e visualmente atrativa\u201d, destaca <strong>Vivian Feldman<\/strong>, chef chocolatier da Harald. Com o toque certo, cada cria\u00e7\u00e3o vira um presente \u00fanico que encanta e surpreende.<\/p>\n<h3>Personalidade e afeto: detalhes que fazem a diferen\u00e7a<\/h3>\n<p>Transmitir afeto com chocolate se torna ainda mais especial quando a embalagem \u00e9 pensada com cuidado. Caixas tem\u00e1ticas, latas vintage e embalagens ecol\u00f3gicas destacam o presente e conferem exclusividade. \u201cInvestir em embalagens alinhadas com o esp\u00edrito das festas e personalizar com mensagens e acabamentos faz toda a diferen\u00e7a\u201d, explica Vivian. Al\u00e9m disso, um presente bem embalado transmite carinho, transformando o ato de presentear em uma experi\u00eancia memor\u00e1vel.<\/p>\n<h3>Aumente suas vendas de chocolate no Natal<\/h3>\n<p>Confeiteiros que querem se destacar precisam investir em comunica\u00e7\u00e3o eficiente para impulsionar as vendas. \u201cFotos de alta qualidade, posts nas redes sociais e o apoio de amigos ajudam a aumentar a visibilidade dos produtos\u201d, orienta Vivian. Assim, apostar em temas natalinos, combos promocionais e embalagens especiais atrai clientes e os fideliza. Combos com bombons, minibolos e trufas agregam valor e tornam o chocolate uma op\u00e7\u00e3o irresist\u00edvel.<\/p>\n<h3>Sobre a <a href=\"https:\/\/homolog.harald.com.br\/site-2026\/\">Harald<\/a><\/h3>\n<p>L\u00edder em chocolates e coberturas para confeitaria, a Harald \u00e9 refer\u00eancia para o mercado especializado, food service e cash &amp; carry. Por fim, com marcas como <strong>Unique<\/strong>, <strong>Melken<\/strong>, <strong>Inovare<\/strong>, <strong>TOP<\/strong> e <strong>Confeiteiro<\/strong>, a empresa atende desde 1982 aos confeiteiros profissionais. Desde 2015, integra o grupo Fuji Oil, gigante japonesa com atua\u00e7\u00e3o global.<\/p>\n","protected":false},"excerpt":{"rendered":"<p>Chocolate: o presente vers\u00e1til e afetivo para o Natal O fim de ano se aproxima e a lista de presentes j\u00e1 come\u00e7a a crescer na mente dos consumidores. Neste per\u00edodo de celebra\u00e7\u00e3o e uni\u00e3o, o chocolate se destaca como o presente perfeito para agradar amigos e familiares. A Harald, refer\u00eancia em chocolates e coberturas para <a class=\"more-link\" href=\"https:\/\/homolog.harald.com.br\/site-2026\/blog\/chocolate-o-presente-versatil-e-afetivo-para-o-natal\/\">Read more&#8230;<\/a><\/p>\n","protected":false},"author":14,"featured_media":133442,"comment_status":"closed","ping_status":"closed","sticky":false,"template":"","format":"standard","meta":{"_acf_changed":false,"_uag_custom_page_level_css":"","footnotes":""},"categories":[158],"tags":[],"para-seu-negocio":[],"class_list":["post-232485","post","type-post","status-publish","format-standard","has-post-thumbnail","hentry","category-noticias"],"acf":[],"yoast_head":"<!-- This site is optimized with the Yoast SEO plugin v26.3 - https:\/\/yoast.com\/wordpress\/plugins\/seo\/ -->\n<title>Chocolate: o presente vers\u00e1til e afetivo para o Natal - Harald<\/title>\n<meta name=\"description\" content=\"Chocolate: o presente vers\u00e1til e afetivo para o Natal, dicas criativas, embalagens especiais e estrat\u00e9gias para confeiteiros!\" \/>\n<meta name=\"robots\" content=\"noindex, follow, max-snippet:-1, max-image-preview:large, max-video-preview:-1\" \/>\n<meta property=\"og:locale\" content=\"pt_BR\" \/>\n<meta property=\"og:type\" content=\"article\" \/>\n<meta property=\"og:title\" content=\"Chocolate: o presente vers\u00e1til e afetivo para o Natal - Harald\" \/>\n<meta property=\"og:description\" content=\"Chocolate: o presente vers\u00e1til e afetivo para o Natal, dicas criativas, embalagens especiais e estrat\u00e9gias para confeiteiros!\" \/>\n<meta property=\"og:url\" content=\"https:\/\/homolog.harald.com.br\/site-2026\/blog\/chocolate-o-presente-versatil-e-afetivo-para-o-natal\/\" \/>\n<meta property=\"og:site_name\" content=\"Harald\" \/>\n<meta property=\"article:publisher\" content=\"https:\/\/www.facebook.com\/HaraldChocolates\/\" \/>\n<meta property=\"article:published_time\" content=\"2024-12-17T13:49:15+00:00\" \/>\n<meta property=\"article:modified_time\" content=\"2024-12-20T13:57:24+00:00\" \/>\n<meta property=\"og:image\" content=\"https:\/\/homolog.harald.com.br\/site-2026\/wp-content\/uploads\/2023\/12\/harald-06-2023-1-scaled-e1715601506760.jpg\" \/>\n\t<meta property=\"og:image:width\" content=\"1894\" \/>\n\t<meta property=\"og:image:height\" content=\"1280\" \/>\n\t<meta property=\"og:image:type\" content=\"image\/jpeg\" \/>\n<meta name=\"author\" content=\"Beatriz Oliveira\" \/>\n<meta name=\"twitter:card\" content=\"summary_large_image\" \/>\n<meta name=\"twitter:label1\" content=\"Escrito por\" \/>\n\t<meta name=\"twitter:data1\" content=\"Beatriz Oliveira\" \/>\n\t<meta name=\"twitter:label2\" content=\"Est. tempo de leitura\" \/>\n\t<meta name=\"twitter:data2\" content=\"3 minutos\" \/>\n<script type=\"application\/ld+json\" class=\"yoast-schema-graph\">{\"@context\":\"https:\/\/schema.org\",\"@graph\":[{\"@type\":\"Article\",\"@id\":\"https:\/\/homolog.harald.com.br\/site-2026\/blog\/chocolate-o-presente-versatil-e-afetivo-para-o-natal\/#article\",\"isPartOf\":{\"@id\":\"https:\/\/homolog.harald.com.br\/site-2026\/blog\/chocolate-o-presente-versatil-e-afetivo-para-o-natal\/\"},\"author\":{\"name\":\"Beatriz Oliveira\",\"@id\":\"https:\/\/homolog.harald.com.br\/site-2026\/#\/schema\/person\/c71700dd47fb39a337c7f9b89d5e3a00\"},\"headline\":\"Chocolate: o presente vers\u00e1til e afetivo para o Natal\",\"datePublished\":\"2024-12-17T13:49:15+00:00\",\"dateModified\":\"2024-12-20T13:57:24+00:00\",\"mainEntityOfPage\":{\"@id\":\"https:\/\/homolog.harald.com.br\/site-2026\/blog\/chocolate-o-presente-versatil-e-afetivo-para-o-natal\/\"},\"wordCount\":423,\"publisher\":{\"@id\":\"https:\/\/homolog.harald.com.br\/site-2026\/#organization\"},\"image\":{\"@id\":\"https:\/\/homolog.harald.com.br\/site-2026\/blog\/chocolate-o-presente-versatil-e-afetivo-para-o-natal\/#primaryimage\"},\"thumbnailUrl\":\"https:\/\/homolog.harald.com.br\/site-2026\/wp-content\/uploads\/2023\/12\/harald-06-2023-1-scaled-e1715601506760.jpg\",\"articleSection\":[\"Not\u00edcias\"],\"inLanguage\":\"pt-BR\"},{\"@type\":\"WebPage\",\"@id\":\"https:\/\/homolog.harald.com.br\/site-2026\/blog\/chocolate-o-presente-versatil-e-afetivo-para-o-natal\/\",\"url\":\"https:\/\/homolog.harald.com.br\/site-2026\/blog\/chocolate-o-presente-versatil-e-afetivo-para-o-natal\/\",\"name\":\"Chocolate: o presente vers\u00e1til e afetivo para o Natal - Harald\",\"isPartOf\":{\"@id\":\"https:\/\/homolog.harald.com.br\/site-2026\/#website\"},\"primaryImageOfPage\":{\"@id\":\"https:\/\/homolog.harald.com.br\/site-2026\/blog\/chocolate-o-presente-versatil-e-afetivo-para-o-natal\/#primaryimage\"},\"image\":{\"@id\":\"https:\/\/homolog.harald.com.br\/site-2026\/blog\/chocolate-o-presente-versatil-e-afetivo-para-o-natal\/#primaryimage\"},\"thumbnailUrl\":\"https:\/\/homolog.harald.com.br\/site-2026\/wp-content\/uploads\/2023\/12\/harald-06-2023-1-scaled-e1715601506760.jpg\",\"datePublished\":\"2024-12-17T13:49:15+00:00\",\"dateModified\":\"2024-12-20T13:57:24+00:00\",\"description\":\"Chocolate: o presente vers\u00e1til e afetivo para o Natal, dicas criativas, embalagens especiais e estrat\u00e9gias para confeiteiros!\",\"breadcrumb\":{\"@id\":\"https:\/\/homolog.harald.com.br\/site-2026\/blog\/chocolate-o-presente-versatil-e-afetivo-para-o-natal\/#breadcrumb\"},\"inLanguage\":\"pt-BR\",\"potentialAction\":[{\"@type\":\"ReadAction\",\"target\":[\"https:\/\/homolog.harald.com.br\/site-2026\/blog\/chocolate-o-presente-versatil-e-afetivo-para-o-natal\/\"]}]},{\"@type\":\"ImageObject\",\"inLanguage\":\"pt-BR\",\"@id\":\"https:\/\/homolog.harald.com.br\/site-2026\/blog\/chocolate-o-presente-versatil-e-afetivo-para-o-natal\/#primaryimage\",\"url\":\"https:\/\/homolog.harald.com.br\/site-2026\/wp-content\/uploads\/2023\/12\/harald-06-2023-1-scaled-e1715601506760.jpg\",\"contentUrl\":\"https:\/\/homolog.harald.com.br\/site-2026\/wp-content\/uploads\/2023\/12\/harald-06-2023-1-scaled-e1715601506760.jpg\",\"width\":1894,\"height\":1280,\"caption\":\"Biscoitos-Estrela Cobertos com Chocolate Plant-Based\"},{\"@type\":\"BreadcrumbList\",\"@id\":\"https:\/\/homolog.harald.com.br\/site-2026\/blog\/chocolate-o-presente-versatil-e-afetivo-para-o-natal\/#breadcrumb\",\"itemListElement\":[{\"@type\":\"ListItem\",\"position\":1,\"name\":\"In\u00edcio\",\"item\":\"https:\/\/homolog.harald.com.br\/site-2026\/\"},{\"@type\":\"ListItem\",\"position\":2,\"name\":\"Chocolate: o presente vers\u00e1til e afetivo para o Natal\"}]},{\"@type\":\"WebSite\",\"@id\":\"https:\/\/homolog.harald.com.br\/site-2026\/#website\",\"url\":\"https:\/\/homolog.harald.com.br\/site-2026\/\",\"name\":\"Harald\",\"description\":\"Fazer melhor \u00e9 fazer com paix\u00e3o\",\"publisher\":{\"@id\":\"https:\/\/homolog.harald.com.br\/site-2026\/#organization\"},\"potentialAction\":[{\"@type\":\"SearchAction\",\"target\":{\"@type\":\"EntryPoint\",\"urlTemplate\":\"https:\/\/homolog.harald.com.br\/site-2026\/?s={search_term_string}\"},\"query-input\":{\"@type\":\"PropertyValueSpecification\",\"valueRequired\":true,\"valueName\":\"search_term_string\"}}],\"inLanguage\":\"pt-BR\"},{\"@type\":\"Organization\",\"@id\":\"https:\/\/homolog.harald.com.br\/site-2026\/#organization\",\"name\":\"Harald\",\"url\":\"https:\/\/homolog.harald.com.br\/site-2026\/\",\"logo\":{\"@type\":\"ImageObject\",\"inLanguage\":\"pt-BR\",\"@id\":\"https:\/\/homolog.harald.com.br\/site-2026\/#\/schema\/logo\/image\/\",\"url\":\"https:\/\/homolog.harald.com.br\/site-2026\/wp-content\/uploads\/2022\/09\/logo-harald-cmyk-ss.png\",\"contentUrl\":\"https:\/\/homolog.harald.com.br\/site-2026\/wp-content\/uploads\/2022\/09\/logo-harald-cmyk-ss.png\",\"width\":1948,\"height\":1051,\"caption\":\"Harald\"},\"image\":{\"@id\":\"https:\/\/homolog.harald.com.br\/site-2026\/#\/schema\/logo\/image\/\"},\"sameAs\":[\"https:\/\/www.facebook.com\/HaraldChocolates\/\",\"https:\/\/www.youtube.com\/user\/HaraldChocolates\"]},{\"@type\":\"Person\",\"@id\":\"https:\/\/homolog.harald.com.br\/site-2026\/#\/schema\/person\/c71700dd47fb39a337c7f9b89d5e3a00\",\"name\":\"Beatriz Oliveira\",\"image\":{\"@type\":\"ImageObject\",\"inLanguage\":\"pt-BR\",\"@id\":\"https:\/\/homolog.harald.com.br\/site-2026\/#\/schema\/person\/image\/\",\"url\":\"https:\/\/secure.gravatar.com\/avatar\/fdc870643b67a6486b6bef59d475b1e7dea17130b70a2178f5716399590234e6?s=96&d=mm&r=g\",\"contentUrl\":\"https:\/\/secure.gravatar.com\/avatar\/fdc870643b67a6486b6bef59d475b1e7dea17130b70a2178f5716399590234e6?s=96&d=mm&r=g\",\"caption\":\"Beatriz Oliveira\"},\"url\":\"https:\/\/homolog.harald.com.br\/site-2026\/blog\/author\/beatriz-oliveira\/\"}]}<\/script>\n<!-- \/ Yoast SEO plugin. -->","yoast_head_json":{"title":"Chocolate: o presente vers\u00e1til e afetivo para o Natal - Harald","description":"Chocolate: o presente vers\u00e1til e afetivo para o Natal, dicas criativas, embalagens especiais e estrat\u00e9gias para confeiteiros!","robots":{"index":"noindex","follow":"follow","max-snippet":"max-snippet:-1","max-image-preview":"max-image-preview:large","max-video-preview":"max-video-preview:-1"},"og_locale":"pt_BR","og_type":"article","og_title":"Chocolate: o presente vers\u00e1til e afetivo para o Natal - Harald","og_description":"Chocolate: o presente vers\u00e1til e afetivo para o Natal, dicas criativas, embalagens especiais e estrat\u00e9gias para confeiteiros!","og_url":"https:\/\/homolog.harald.com.br\/site-2026\/blog\/chocolate-o-presente-versatil-e-afetivo-para-o-natal\/","og_site_name":"Harald","article_publisher":"https:\/\/www.facebook.com\/HaraldChocolates\/","article_published_time":"2024-12-17T13:49:15+00:00","article_modified_time":"2024-12-20T13:57:24+00:00","og_image":[{"width":1894,"height":1280,"url":"https:\/\/homolog.harald.com.br\/site-2026\/wp-content\/uploads\/2023\/12\/harald-06-2023-1-scaled-e1715601506760.jpg","type":"image\/jpeg"}],"author":"Beatriz Oliveira","twitter_card":"summary_large_image","twitter_misc":{"Escrito por":"Beatriz Oliveira","Est. tempo de leitura":"3 minutos"},"schema":{"@context":"https:\/\/schema.org","@graph":[{"@type":"Article","@id":"https:\/\/homolog.harald.com.br\/site-2026\/blog\/chocolate-o-presente-versatil-e-afetivo-para-o-natal\/#article","isPartOf":{"@id":"https:\/\/homolog.harald.com.br\/site-2026\/blog\/chocolate-o-presente-versatil-e-afetivo-para-o-natal\/"},"author":{"name":"Beatriz Oliveira","@id":"https:\/\/homolog.harald.com.br\/site-2026\/#\/schema\/person\/c71700dd47fb39a337c7f9b89d5e3a00"},"headline":"Chocolate: o presente vers\u00e1til e afetivo para o Natal","datePublished":"2024-12-17T13:49:15+00:00","dateModified":"2024-12-20T13:57:24+00:00","mainEntityOfPage":{"@id":"https:\/\/homolog.harald.com.br\/site-2026\/blog\/chocolate-o-presente-versatil-e-afetivo-para-o-natal\/"},"wordCount":423,"publisher":{"@id":"https:\/\/homolog.harald.com.br\/site-2026\/#organization"},"image":{"@id":"https:\/\/homolog.harald.com.br\/site-2026\/blog\/chocolate-o-presente-versatil-e-afetivo-para-o-natal\/#primaryimage"},"thumbnailUrl":"https:\/\/homolog.harald.com.br\/site-2026\/wp-content\/uploads\/2023\/12\/harald-06-2023-1-scaled-e1715601506760.jpg","articleSection":["Not\u00edcias"],"inLanguage":"pt-BR"},{"@type":"WebPage","@id":"https:\/\/homolog.harald.com.br\/site-2026\/blog\/chocolate-o-presente-versatil-e-afetivo-para-o-natal\/","url":"https:\/\/homolog.harald.com.br\/site-2026\/blog\/chocolate-o-presente-versatil-e-afetivo-para-o-natal\/","name":"Chocolate: o presente vers\u00e1til e afetivo para o Natal - Harald","isPartOf":{"@id":"https:\/\/homolog.harald.com.br\/site-2026\/#website"},"primaryImageOfPage":{"@id":"https:\/\/homolog.harald.com.br\/site-2026\/blog\/chocolate-o-presente-versatil-e-afetivo-para-o-natal\/#primaryimage"},"image":{"@id":"https:\/\/homolog.harald.com.br\/site-2026\/blog\/chocolate-o-presente-versatil-e-afetivo-para-o-natal\/#primaryimage"},"thumbnailUrl":"https:\/\/homolog.harald.com.br\/site-2026\/wp-content\/uploads\/2023\/12\/harald-06-2023-1-scaled-e1715601506760.jpg","datePublished":"2024-12-17T13:49:15+00:00","dateModified":"2024-12-20T13:57:24+00:00","description":"Chocolate: o presente vers\u00e1til e afetivo para o Natal, dicas criativas, embalagens especiais e estrat\u00e9gias para confeiteiros!","breadcrumb":{"@id":"https:\/\/homolog.harald.com.br\/site-2026\/blog\/chocolate-o-presente-versatil-e-afetivo-para-o-natal\/#breadcrumb"},"inLanguage":"pt-BR","potentialAction":[{"@type":"ReadAction","target":["https:\/\/homolog.harald.com.br\/site-2026\/blog\/chocolate-o-presente-versatil-e-afetivo-para-o-natal\/"]}]},{"@type":"ImageObject","inLanguage":"pt-BR","@id":"https:\/\/homolog.harald.com.br\/site-2026\/blog\/chocolate-o-presente-versatil-e-afetivo-para-o-natal\/#primaryimage","url":"https:\/\/homolog.harald.com.br\/site-2026\/wp-content\/uploads\/2023\/12\/harald-06-2023-1-scaled-e1715601506760.jpg","contentUrl":"https:\/\/homolog.harald.com.br\/site-2026\/wp-content\/uploads\/2023\/12\/harald-06-2023-1-scaled-e1715601506760.jpg","width":1894,"height":1280,"caption":"Biscoitos-Estrela Cobertos com Chocolate Plant-Based"},{"@type":"BreadcrumbList","@id":"https:\/\/homolog.harald.com.br\/site-2026\/blog\/chocolate-o-presente-versatil-e-afetivo-para-o-natal\/#breadcrumb","itemListElement":[{"@type":"ListItem","position":1,"name":"In\u00edcio","item":"https:\/\/homolog.harald.com.br\/site-2026\/"},{"@type":"ListItem","position":2,"name":"Chocolate: o presente vers\u00e1til e afetivo para o Natal"}]},{"@type":"WebSite","@id":"https:\/\/homolog.harald.com.br\/site-2026\/#website","url":"https:\/\/homolog.harald.com.br\/site-2026\/","name":"Harald","description":"Fazer melhor \u00e9 fazer com paix\u00e3o","publisher":{"@id":"https:\/\/homolog.harald.com.br\/site-2026\/#organization"},"potentialAction":[{"@type":"SearchAction","target":{"@type":"EntryPoint","urlTemplate":"https:\/\/homolog.harald.com.br\/site-2026\/?s={search_term_string}"},"query-input":{"@type":"PropertyValueSpecification","valueRequired":true,"valueName":"search_term_string"}}],"inLanguage":"pt-BR"},{"@type":"Organization","@id":"https:\/\/homolog.harald.com.br\/site-2026\/#organization","name":"Harald","url":"https:\/\/homolog.harald.com.br\/site-2026\/","logo":{"@type":"ImageObject","inLanguage":"pt-BR","@id":"https:\/\/homolog.harald.com.br\/site-2026\/#\/schema\/logo\/image\/","url":"https:\/\/homolog.harald.com.br\/site-2026\/wp-content\/uploads\/2022\/09\/logo-harald-cmyk-ss.png","contentUrl":"https:\/\/homolog.harald.com.br\/site-2026\/wp-content\/uploads\/2022\/09\/logo-harald-cmyk-ss.png","width":1948,"height":1051,"caption":"Harald"},"image":{"@id":"https:\/\/homolog.harald.com.br\/site-2026\/#\/schema\/logo\/image\/"},"sameAs":["https:\/\/www.facebook.com\/HaraldChocolates\/","https:\/\/www.youtube.com\/user\/HaraldChocolates"]},{"@type":"Person","@id":"https:\/\/homolog.harald.com.br\/site-2026\/#\/schema\/person\/c71700dd47fb39a337c7f9b89d5e3a00","name":"Beatriz Oliveira","image":{"@type":"ImageObject","inLanguage":"pt-BR","@id":"https:\/\/homolog.harald.com.br\/site-2026\/#\/schema\/person\/image\/","url":"https:\/\/secure.gravatar.com\/avatar\/fdc870643b67a6486b6bef59d475b1e7dea17130b70a2178f5716399590234e6?s=96&d=mm&r=g","contentUrl":"https:\/\/secure.gravatar.com\/avatar\/fdc870643b67a6486b6bef59d475b1e7dea17130b70a2178f5716399590234e6?s=96&d=mm&r=g","caption":"Beatriz Oliveira"},"url":"https:\/\/homolog.harald.com.br\/site-2026\/blog\/author\/beatriz-oliveira\/"}]}},"uagb_featured_image_src":{"full":["https:\/\/homolog.harald.com.br\/site-2026\/wp-content\/uploads\/2023\/12\/harald-06-2023-1-scaled-e1715601506760.jpg",1894,1280,false],"thumbnail":["https:\/\/homolog.harald.com.br\/site-2026\/wp-content\/uploads\/2023\/12\/harald-06-2023-1-scaled-e1715601506760-150x150.jpg",150,150,true],"medium":["https:\/\/homolog.harald.com.br\/site-2026\/wp-content\/uploads\/2023\/12\/harald-06-2023-1-scaled-e1715601506760-300x203.jpg",300,203,true],"medium_large":["https:\/\/homolog.harald.com.br\/site-2026\/wp-content\/uploads\/2023\/12\/harald-06-2023-1-scaled-e1715601506760-768x519.jpg",768,519,true],"large":["https:\/\/homolog.harald.com.br\/site-2026\/wp-content\/uploads\/2023\/12\/harald-06-2023-1-scaled-e1715601506760-1024x692.jpg",1024,692,true],"1536x1536":["https:\/\/homolog.harald.com.br\/site-2026\/wp-content\/uploads\/2023\/12\/harald-06-2023-1-scaled-e1715601506760-1536x1038.jpg",1536,1038,true],"2048x2048":["https:\/\/homolog.harald.com.br\/site-2026\/wp-content\/uploads\/2023\/12\/harald-06-2023-1-2048x1365.jpg",2048,1365,true],"full-width":["https:\/\/homolog.harald.com.br\/site-2026\/wp-content\/uploads\/2023\/12\/harald-06-2023-1-scaled-e1715601506760.jpg",1598,1080,false],"gform-image-choice-sm":["https:\/\/homolog.harald.com.br\/site-2026\/wp-content\/uploads\/2023\/12\/harald-06-2023-1-scaled-e1715601506760.jpg",300,203,false],"gform-image-choice-md":["https:\/\/homolog.harald.com.br\/site-2026\/wp-content\/uploads\/2023\/12\/harald-06-2023-1-scaled-e1715601506760.jpg",400,270,false],"gform-image-choice-lg":["https:\/\/homolog.harald.com.br\/site-2026\/wp-content\/uploads\/2023\/12\/harald-06-2023-1-scaled-e1715601506760.jpg",600,405,false]},"uagb_author_info":{"display_name":"Beatriz Oliveira","author_link":"https:\/\/homolog.harald.com.br\/site-2026\/blog\/author\/beatriz-oliveira\/"},"uagb_comment_info":0,"uagb_excerpt":"Chocolate: o presente vers\u00e1til e afetivo para o Natal O fim de ano se aproxima e a lista de presentes j\u00e1 come\u00e7a a crescer na mente dos consumidores. Neste per\u00edodo de celebra\u00e7\u00e3o e uni\u00e3o, o chocolate se destaca como o presente perfeito para agradar amigos e familiares. A Harald, refer\u00eancia em chocolates e coberturas para&hellip;","_links":{"self":[{"href":"https:\/\/homolog.harald.com.br\/site-2026\/wp-json\/wp\/v2\/posts\/232485","targetHints":{"allow":["GET"]}}],"collection":[{"href":"https:\/\/homolog.harald.com.br\/site-2026\/wp-json\/wp\/v2\/posts"}],"about":[{"href":"https:\/\/homolog.harald.com.br\/site-2026\/wp-json\/wp\/v2\/types\/post"}],"author":[{"embeddable":true,"href":"https:\/\/homolog.harald.com.br\/site-2026\/wp-json\/wp\/v2\/users\/14"}],"replies":[{"embeddable":true,"href":"https:\/\/homolog.harald.com.br\/site-2026\/wp-json\/wp\/v2\/comments?post=232485"}],"version-history":[{"count":1,"href":"https:\/\/homolog.harald.com.br\/site-2026\/wp-json\/wp\/v2\/posts\/232485\/revisions"}],"predecessor-version":[{"id":232488,"href":"https:\/\/homolog.harald.com.br\/site-2026\/wp-json\/wp\/v2\/posts\/232485\/revisions\/232488"}],"wp:featuredmedia":[{"embeddable":true,"href":"https:\/\/homolog.harald.com.br\/site-2026\/wp-json\/wp\/v2\/media\/133442"}],"wp:attachment":[{"href":"https:\/\/homolog.harald.com.br\/site-2026\/wp-json\/wp\/v2\/media?parent=232485"}],"wp:term":[{"taxonomy":"category","embeddable":true,"href":"https:\/\/homolog.harald.com.br\/site-2026\/wp-json\/wp\/v2\/categories?post=232485"},{"taxonomy":"post_tag","embeddable":true,"href":"https:\/\/homolog.harald.com.br\/site-2026\/wp-json\/wp\/v2\/tags?post=232485"},{"taxonomy":"para-seu-negocio","embeddable":true,"href":"https:\/\/homolog.harald.com.br\/site-2026\/wp-json\/wp\/v2\/para-seu-negocio?post=232485"}],"curies":[{"name":"wp","href":"https:\/\/api.w.org\/{rel}","templated":true}]}}