{"id":228215,"date":"2024-12-05T11:31:37","date_gmt":"2024-12-05T14:31:37","guid":{"rendered":"https:\/\/homolog.harald.com.br\/site-2026\/?p=228215"},"modified":"2024-12-05T11:31:37","modified_gmt":"2024-12-05T14:31:37","slug":"biscoito-sablee-com-plaquinhas-de-caramelo-aprenda-e-venda","status":"publish","type":"post","link":"https:\/\/homolog.harald.com.br\/site-2026\/blog\/biscoito-sablee-com-plaquinhas-de-caramelo-aprenda-e-venda\/","title":{"rendered":"Biscoito Sabl\u00e9e com Plaquinhas de Caramelo: Aprenda e Venda!"},"content":{"rendered":"<h3><strong>Biscoito Sabl\u00e9e com Plaquinhas de Caramelo: Aprenda e Venda!<\/strong><\/h3>\n<p>Procurando uma forma de surpreender no caf\u00e9 da tarde ou diversificar o card\u00e1pio de doces? A <strong>Harald<\/strong>, l\u00edder em chocolates e coberturas para confeitaria, apresenta a receita de <strong>Biscoito Sabl\u00e9e com Plaquinhas de Caramelo<\/strong>. Assim, com uma textura amanteigada e um toque de do\u00e7ura equilibrado, essa receita combina simplicidade e sofistica\u00e7\u00e3o.<\/p>\n<p>Para garantir um acabamento impec\u00e1vel, a cobertura <strong>TOP sabor Caramelo<\/strong> \u00e9 a escolha ideal. Ela n\u00e3o s\u00f3 facilita o preparo, mas tamb\u00e9m proporciona um brilho irresist\u00edvel na finaliza\u00e7\u00e3o.<\/p>\n<p><img loading=\"lazy\" decoding=\"async\" class=\"wp-image-216847  aligncenter\" src=\"https:\/\/homolog.harald.com.br\/site-2026\/wp-content\/uploads\/2024\/10\/harald-09-2024-1-scaled-e1729176704931.jpg\" alt=\"Biscoito Caramelo\" width=\"549\" height=\"365\" srcset=\"https:\/\/homolog.harald.com.br\/site-2026\/wp-content\/uploads\/2024\/10\/harald-09-2024-1-scaled-e1729176704931.jpg 2107w, https:\/\/homolog.harald.com.br\/site-2026\/wp-content\/uploads\/2024\/10\/harald-09-2024-1-scaled-e1729176704931-300x200.jpg 300w, https:\/\/homolog.harald.com.br\/site-2026\/wp-content\/uploads\/2024\/10\/harald-09-2024-1-scaled-e1729176704931-1024x682.jpg 1024w, https:\/\/homolog.harald.com.br\/site-2026\/wp-content\/uploads\/2024\/10\/harald-09-2024-1-scaled-e1729176704931-768x511.jpg 768w, https:\/\/homolog.harald.com.br\/site-2026\/wp-content\/uploads\/2024\/10\/harald-09-2024-1-scaled-e1729176704931-1536x1023.jpg 1536w, https:\/\/homolog.harald.com.br\/site-2026\/wp-content\/uploads\/2024\/10\/harald-09-2024-1-scaled-e1729176704931-2048x1364.jpg 2048w, https:\/\/homolog.harald.com.br\/site-2026\/wp-content\/uploads\/2024\/10\/harald-09-2024-1-scaled-e1729176704931-1920x1278.jpg 1920w\" sizes=\"auto, (max-width: 549px) 100vw, 549px\" \/><\/p>\n<h3>Receita de Biscoito Sabl\u00e9e<\/h3>\n<p><strong>Ingredientes:<\/strong><\/p>\n<ul>\n<li>200 g de manteiga sem sal (temperatura ambiente)<\/li>\n<li>100 g de a\u00e7\u00facar de confeiteiro<\/li>\n<li>1 pitada de sal<\/li>\n<li>1 ovo m\u00e9dio (aproximadamente 50 g)<\/li>\n<li>300 g de farinha de trigo peneirada<\/li>\n<li>5 g de extrato de baunilha (opcional)<\/li>\n<li>Raspas de 1 lim\u00e3o (opcional, para um toque c\u00edtrico)<\/li>\n<\/ul>\n<p><strong>Modo de Preparo:<\/strong><\/p>\n<ol>\n<li>Em primeiro lugar, bata a manteiga, o a\u00e7\u00facar e o sal at\u00e9 obter uma mistura cremosa.<\/li>\n<li>Adicione o ovo e, se desejar, a baunilha e as raspas de lim\u00e3o.<\/li>\n<li>Em seguida, incorpore a farinha aos poucos, misturando at\u00e9 obter uma massa homog\u00eanea.<\/li>\n<li>Envolva em filme pl\u00e1stico e leve \u00e0 geladeira por 30 minutos.<\/li>\n<li>Assim, abra a massa at\u00e9 0,5 cm de espessura, corte em 24 biscoitos (5&#215;5 cm) e asse a 180\u00b0C por 10 a 12 minutos. Deixe esfriar sobre uma grade.<\/li>\n<\/ol>\n<h3>Plaquinhas de Caramelo<\/h3>\n<p><strong>Ingredientes:<\/strong><\/p>\n<ul>\n<li>240 g de cobertura <strong>TOP sabor Caramelo<\/strong><\/li>\n<\/ul>\n<p><strong>Modo de Preparo:<\/strong><\/p>\n<ol>\n<li>Derreta a cobertura conforme as instru\u00e7\u00f5es da embalagem.<\/li>\n<li>Utilize um molde de 4&#215;4 cm para formar as plaquinhas e leve \u00e0 geladeira at\u00e9 firmarem.<\/li>\n<\/ol>\n<h3>Montagem<\/h3>\n<ol>\n<li>Aplique uma pequena quantidade de cobertura derretida sobre cada biscoito.<\/li>\n<li>Por fim, pressione as plaquinhas de caramelo sobre os biscoitos e deixe cristalizar completamente.<\/li>\n<\/ol>\n<p><strong>Tempo Total:<\/strong> 1h30<br \/>\n<strong>Dificuldade:<\/strong> F\u00e1cil<br \/>\n<strong>Rendimento:<\/strong> 24 unidades<\/p>\n<h3>Por Que Escolher TOP?<\/h3>\n<p>Desde 1993, a linha <strong>TOP<\/strong> \u00e9 refer\u00eancia em coberturas fracionadas no Brasil. Com alto rendimento e sem necessidade de temperagem, proporciona acabamento brilhante e sabor irresist\u00edvel, ideal para confeiteiros que buscam qualidade e praticidade.<\/p>\n<h3>Sobre a Harald<\/h3>\n<p>Fundada em 1982, a <strong>Harald<\/strong> \u00e9 l\u00edder em chocolates para transforma\u00e7\u00e3o, com marcas renomadas como Unique, Melken, Inovare, TOP e Confeiteiro. Al\u00e9m disso, desde 2015, faz parte do grupo global Fuji Oil, consolidando-se como refer\u00eancia no mercado de confeitaria e food service.<\/p>\n","protected":false},"excerpt":{"rendered":"<p>Biscoito Sabl\u00e9e com Plaquinhas de Caramelo: Aprenda e Venda! Procurando uma forma de surpreender no caf\u00e9 da tarde ou diversificar o card\u00e1pio de doces? A Harald, l\u00edder em chocolates e coberturas para confeitaria, apresenta a receita de Biscoito Sabl\u00e9e com Plaquinhas de Caramelo. Assim, com uma textura amanteigada e um toque de do\u00e7ura equilibrado, essa <a class=\"more-link\" href=\"https:\/\/homolog.harald.com.br\/site-2026\/blog\/biscoito-sablee-com-plaquinhas-de-caramelo-aprenda-e-venda\/\">Read more&#8230;<\/a><\/p>\n","protected":false},"author":14,"featured_media":216847,"comment_status":"closed","ping_status":"closed","sticky":false,"template":"","format":"standard","meta":{"_acf_changed":false,"_uag_custom_page_level_css":"","footnotes":""},"categories":[158],"tags":[],"para-seu-negocio":[],"class_list":["post-228215","post","type-post","status-publish","format-standard","has-post-thumbnail","hentry","category-noticias"],"acf":[],"yoast_head":"<!-- This site is optimized with the Yoast SEO plugin v26.3 - https:\/\/yoast.com\/wordpress\/plugins\/seo\/ -->\n<title>Biscoito Sabl\u00e9e com Plaquinhas de Caramelo: Aprenda e Venda! - Harald<\/title>\n<meta name=\"description\" content=\"Aprenda a fazer Biscoito Sabl\u00e9e com Plaquinhas de Caramelo, uma receita sofisticada e f\u00e1cil. Descubra como a cobertura TOP da Harald!\" \/>\n<meta name=\"robots\" content=\"noindex, follow, max-snippet:-1, max-image-preview:large, max-video-preview:-1\" \/>\n<meta property=\"og:locale\" content=\"pt_BR\" \/>\n<meta property=\"og:type\" content=\"article\" \/>\n<meta property=\"og:title\" content=\"Biscoito Sabl\u00e9e com Plaquinhas de Caramelo: Aprenda e Venda! - Harald\" \/>\n<meta property=\"og:description\" content=\"Aprenda a fazer Biscoito Sabl\u00e9e com Plaquinhas de Caramelo, uma receita sofisticada e f\u00e1cil. Descubra como a cobertura TOP da Harald!\" \/>\n<meta property=\"og:url\" content=\"https:\/\/homolog.harald.com.br\/site-2026\/blog\/biscoito-sablee-com-plaquinhas-de-caramelo-aprenda-e-venda\/\" \/>\n<meta property=\"og:site_name\" content=\"Harald\" \/>\n<meta property=\"article:publisher\" content=\"https:\/\/www.facebook.com\/HaraldChocolates\/\" \/>\n<meta property=\"article:published_time\" content=\"2024-12-05T14:31:37+00:00\" \/>\n<meta property=\"og:image\" content=\"https:\/\/homolog.harald.com.br\/site-2026\/wp-content\/uploads\/2024\/10\/harald-09-2024-1-scaled-e1729176704931.jpg\" \/>\n\t<meta property=\"og:image:width\" content=\"2107\" \/>\n\t<meta property=\"og:image:height\" content=\"1403\" \/>\n\t<meta property=\"og:image:type\" content=\"image\/jpeg\" \/>\n<meta name=\"author\" content=\"Beatriz Oliveira\" \/>\n<meta name=\"twitter:card\" content=\"summary_large_image\" \/>\n<meta name=\"twitter:label1\" content=\"Escrito por\" \/>\n\t<meta name=\"twitter:data1\" content=\"Beatriz Oliveira\" \/>\n\t<meta name=\"twitter:label2\" content=\"Est. tempo de leitura\" \/>\n\t<meta name=\"twitter:data2\" content=\"3 minutos\" \/>\n<script type=\"application\/ld+json\" class=\"yoast-schema-graph\">{\"@context\":\"https:\/\/schema.org\",\"@graph\":[{\"@type\":\"Article\",\"@id\":\"https:\/\/homolog.harald.com.br\/site-2026\/blog\/biscoito-sablee-com-plaquinhas-de-caramelo-aprenda-e-venda\/#article\",\"isPartOf\":{\"@id\":\"https:\/\/homolog.harald.com.br\/site-2026\/blog\/biscoito-sablee-com-plaquinhas-de-caramelo-aprenda-e-venda\/\"},\"author\":{\"name\":\"Beatriz Oliveira\",\"@id\":\"https:\/\/homolog.harald.com.br\/site-2026\/#\/schema\/person\/c71700dd47fb39a337c7f9b89d5e3a00\"},\"headline\":\"Biscoito Sabl\u00e9e com Plaquinhas de Caramelo: Aprenda e Venda!\",\"datePublished\":\"2024-12-05T14:31:37+00:00\",\"mainEntityOfPage\":{\"@id\":\"https:\/\/homolog.harald.com.br\/site-2026\/blog\/biscoito-sablee-com-plaquinhas-de-caramelo-aprenda-e-venda\/\"},\"wordCount\":394,\"publisher\":{\"@id\":\"https:\/\/homolog.harald.com.br\/site-2026\/#organization\"},\"image\":{\"@id\":\"https:\/\/homolog.harald.com.br\/site-2026\/blog\/biscoito-sablee-com-plaquinhas-de-caramelo-aprenda-e-venda\/#primaryimage\"},\"thumbnailUrl\":\"https:\/\/homolog.harald.com.br\/site-2026\/wp-content\/uploads\/2024\/10\/harald-09-2024-1-scaled-e1729176704931.jpg\",\"articleSection\":[\"Not\u00edcias\"],\"inLanguage\":\"pt-BR\"},{\"@type\":\"WebPage\",\"@id\":\"https:\/\/homolog.harald.com.br\/site-2026\/blog\/biscoito-sablee-com-plaquinhas-de-caramelo-aprenda-e-venda\/\",\"url\":\"https:\/\/homolog.harald.com.br\/site-2026\/blog\/biscoito-sablee-com-plaquinhas-de-caramelo-aprenda-e-venda\/\",\"name\":\"Biscoito Sabl\u00e9e com Plaquinhas de Caramelo: Aprenda e Venda! - Harald\",\"isPartOf\":{\"@id\":\"https:\/\/homolog.harald.com.br\/site-2026\/#website\"},\"primaryImageOfPage\":{\"@id\":\"https:\/\/homolog.harald.com.br\/site-2026\/blog\/biscoito-sablee-com-plaquinhas-de-caramelo-aprenda-e-venda\/#primaryimage\"},\"image\":{\"@id\":\"https:\/\/homolog.harald.com.br\/site-2026\/blog\/biscoito-sablee-com-plaquinhas-de-caramelo-aprenda-e-venda\/#primaryimage\"},\"thumbnailUrl\":\"https:\/\/homolog.harald.com.br\/site-2026\/wp-content\/uploads\/2024\/10\/harald-09-2024-1-scaled-e1729176704931.jpg\",\"datePublished\":\"2024-12-05T14:31:37+00:00\",\"description\":\"Aprenda a fazer Biscoito Sabl\u00e9e com Plaquinhas de Caramelo, uma receita sofisticada e f\u00e1cil. Descubra como a cobertura TOP da Harald!\",\"breadcrumb\":{\"@id\":\"https:\/\/homolog.harald.com.br\/site-2026\/blog\/biscoito-sablee-com-plaquinhas-de-caramelo-aprenda-e-venda\/#breadcrumb\"},\"inLanguage\":\"pt-BR\",\"potentialAction\":[{\"@type\":\"ReadAction\",\"target\":[\"https:\/\/homolog.harald.com.br\/site-2026\/blog\/biscoito-sablee-com-plaquinhas-de-caramelo-aprenda-e-venda\/\"]}]},{\"@type\":\"ImageObject\",\"inLanguage\":\"pt-BR\",\"@id\":\"https:\/\/homolog.harald.com.br\/site-2026\/blog\/biscoito-sablee-com-plaquinhas-de-caramelo-aprenda-e-venda\/#primaryimage\",\"url\":\"https:\/\/homolog.harald.com.br\/site-2026\/wp-content\/uploads\/2024\/10\/harald-09-2024-1-scaled-e1729176704931.jpg\",\"contentUrl\":\"https:\/\/homolog.harald.com.br\/site-2026\/wp-content\/uploads\/2024\/10\/harald-09-2024-1-scaled-e1729176704931.jpg\",\"width\":2107,\"height\":1403,\"caption\":\"Biscoito Caramelo\"},{\"@type\":\"BreadcrumbList\",\"@id\":\"https:\/\/homolog.harald.com.br\/site-2026\/blog\/biscoito-sablee-com-plaquinhas-de-caramelo-aprenda-e-venda\/#breadcrumb\",\"itemListElement\":[{\"@type\":\"ListItem\",\"position\":1,\"name\":\"In\u00edcio\",\"item\":\"https:\/\/homolog.harald.com.br\/site-2026\/\"},{\"@type\":\"ListItem\",\"position\":2,\"name\":\"Biscoito Sabl\u00e9e com Plaquinhas de Caramelo: Aprenda e Venda!\"}]},{\"@type\":\"WebSite\",\"@id\":\"https:\/\/homolog.harald.com.br\/site-2026\/#website\",\"url\":\"https:\/\/homolog.harald.com.br\/site-2026\/\",\"name\":\"Harald\",\"description\":\"Fazer melhor \u00e9 fazer com paix\u00e3o\",\"publisher\":{\"@id\":\"https:\/\/homolog.harald.com.br\/site-2026\/#organization\"},\"potentialAction\":[{\"@type\":\"SearchAction\",\"target\":{\"@type\":\"EntryPoint\",\"urlTemplate\":\"https:\/\/homolog.harald.com.br\/site-2026\/?s={search_term_string}\"},\"query-input\":{\"@type\":\"PropertyValueSpecification\",\"valueRequired\":true,\"valueName\":\"search_term_string\"}}],\"inLanguage\":\"pt-BR\"},{\"@type\":\"Organization\",\"@id\":\"https:\/\/homolog.harald.com.br\/site-2026\/#organization\",\"name\":\"Harald\",\"url\":\"https:\/\/homolog.harald.com.br\/site-2026\/\",\"logo\":{\"@type\":\"ImageObject\",\"inLanguage\":\"pt-BR\",\"@id\":\"https:\/\/homolog.harald.com.br\/site-2026\/#\/schema\/logo\/image\/\",\"url\":\"https:\/\/homolog.harald.com.br\/site-2026\/wp-content\/uploads\/2022\/09\/logo-harald-cmyk-ss.png\",\"contentUrl\":\"https:\/\/homolog.harald.com.br\/site-2026\/wp-content\/uploads\/2022\/09\/logo-harald-cmyk-ss.png\",\"width\":1948,\"height\":1051,\"caption\":\"Harald\"},\"image\":{\"@id\":\"https:\/\/homolog.harald.com.br\/site-2026\/#\/schema\/logo\/image\/\"},\"sameAs\":[\"https:\/\/www.facebook.com\/HaraldChocolates\/\",\"https:\/\/www.youtube.com\/user\/HaraldChocolates\"]},{\"@type\":\"Person\",\"@id\":\"https:\/\/homolog.harald.com.br\/site-2026\/#\/schema\/person\/c71700dd47fb39a337c7f9b89d5e3a00\",\"name\":\"Beatriz Oliveira\",\"image\":{\"@type\":\"ImageObject\",\"inLanguage\":\"pt-BR\",\"@id\":\"https:\/\/homolog.harald.com.br\/site-2026\/#\/schema\/person\/image\/\",\"url\":\"https:\/\/secure.gravatar.com\/avatar\/fdc870643b67a6486b6bef59d475b1e7dea17130b70a2178f5716399590234e6?s=96&d=mm&r=g\",\"contentUrl\":\"https:\/\/secure.gravatar.com\/avatar\/fdc870643b67a6486b6bef59d475b1e7dea17130b70a2178f5716399590234e6?s=96&d=mm&r=g\",\"caption\":\"Beatriz Oliveira\"},\"url\":\"https:\/\/homolog.harald.com.br\/site-2026\/blog\/author\/beatriz-oliveira\/\"}]}<\/script>\n<!-- \/ Yoast SEO plugin. -->","yoast_head_json":{"title":"Biscoito Sabl\u00e9e com Plaquinhas de Caramelo: Aprenda e Venda! - Harald","description":"Aprenda a fazer Biscoito Sabl\u00e9e com Plaquinhas de Caramelo, uma receita sofisticada e f\u00e1cil. Descubra como a cobertura TOP da Harald!","robots":{"index":"noindex","follow":"follow","max-snippet":"max-snippet:-1","max-image-preview":"max-image-preview:large","max-video-preview":"max-video-preview:-1"},"og_locale":"pt_BR","og_type":"article","og_title":"Biscoito Sabl\u00e9e com Plaquinhas de Caramelo: Aprenda e Venda! - Harald","og_description":"Aprenda a fazer Biscoito Sabl\u00e9e com Plaquinhas de Caramelo, uma receita sofisticada e f\u00e1cil. Descubra como a cobertura TOP da Harald!","og_url":"https:\/\/homolog.harald.com.br\/site-2026\/blog\/biscoito-sablee-com-plaquinhas-de-caramelo-aprenda-e-venda\/","og_site_name":"Harald","article_publisher":"https:\/\/www.facebook.com\/HaraldChocolates\/","article_published_time":"2024-12-05T14:31:37+00:00","og_image":[{"width":2107,"height":1403,"url":"https:\/\/homolog.harald.com.br\/site-2026\/wp-content\/uploads\/2024\/10\/harald-09-2024-1-scaled-e1729176704931.jpg","type":"image\/jpeg"}],"author":"Beatriz Oliveira","twitter_card":"summary_large_image","twitter_misc":{"Escrito por":"Beatriz Oliveira","Est. tempo de leitura":"3 minutos"},"schema":{"@context":"https:\/\/schema.org","@graph":[{"@type":"Article","@id":"https:\/\/homolog.harald.com.br\/site-2026\/blog\/biscoito-sablee-com-plaquinhas-de-caramelo-aprenda-e-venda\/#article","isPartOf":{"@id":"https:\/\/homolog.harald.com.br\/site-2026\/blog\/biscoito-sablee-com-plaquinhas-de-caramelo-aprenda-e-venda\/"},"author":{"name":"Beatriz Oliveira","@id":"https:\/\/homolog.harald.com.br\/site-2026\/#\/schema\/person\/c71700dd47fb39a337c7f9b89d5e3a00"},"headline":"Biscoito Sabl\u00e9e com Plaquinhas de Caramelo: Aprenda e Venda!","datePublished":"2024-12-05T14:31:37+00:00","mainEntityOfPage":{"@id":"https:\/\/homolog.harald.com.br\/site-2026\/blog\/biscoito-sablee-com-plaquinhas-de-caramelo-aprenda-e-venda\/"},"wordCount":394,"publisher":{"@id":"https:\/\/homolog.harald.com.br\/site-2026\/#organization"},"image":{"@id":"https:\/\/homolog.harald.com.br\/site-2026\/blog\/biscoito-sablee-com-plaquinhas-de-caramelo-aprenda-e-venda\/#primaryimage"},"thumbnailUrl":"https:\/\/homolog.harald.com.br\/site-2026\/wp-content\/uploads\/2024\/10\/harald-09-2024-1-scaled-e1729176704931.jpg","articleSection":["Not\u00edcias"],"inLanguage":"pt-BR"},{"@type":"WebPage","@id":"https:\/\/homolog.harald.com.br\/site-2026\/blog\/biscoito-sablee-com-plaquinhas-de-caramelo-aprenda-e-venda\/","url":"https:\/\/homolog.harald.com.br\/site-2026\/blog\/biscoito-sablee-com-plaquinhas-de-caramelo-aprenda-e-venda\/","name":"Biscoito Sabl\u00e9e com Plaquinhas de Caramelo: Aprenda e Venda! - Harald","isPartOf":{"@id":"https:\/\/homolog.harald.com.br\/site-2026\/#website"},"primaryImageOfPage":{"@id":"https:\/\/homolog.harald.com.br\/site-2026\/blog\/biscoito-sablee-com-plaquinhas-de-caramelo-aprenda-e-venda\/#primaryimage"},"image":{"@id":"https:\/\/homolog.harald.com.br\/site-2026\/blog\/biscoito-sablee-com-plaquinhas-de-caramelo-aprenda-e-venda\/#primaryimage"},"thumbnailUrl":"https:\/\/homolog.harald.com.br\/site-2026\/wp-content\/uploads\/2024\/10\/harald-09-2024-1-scaled-e1729176704931.jpg","datePublished":"2024-12-05T14:31:37+00:00","description":"Aprenda a fazer Biscoito Sabl\u00e9e com Plaquinhas de Caramelo, uma receita sofisticada e f\u00e1cil. Descubra como a cobertura TOP da Harald!","breadcrumb":{"@id":"https:\/\/homolog.harald.com.br\/site-2026\/blog\/biscoito-sablee-com-plaquinhas-de-caramelo-aprenda-e-venda\/#breadcrumb"},"inLanguage":"pt-BR","potentialAction":[{"@type":"ReadAction","target":["https:\/\/homolog.harald.com.br\/site-2026\/blog\/biscoito-sablee-com-plaquinhas-de-caramelo-aprenda-e-venda\/"]}]},{"@type":"ImageObject","inLanguage":"pt-BR","@id":"https:\/\/homolog.harald.com.br\/site-2026\/blog\/biscoito-sablee-com-plaquinhas-de-caramelo-aprenda-e-venda\/#primaryimage","url":"https:\/\/homolog.harald.com.br\/site-2026\/wp-content\/uploads\/2024\/10\/harald-09-2024-1-scaled-e1729176704931.jpg","contentUrl":"https:\/\/homolog.harald.com.br\/site-2026\/wp-content\/uploads\/2024\/10\/harald-09-2024-1-scaled-e1729176704931.jpg","width":2107,"height":1403,"caption":"Biscoito Caramelo"},{"@type":"BreadcrumbList","@id":"https:\/\/homolog.harald.com.br\/site-2026\/blog\/biscoito-sablee-com-plaquinhas-de-caramelo-aprenda-e-venda\/#breadcrumb","itemListElement":[{"@type":"ListItem","position":1,"name":"In\u00edcio","item":"https:\/\/homolog.harald.com.br\/site-2026\/"},{"@type":"ListItem","position":2,"name":"Biscoito Sabl\u00e9e com Plaquinhas de Caramelo: Aprenda e Venda!"}]},{"@type":"WebSite","@id":"https:\/\/homolog.harald.com.br\/site-2026\/#website","url":"https:\/\/homolog.harald.com.br\/site-2026\/","name":"Harald","description":"Fazer melhor \u00e9 fazer com paix\u00e3o","publisher":{"@id":"https:\/\/homolog.harald.com.br\/site-2026\/#organization"},"potentialAction":[{"@type":"SearchAction","target":{"@type":"EntryPoint","urlTemplate":"https:\/\/homolog.harald.com.br\/site-2026\/?s={search_term_string}"},"query-input":{"@type":"PropertyValueSpecification","valueRequired":true,"valueName":"search_term_string"}}],"inLanguage":"pt-BR"},{"@type":"Organization","@id":"https:\/\/homolog.harald.com.br\/site-2026\/#organization","name":"Harald","url":"https:\/\/homolog.harald.com.br\/site-2026\/","logo":{"@type":"ImageObject","inLanguage":"pt-BR","@id":"https:\/\/homolog.harald.com.br\/site-2026\/#\/schema\/logo\/image\/","url":"https:\/\/homolog.harald.com.br\/site-2026\/wp-content\/uploads\/2022\/09\/logo-harald-cmyk-ss.png","contentUrl":"https:\/\/homolog.harald.com.br\/site-2026\/wp-content\/uploads\/2022\/09\/logo-harald-cmyk-ss.png","width":1948,"height":1051,"caption":"Harald"},"image":{"@id":"https:\/\/homolog.harald.com.br\/site-2026\/#\/schema\/logo\/image\/"},"sameAs":["https:\/\/www.facebook.com\/HaraldChocolates\/","https:\/\/www.youtube.com\/user\/HaraldChocolates"]},{"@type":"Person","@id":"https:\/\/homolog.harald.com.br\/site-2026\/#\/schema\/person\/c71700dd47fb39a337c7f9b89d5e3a00","name":"Beatriz Oliveira","image":{"@type":"ImageObject","inLanguage":"pt-BR","@id":"https:\/\/homolog.harald.com.br\/site-2026\/#\/schema\/person\/image\/","url":"https:\/\/secure.gravatar.com\/avatar\/fdc870643b67a6486b6bef59d475b1e7dea17130b70a2178f5716399590234e6?s=96&d=mm&r=g","contentUrl":"https:\/\/secure.gravatar.com\/avatar\/fdc870643b67a6486b6bef59d475b1e7dea17130b70a2178f5716399590234e6?s=96&d=mm&r=g","caption":"Beatriz Oliveira"},"url":"https:\/\/homolog.harald.com.br\/site-2026\/blog\/author\/beatriz-oliveira\/"}]}},"uagb_featured_image_src":{"full":["https:\/\/homolog.harald.com.br\/site-2026\/wp-content\/uploads\/2024\/10\/harald-09-2024-1-scaled-e1729176704931.jpg",2107,1403,false],"thumbnail":["https:\/\/homolog.harald.com.br\/site-2026\/wp-content\/uploads\/2024\/10\/harald-09-2024-1-scaled-e1729176704931-150x150.jpg",150,150,true],"medium":["https:\/\/homolog.harald.com.br\/site-2026\/wp-content\/uploads\/2024\/10\/harald-09-2024-1-scaled-e1729176704931-300x200.jpg",300,200,true],"medium_large":["https:\/\/homolog.harald.com.br\/site-2026\/wp-content\/uploads\/2024\/10\/harald-09-2024-1-scaled-e1729176704931-768x511.jpg",768,511,true],"large":["https:\/\/homolog.harald.com.br\/site-2026\/wp-content\/uploads\/2024\/10\/harald-09-2024-1-scaled-e1729176704931-1024x682.jpg",1024,682,true],"1536x1536":["https:\/\/homolog.harald.com.br\/site-2026\/wp-content\/uploads\/2024\/10\/harald-09-2024-1-scaled-e1729176704931-1536x1023.jpg",1536,1023,true],"2048x2048":["https:\/\/homolog.harald.com.br\/site-2026\/wp-content\/uploads\/2024\/10\/harald-09-2024-1-scaled-e1729176704931-2048x1364.jpg",2048,1364,true],"full-width":["https:\/\/homolog.harald.com.br\/site-2026\/wp-content\/uploads\/2024\/10\/harald-09-2024-1-scaled-e1729176704931.jpg",1622,1080,false],"gform-image-choice-sm":["https:\/\/homolog.harald.com.br\/site-2026\/wp-content\/uploads\/2024\/10\/harald-09-2024-1-scaled-e1729176704931.jpg",300,200,false],"gform-image-choice-md":["https:\/\/homolog.harald.com.br\/site-2026\/wp-content\/uploads\/2024\/10\/harald-09-2024-1-scaled-e1729176704931.jpg",400,266,false],"gform-image-choice-lg":["https:\/\/homolog.harald.com.br\/site-2026\/wp-content\/uploads\/2024\/10\/harald-09-2024-1-scaled-e1729176704931.jpg",600,400,false]},"uagb_author_info":{"display_name":"Beatriz Oliveira","author_link":"https:\/\/homolog.harald.com.br\/site-2026\/blog\/author\/beatriz-oliveira\/"},"uagb_comment_info":0,"uagb_excerpt":"Biscoito Sabl\u00e9e com Plaquinhas de Caramelo: Aprenda e Venda! Procurando uma forma de surpreender no caf\u00e9 da tarde ou diversificar o card\u00e1pio de doces? A Harald, l\u00edder em chocolates e coberturas para confeitaria, apresenta a receita de Biscoito Sabl\u00e9e com Plaquinhas de Caramelo. Assim, com uma textura amanteigada e um toque de do\u00e7ura equilibrado, essa&hellip;","_links":{"self":[{"href":"https:\/\/homolog.harald.com.br\/site-2026\/wp-json\/wp\/v2\/posts\/228215","targetHints":{"allow":["GET"]}}],"collection":[{"href":"https:\/\/homolog.harald.com.br\/site-2026\/wp-json\/wp\/v2\/posts"}],"about":[{"href":"https:\/\/homolog.harald.com.br\/site-2026\/wp-json\/wp\/v2\/types\/post"}],"author":[{"embeddable":true,"href":"https:\/\/homolog.harald.com.br\/site-2026\/wp-json\/wp\/v2\/users\/14"}],"replies":[{"embeddable":true,"href":"https:\/\/homolog.harald.com.br\/site-2026\/wp-json\/wp\/v2\/comments?post=228215"}],"version-history":[{"count":2,"href":"https:\/\/homolog.harald.com.br\/site-2026\/wp-json\/wp\/v2\/posts\/228215\/revisions"}],"predecessor-version":[{"id":228219,"href":"https:\/\/homolog.harald.com.br\/site-2026\/wp-json\/wp\/v2\/posts\/228215\/revisions\/228219"}],"wp:featuredmedia":[{"embeddable":true,"href":"https:\/\/homolog.harald.com.br\/site-2026\/wp-json\/wp\/v2\/media\/216847"}],"wp:attachment":[{"href":"https:\/\/homolog.harald.com.br\/site-2026\/wp-json\/wp\/v2\/media?parent=228215"}],"wp:term":[{"taxonomy":"category","embeddable":true,"href":"https:\/\/homolog.harald.com.br\/site-2026\/wp-json\/wp\/v2\/categories?post=228215"},{"taxonomy":"post_tag","embeddable":true,"href":"https:\/\/homolog.harald.com.br\/site-2026\/wp-json\/wp\/v2\/tags?post=228215"},{"taxonomy":"para-seu-negocio","embeddable":true,"href":"https:\/\/homolog.harald.com.br\/site-2026\/wp-json\/wp\/v2\/para-seu-negocio?post=228215"}],"curies":[{"name":"wp","href":"https:\/\/api.w.org\/{rel}","templated":true}]}}