{"id":228099,"date":"2024-12-03T11:47:18","date_gmt":"2024-12-03T14:47:18","guid":{"rendered":"https:\/\/homolog.harald.com.br\/site-2026\/?p=228099"},"modified":"2024-12-04T11:55:20","modified_gmt":"2024-12-04T14:55:20","slug":"harald-conquista-premio-no-smacna-brasil","status":"publish","type":"post","link":"https:\/\/homolog.harald.com.br\/site-2026\/blog\/harald-conquista-premio-no-smacna-brasil\/","title":{"rendered":"Harald Conquista Pr\u00eamio no Smacna Brasil"},"content":{"rendered":"<h3>Harald Conquista Pr\u00eamio no Smacna Brasil<\/h3>\n<p>A Harald Conquista Pr\u00eamio na categoria Obra Nova \/ Climatiza\u00e7\u00e3o Industrial \u2013 Instala\u00e7\u00f5es Especiais no evento \u201cDestaques do Ano\u201d da <a class=\"PzneywKuhDSqinVknZGTItYqHrnIRgp \" href=\"https:\/\/www.linkedin.com\/company\/smacnabrasil\/\" target=\"_self\" rel=\"noopener\" data-test-app-aware-link=\"\">SMACNA Brasil<\/a>, que reconhece os melhores projetos de climatiza\u00e7\u00e3o do pa\u00eds.<\/p>\n<h3><img loading=\"lazy\" decoding=\"async\" class=\"aligncenter wp-image-228101 size-large\" src=\"https:\/\/homolog.harald.com.br\/site-2026\/wp-content\/uploads\/2024\/12\/54076059513-b42ae35472-h-1024x682.jpg\" alt=\"Harald Conquista Pr\u00eamio\" width=\"1024\" height=\"682\" srcset=\"https:\/\/homolog.harald.com.br\/site-2026\/wp-content\/uploads\/2024\/12\/54076059513-b42ae35472-h-1024x682.jpg 1024w, https:\/\/homolog.harald.com.br\/site-2026\/wp-content\/uploads\/2024\/12\/54076059513-b42ae35472-h-300x200.jpg 300w, https:\/\/homolog.harald.com.br\/site-2026\/wp-content\/uploads\/2024\/12\/54076059513-b42ae35472-h-768x512.jpg 768w, https:\/\/homolog.harald.com.br\/site-2026\/wp-content\/uploads\/2024\/12\/54076059513-b42ae35472-h-1536x1023.jpg 1536w, https:\/\/homolog.harald.com.br\/site-2026\/wp-content\/uploads\/2024\/12\/54076059513-b42ae35472-h.jpg 1600w\" sizes=\"auto, (max-width: 1024px) 100vw, 1024px\" \/><\/h3>\n<p>A Smacna Brasil \u00e9 uma associa\u00e7\u00e3o que celebra os avan\u00e7os t\u00e9cnicos em engenharia termo-ambiental, com foco em efici\u00eancia energ\u00e9tica e preserva\u00e7\u00e3o do meio ambiente. Este pr\u00eamio \u00e9 uma importante conquista, celebrando a inaugura\u00e7\u00e3o da nossa nova f\u00e1brica em Santana de Parna\u00edba, S\u00e3o Paulo, um marco para o crescimento da Harald, impulsionado por alta tecnologia.<\/p>\n<p>Para representar a empresa e receber o pr\u00eamio, contamos com a presen\u00e7a de <a id=\"ember6248\" class=\"ember-view\" href=\"https:\/\/www.linkedin.com\/in\/ricardo-fernandes-dos-santos-004a8023\/\">Ricardo Fernandes dos Santos<\/a> e <a id=\"ember6249\" class=\"ember-view\" href=\"https:\/\/www.linkedin.com\/in\/jair-zamboni\/\">Jair Zamboni<\/a>.<\/p>\n<p>Essa conquista no Smacna, \u00e9 um reflexo do nosso compromisso com a inova\u00e7\u00e3o e excel\u00eancia em todos os aspectos do nosso neg\u00f3cio.<\/p>\n<h3>Sobre a <a href=\"https:\/\/homolog.harald.com.br\/site-2026\/\">Harald<\/a><\/h3>\n<p>A Harald \u00e9 l\u00edder no mercado de chocolates e coberturas para confeitaria. Com uma s\u00f3lida trajet\u00f3ria desde 1982, a marca \u00e9 refer\u00eancia no segmento de transforma\u00e7\u00e3o de chocolate e atende aos mercados especializado, food service e cash &amp; carry. Assim, desde 2015, a Harald faz parte do grupo Fuji Oil, uma gigante japonesa com presen\u00e7a global.<\/p>\n","protected":false},"excerpt":{"rendered":"<p>Harald Conquista Pr\u00eamio no Smacna Brasil A Harald Conquista Pr\u00eamio na categoria Obra Nova \/ Climatiza\u00e7\u00e3o Industrial \u2013 Instala\u00e7\u00f5es Especiais no evento \u201cDestaques do Ano\u201d da SMACNA Brasil, que reconhece os melhores projetos de climatiza\u00e7\u00e3o do pa\u00eds. A Smacna Brasil \u00e9 uma associa\u00e7\u00e3o que celebra os avan\u00e7os t\u00e9cnicos em engenharia termo-ambiental, com foco em efici\u00eancia <a class=\"more-link\" href=\"https:\/\/homolog.harald.com.br\/site-2026\/blog\/harald-conquista-premio-no-smacna-brasil\/\">Read more&#8230;<\/a><\/p>\n","protected":false},"author":14,"featured_media":228104,"comment_status":"closed","ping_status":"closed","sticky":false,"template":"","format":"standard","meta":{"_acf_changed":false,"_uag_custom_page_level_css":"","footnotes":""},"categories":[158],"tags":[],"para-seu-negocio":[],"class_list":["post-228099","post","type-post","status-publish","format-standard","has-post-thumbnail","hentry","category-noticias"],"acf":[],"yoast_head":"<!-- This site is optimized with the Yoast SEO plugin v26.3 - https:\/\/yoast.com\/wordpress\/plugins\/seo\/ -->\n<title>Harald Conquista Pr\u00eamio no Smacna Brasil - Harald<\/title>\n<meta name=\"description\" content=\"Harald conquista pr\u00eamio na SMACNA Brasil, na categoria Obra Nova no evento &#039;Destaques do Ano&#039;, reflexo de um bom trabalho.\" \/>\n<meta name=\"robots\" content=\"noindex, follow, max-snippet:-1, max-image-preview:large, max-video-preview:-1\" \/>\n<meta property=\"og:locale\" content=\"pt_BR\" \/>\n<meta property=\"og:type\" content=\"article\" \/>\n<meta property=\"og:title\" content=\"Harald Conquista Pr\u00eamio no Smacna Brasil - Harald\" \/>\n<meta property=\"og:description\" content=\"Harald conquista pr\u00eamio na SMACNA Brasil, na categoria Obra Nova no evento &#039;Destaques do Ano&#039;, reflexo de um bom trabalho.\" \/>\n<meta property=\"og:url\" content=\"https:\/\/homolog.harald.com.br\/site-2026\/blog\/harald-conquista-premio-no-smacna-brasil\/\" \/>\n<meta property=\"og:site_name\" content=\"Harald\" \/>\n<meta property=\"article:publisher\" content=\"https:\/\/www.facebook.com\/HaraldChocolates\/\" \/>\n<meta property=\"article:published_time\" content=\"2024-12-03T14:47:18+00:00\" \/>\n<meta property=\"article:modified_time\" content=\"2024-12-04T14:55:20+00:00\" \/>\n<meta property=\"og:image\" content=\"https:\/\/homolog.harald.com.br\/site-2026\/wp-content\/uploads\/2024\/12\/54076059513-9f2c27cf76-o-scaled.jpg\" \/>\n\t<meta property=\"og:image:width\" content=\"2560\" \/>\n\t<meta property=\"og:image:height\" content=\"1707\" \/>\n\t<meta property=\"og:image:type\" content=\"image\/jpeg\" \/>\n<meta name=\"author\" content=\"Beatriz Oliveira\" \/>\n<meta name=\"twitter:card\" content=\"summary_large_image\" \/>\n<meta name=\"twitter:label1\" content=\"Escrito por\" \/>\n\t<meta name=\"twitter:data1\" content=\"Beatriz Oliveira\" \/>\n\t<meta name=\"twitter:label2\" content=\"Est. tempo de leitura\" \/>\n\t<meta name=\"twitter:data2\" content=\"2 minutos\" \/>\n<script type=\"application\/ld+json\" class=\"yoast-schema-graph\">{\"@context\":\"https:\/\/schema.org\",\"@graph\":[{\"@type\":\"Article\",\"@id\":\"https:\/\/homolog.harald.com.br\/site-2026\/blog\/harald-conquista-premio-no-smacna-brasil\/#article\",\"isPartOf\":{\"@id\":\"https:\/\/homolog.harald.com.br\/site-2026\/blog\/harald-conquista-premio-no-smacna-brasil\/\"},\"author\":{\"name\":\"Beatriz Oliveira\",\"@id\":\"https:\/\/homolog.harald.com.br\/site-2026\/#\/schema\/person\/c71700dd47fb39a337c7f9b89d5e3a00\"},\"headline\":\"Harald Conquista Pr\u00eamio no Smacna Brasil\",\"datePublished\":\"2024-12-03T14:47:18+00:00\",\"dateModified\":\"2024-12-04T14:55:20+00:00\",\"mainEntityOfPage\":{\"@id\":\"https:\/\/homolog.harald.com.br\/site-2026\/blog\/harald-conquista-premio-no-smacna-brasil\/\"},\"wordCount\":218,\"publisher\":{\"@id\":\"https:\/\/homolog.harald.com.br\/site-2026\/#organization\"},\"image\":{\"@id\":\"https:\/\/homolog.harald.com.br\/site-2026\/blog\/harald-conquista-premio-no-smacna-brasil\/#primaryimage\"},\"thumbnailUrl\":\"https:\/\/homolog.harald.com.br\/site-2026\/wp-content\/uploads\/2024\/12\/54076059513-9f2c27cf76-o-scaled.jpg\",\"articleSection\":[\"Not\u00edcias\"],\"inLanguage\":\"pt-BR\"},{\"@type\":\"WebPage\",\"@id\":\"https:\/\/homolog.harald.com.br\/site-2026\/blog\/harald-conquista-premio-no-smacna-brasil\/\",\"url\":\"https:\/\/homolog.harald.com.br\/site-2026\/blog\/harald-conquista-premio-no-smacna-brasil\/\",\"name\":\"Harald Conquista Pr\u00eamio no Smacna Brasil - Harald\",\"isPartOf\":{\"@id\":\"https:\/\/homolog.harald.com.br\/site-2026\/#website\"},\"primaryImageOfPage\":{\"@id\":\"https:\/\/homolog.harald.com.br\/site-2026\/blog\/harald-conquista-premio-no-smacna-brasil\/#primaryimage\"},\"image\":{\"@id\":\"https:\/\/homolog.harald.com.br\/site-2026\/blog\/harald-conquista-premio-no-smacna-brasil\/#primaryimage\"},\"thumbnailUrl\":\"https:\/\/homolog.harald.com.br\/site-2026\/wp-content\/uploads\/2024\/12\/54076059513-9f2c27cf76-o-scaled.jpg\",\"datePublished\":\"2024-12-03T14:47:18+00:00\",\"dateModified\":\"2024-12-04T14:55:20+00:00\",\"description\":\"Harald conquista pr\u00eamio na SMACNA Brasil, na categoria Obra Nova no evento 'Destaques do Ano', reflexo de um bom trabalho.\",\"breadcrumb\":{\"@id\":\"https:\/\/homolog.harald.com.br\/site-2026\/blog\/harald-conquista-premio-no-smacna-brasil\/#breadcrumb\"},\"inLanguage\":\"pt-BR\",\"potentialAction\":[{\"@type\":\"ReadAction\",\"target\":[\"https:\/\/homolog.harald.com.br\/site-2026\/blog\/harald-conquista-premio-no-smacna-brasil\/\"]}]},{\"@type\":\"ImageObject\",\"inLanguage\":\"pt-BR\",\"@id\":\"https:\/\/homolog.harald.com.br\/site-2026\/blog\/harald-conquista-premio-no-smacna-brasil\/#primaryimage\",\"url\":\"https:\/\/homolog.harald.com.br\/site-2026\/wp-content\/uploads\/2024\/12\/54076059513-9f2c27cf76-o-scaled.jpg\",\"contentUrl\":\"https:\/\/homolog.harald.com.br\/site-2026\/wp-content\/uploads\/2024\/12\/54076059513-9f2c27cf76-o-scaled.jpg\",\"width\":2560,\"height\":1707,\"caption\":\"Harald Conquista Pr\u00eamio\"},{\"@type\":\"BreadcrumbList\",\"@id\":\"https:\/\/homolog.harald.com.br\/site-2026\/blog\/harald-conquista-premio-no-smacna-brasil\/#breadcrumb\",\"itemListElement\":[{\"@type\":\"ListItem\",\"position\":1,\"name\":\"In\u00edcio\",\"item\":\"https:\/\/homolog.harald.com.br\/site-2026\/\"},{\"@type\":\"ListItem\",\"position\":2,\"name\":\"Harald Conquista Pr\u00eamio no Smacna Brasil\"}]},{\"@type\":\"WebSite\",\"@id\":\"https:\/\/homolog.harald.com.br\/site-2026\/#website\",\"url\":\"https:\/\/homolog.harald.com.br\/site-2026\/\",\"name\":\"Harald\",\"description\":\"Fazer melhor \u00e9 fazer com paix\u00e3o\",\"publisher\":{\"@id\":\"https:\/\/homolog.harald.com.br\/site-2026\/#organization\"},\"potentialAction\":[{\"@type\":\"SearchAction\",\"target\":{\"@type\":\"EntryPoint\",\"urlTemplate\":\"https:\/\/homolog.harald.com.br\/site-2026\/?s={search_term_string}\"},\"query-input\":{\"@type\":\"PropertyValueSpecification\",\"valueRequired\":true,\"valueName\":\"search_term_string\"}}],\"inLanguage\":\"pt-BR\"},{\"@type\":\"Organization\",\"@id\":\"https:\/\/homolog.harald.com.br\/site-2026\/#organization\",\"name\":\"Harald\",\"url\":\"https:\/\/homolog.harald.com.br\/site-2026\/\",\"logo\":{\"@type\":\"ImageObject\",\"inLanguage\":\"pt-BR\",\"@id\":\"https:\/\/homolog.harald.com.br\/site-2026\/#\/schema\/logo\/image\/\",\"url\":\"https:\/\/homolog.harald.com.br\/site-2026\/wp-content\/uploads\/2022\/09\/logo-harald-cmyk-ss.png\",\"contentUrl\":\"https:\/\/homolog.harald.com.br\/site-2026\/wp-content\/uploads\/2022\/09\/logo-harald-cmyk-ss.png\",\"width\":1948,\"height\":1051,\"caption\":\"Harald\"},\"image\":{\"@id\":\"https:\/\/homolog.harald.com.br\/site-2026\/#\/schema\/logo\/image\/\"},\"sameAs\":[\"https:\/\/www.facebook.com\/HaraldChocolates\/\",\"https:\/\/www.youtube.com\/user\/HaraldChocolates\"]},{\"@type\":\"Person\",\"@id\":\"https:\/\/homolog.harald.com.br\/site-2026\/#\/schema\/person\/c71700dd47fb39a337c7f9b89d5e3a00\",\"name\":\"Beatriz Oliveira\",\"image\":{\"@type\":\"ImageObject\",\"inLanguage\":\"pt-BR\",\"@id\":\"https:\/\/homolog.harald.com.br\/site-2026\/#\/schema\/person\/image\/\",\"url\":\"https:\/\/secure.gravatar.com\/avatar\/fdc870643b67a6486b6bef59d475b1e7dea17130b70a2178f5716399590234e6?s=96&d=mm&r=g\",\"contentUrl\":\"https:\/\/secure.gravatar.com\/avatar\/fdc870643b67a6486b6bef59d475b1e7dea17130b70a2178f5716399590234e6?s=96&d=mm&r=g\",\"caption\":\"Beatriz Oliveira\"},\"url\":\"https:\/\/homolog.harald.com.br\/site-2026\/blog\/author\/beatriz-oliveira\/\"}]}<\/script>\n<!-- \/ Yoast SEO plugin. -->","yoast_head_json":{"title":"Harald Conquista Pr\u00eamio no Smacna Brasil - Harald","description":"Harald conquista pr\u00eamio na SMACNA Brasil, na categoria Obra Nova no evento 'Destaques do Ano', reflexo de um bom trabalho.","robots":{"index":"noindex","follow":"follow","max-snippet":"max-snippet:-1","max-image-preview":"max-image-preview:large","max-video-preview":"max-video-preview:-1"},"og_locale":"pt_BR","og_type":"article","og_title":"Harald Conquista Pr\u00eamio no Smacna Brasil - Harald","og_description":"Harald conquista pr\u00eamio na SMACNA Brasil, na categoria Obra Nova no evento 'Destaques do Ano', reflexo de um bom trabalho.","og_url":"https:\/\/homolog.harald.com.br\/site-2026\/blog\/harald-conquista-premio-no-smacna-brasil\/","og_site_name":"Harald","article_publisher":"https:\/\/www.facebook.com\/HaraldChocolates\/","article_published_time":"2024-12-03T14:47:18+00:00","article_modified_time":"2024-12-04T14:55:20+00:00","og_image":[{"width":2560,"height":1707,"url":"https:\/\/homolog.harald.com.br\/site-2026\/wp-content\/uploads\/2024\/12\/54076059513-9f2c27cf76-o-scaled.jpg","type":"image\/jpeg"}],"author":"Beatriz Oliveira","twitter_card":"summary_large_image","twitter_misc":{"Escrito por":"Beatriz Oliveira","Est. tempo de leitura":"2 minutos"},"schema":{"@context":"https:\/\/schema.org","@graph":[{"@type":"Article","@id":"https:\/\/homolog.harald.com.br\/site-2026\/blog\/harald-conquista-premio-no-smacna-brasil\/#article","isPartOf":{"@id":"https:\/\/homolog.harald.com.br\/site-2026\/blog\/harald-conquista-premio-no-smacna-brasil\/"},"author":{"name":"Beatriz Oliveira","@id":"https:\/\/homolog.harald.com.br\/site-2026\/#\/schema\/person\/c71700dd47fb39a337c7f9b89d5e3a00"},"headline":"Harald Conquista Pr\u00eamio no Smacna Brasil","datePublished":"2024-12-03T14:47:18+00:00","dateModified":"2024-12-04T14:55:20+00:00","mainEntityOfPage":{"@id":"https:\/\/homolog.harald.com.br\/site-2026\/blog\/harald-conquista-premio-no-smacna-brasil\/"},"wordCount":218,"publisher":{"@id":"https:\/\/homolog.harald.com.br\/site-2026\/#organization"},"image":{"@id":"https:\/\/homolog.harald.com.br\/site-2026\/blog\/harald-conquista-premio-no-smacna-brasil\/#primaryimage"},"thumbnailUrl":"https:\/\/homolog.harald.com.br\/site-2026\/wp-content\/uploads\/2024\/12\/54076059513-9f2c27cf76-o-scaled.jpg","articleSection":["Not\u00edcias"],"inLanguage":"pt-BR"},{"@type":"WebPage","@id":"https:\/\/homolog.harald.com.br\/site-2026\/blog\/harald-conquista-premio-no-smacna-brasil\/","url":"https:\/\/homolog.harald.com.br\/site-2026\/blog\/harald-conquista-premio-no-smacna-brasil\/","name":"Harald Conquista Pr\u00eamio no Smacna Brasil - Harald","isPartOf":{"@id":"https:\/\/homolog.harald.com.br\/site-2026\/#website"},"primaryImageOfPage":{"@id":"https:\/\/homolog.harald.com.br\/site-2026\/blog\/harald-conquista-premio-no-smacna-brasil\/#primaryimage"},"image":{"@id":"https:\/\/homolog.harald.com.br\/site-2026\/blog\/harald-conquista-premio-no-smacna-brasil\/#primaryimage"},"thumbnailUrl":"https:\/\/homolog.harald.com.br\/site-2026\/wp-content\/uploads\/2024\/12\/54076059513-9f2c27cf76-o-scaled.jpg","datePublished":"2024-12-03T14:47:18+00:00","dateModified":"2024-12-04T14:55:20+00:00","description":"Harald conquista pr\u00eamio na SMACNA Brasil, na categoria Obra Nova no evento 'Destaques do Ano', reflexo de um bom trabalho.","breadcrumb":{"@id":"https:\/\/homolog.harald.com.br\/site-2026\/blog\/harald-conquista-premio-no-smacna-brasil\/#breadcrumb"},"inLanguage":"pt-BR","potentialAction":[{"@type":"ReadAction","target":["https:\/\/homolog.harald.com.br\/site-2026\/blog\/harald-conquista-premio-no-smacna-brasil\/"]}]},{"@type":"ImageObject","inLanguage":"pt-BR","@id":"https:\/\/homolog.harald.com.br\/site-2026\/blog\/harald-conquista-premio-no-smacna-brasil\/#primaryimage","url":"https:\/\/homolog.harald.com.br\/site-2026\/wp-content\/uploads\/2024\/12\/54076059513-9f2c27cf76-o-scaled.jpg","contentUrl":"https:\/\/homolog.harald.com.br\/site-2026\/wp-content\/uploads\/2024\/12\/54076059513-9f2c27cf76-o-scaled.jpg","width":2560,"height":1707,"caption":"Harald Conquista Pr\u00eamio"},{"@type":"BreadcrumbList","@id":"https:\/\/homolog.harald.com.br\/site-2026\/blog\/harald-conquista-premio-no-smacna-brasil\/#breadcrumb","itemListElement":[{"@type":"ListItem","position":1,"name":"In\u00edcio","item":"https:\/\/homolog.harald.com.br\/site-2026\/"},{"@type":"ListItem","position":2,"name":"Harald Conquista Pr\u00eamio no Smacna Brasil"}]},{"@type":"WebSite","@id":"https:\/\/homolog.harald.com.br\/site-2026\/#website","url":"https:\/\/homolog.harald.com.br\/site-2026\/","name":"Harald","description":"Fazer melhor \u00e9 fazer com paix\u00e3o","publisher":{"@id":"https:\/\/homolog.harald.com.br\/site-2026\/#organization"},"potentialAction":[{"@type":"SearchAction","target":{"@type":"EntryPoint","urlTemplate":"https:\/\/homolog.harald.com.br\/site-2026\/?s={search_term_string}"},"query-input":{"@type":"PropertyValueSpecification","valueRequired":true,"valueName":"search_term_string"}}],"inLanguage":"pt-BR"},{"@type":"Organization","@id":"https:\/\/homolog.harald.com.br\/site-2026\/#organization","name":"Harald","url":"https:\/\/homolog.harald.com.br\/site-2026\/","logo":{"@type":"ImageObject","inLanguage":"pt-BR","@id":"https:\/\/homolog.harald.com.br\/site-2026\/#\/schema\/logo\/image\/","url":"https:\/\/homolog.harald.com.br\/site-2026\/wp-content\/uploads\/2022\/09\/logo-harald-cmyk-ss.png","contentUrl":"https:\/\/homolog.harald.com.br\/site-2026\/wp-content\/uploads\/2022\/09\/logo-harald-cmyk-ss.png","width":1948,"height":1051,"caption":"Harald"},"image":{"@id":"https:\/\/homolog.harald.com.br\/site-2026\/#\/schema\/logo\/image\/"},"sameAs":["https:\/\/www.facebook.com\/HaraldChocolates\/","https:\/\/www.youtube.com\/user\/HaraldChocolates"]},{"@type":"Person","@id":"https:\/\/homolog.harald.com.br\/site-2026\/#\/schema\/person\/c71700dd47fb39a337c7f9b89d5e3a00","name":"Beatriz Oliveira","image":{"@type":"ImageObject","inLanguage":"pt-BR","@id":"https:\/\/homolog.harald.com.br\/site-2026\/#\/schema\/person\/image\/","url":"https:\/\/secure.gravatar.com\/avatar\/fdc870643b67a6486b6bef59d475b1e7dea17130b70a2178f5716399590234e6?s=96&d=mm&r=g","contentUrl":"https:\/\/secure.gravatar.com\/avatar\/fdc870643b67a6486b6bef59d475b1e7dea17130b70a2178f5716399590234e6?s=96&d=mm&r=g","caption":"Beatriz Oliveira"},"url":"https:\/\/homolog.harald.com.br\/site-2026\/blog\/author\/beatriz-oliveira\/"}]}},"uagb_featured_image_src":{"full":["https:\/\/homolog.harald.com.br\/site-2026\/wp-content\/uploads\/2024\/12\/54076059513-9f2c27cf76-o-scaled.jpg",2560,1707,false],"thumbnail":["https:\/\/homolog.harald.com.br\/site-2026\/wp-content\/uploads\/2024\/12\/54076059513-9f2c27cf76-o-150x150.jpg",150,150,true],"medium":["https:\/\/homolog.harald.com.br\/site-2026\/wp-content\/uploads\/2024\/12\/54076059513-9f2c27cf76-o-300x200.jpg",300,200,true],"medium_large":["https:\/\/homolog.harald.com.br\/site-2026\/wp-content\/uploads\/2024\/12\/54076059513-9f2c27cf76-o-768x512.jpg",768,512,true],"large":["https:\/\/homolog.harald.com.br\/site-2026\/wp-content\/uploads\/2024\/12\/54076059513-9f2c27cf76-o-1024x683.jpg",1024,683,true],"1536x1536":["https:\/\/homolog.harald.com.br\/site-2026\/wp-content\/uploads\/2024\/12\/54076059513-9f2c27cf76-o-1536x1024.jpg",1536,1024,true],"2048x2048":["https:\/\/homolog.harald.com.br\/site-2026\/wp-content\/uploads\/2024\/12\/54076059513-9f2c27cf76-o-2048x1365.jpg",2048,1365,true],"full-width":["https:\/\/homolog.harald.com.br\/site-2026\/wp-content\/uploads\/2024\/12\/54076059513-9f2c27cf76-o-scaled.jpg",1620,1080,false],"gform-image-choice-sm":["https:\/\/homolog.harald.com.br\/site-2026\/wp-content\/uploads\/2024\/12\/54076059513-9f2c27cf76-o-scaled.jpg",300,200,false],"gform-image-choice-md":["https:\/\/homolog.harald.com.br\/site-2026\/wp-content\/uploads\/2024\/12\/54076059513-9f2c27cf76-o-scaled.jpg",400,267,false],"gform-image-choice-lg":["https:\/\/homolog.harald.com.br\/site-2026\/wp-content\/uploads\/2024\/12\/54076059513-9f2c27cf76-o-scaled.jpg",600,400,false]},"uagb_author_info":{"display_name":"Beatriz Oliveira","author_link":"https:\/\/homolog.harald.com.br\/site-2026\/blog\/author\/beatriz-oliveira\/"},"uagb_comment_info":0,"uagb_excerpt":"Harald Conquista Pr\u00eamio no Smacna Brasil A Harald Conquista Pr\u00eamio na categoria Obra Nova \/ Climatiza\u00e7\u00e3o Industrial \u2013 Instala\u00e7\u00f5es Especiais no evento \u201cDestaques do Ano\u201d da SMACNA Brasil, que reconhece os melhores projetos de climatiza\u00e7\u00e3o do pa\u00eds. A Smacna Brasil \u00e9 uma associa\u00e7\u00e3o que celebra os avan\u00e7os t\u00e9cnicos em engenharia termo-ambiental, com foco em efici\u00eancia&hellip;","_links":{"self":[{"href":"https:\/\/homolog.harald.com.br\/site-2026\/wp-json\/wp\/v2\/posts\/228099","targetHints":{"allow":["GET"]}}],"collection":[{"href":"https:\/\/homolog.harald.com.br\/site-2026\/wp-json\/wp\/v2\/posts"}],"about":[{"href":"https:\/\/homolog.harald.com.br\/site-2026\/wp-json\/wp\/v2\/types\/post"}],"author":[{"embeddable":true,"href":"https:\/\/homolog.harald.com.br\/site-2026\/wp-json\/wp\/v2\/users\/14"}],"replies":[{"embeddable":true,"href":"https:\/\/homolog.harald.com.br\/site-2026\/wp-json\/wp\/v2\/comments?post=228099"}],"version-history":[{"count":2,"href":"https:\/\/homolog.harald.com.br\/site-2026\/wp-json\/wp\/v2\/posts\/228099\/revisions"}],"predecessor-version":[{"id":228111,"href":"https:\/\/homolog.harald.com.br\/site-2026\/wp-json\/wp\/v2\/posts\/228099\/revisions\/228111"}],"wp:featuredmedia":[{"embeddable":true,"href":"https:\/\/homolog.harald.com.br\/site-2026\/wp-json\/wp\/v2\/media\/228104"}],"wp:attachment":[{"href":"https:\/\/homolog.harald.com.br\/site-2026\/wp-json\/wp\/v2\/media?parent=228099"}],"wp:term":[{"taxonomy":"category","embeddable":true,"href":"https:\/\/homolog.harald.com.br\/site-2026\/wp-json\/wp\/v2\/categories?post=228099"},{"taxonomy":"post_tag","embeddable":true,"href":"https:\/\/homolog.harald.com.br\/site-2026\/wp-json\/wp\/v2\/tags?post=228099"},{"taxonomy":"para-seu-negocio","embeddable":true,"href":"https:\/\/homolog.harald.com.br\/site-2026\/wp-json\/wp\/v2\/para-seu-negocio?post=228099"}],"curies":[{"name":"wp","href":"https:\/\/api.w.org\/{rel}","templated":true}]}}