{"id":227124,"date":"2024-11-25T14:04:07","date_gmt":"2024-11-25T17:04:07","guid":{"rendered":"https:\/\/homolog.harald.com.br\/site-2026\/?p=227124"},"modified":"2024-12-02T14:11:16","modified_gmt":"2024-12-02T17:11:16","slug":"torta-de-avela-no-palito-diferente-para-varias-ocasioes","status":"publish","type":"post","link":"https:\/\/homolog.harald.com.br\/site-2026\/blog\/torta-de-avela-no-palito-diferente-para-varias-ocasioes\/","title":{"rendered":"Torta de Avel\u00e3 no Palito: Diferente para V\u00e1rias Ocasi\u00f5es"},"content":{"rendered":"<h3><strong>Torta de Avel\u00e3 no Palito: Sabor e Inova\u00e7\u00e3o para Qualquer Ocasi\u00e3o<\/strong><\/h3>\n<p>A <strong>Harald<\/strong>, l\u00edder em coberturas e chocolates para o mercado especializado, apresenta a inovadora <strong>Torta de Avel\u00e3 no Palito<\/strong>. Assim, inspirada nas cl\u00e1ssicas tortas de avel\u00e3, essa vers\u00e3o moderna combina sofistica\u00e7\u00e3o e praticidade, ideal para surpreender em eventos e recep\u00e7\u00f5es. Com um formato criativo, a sobremesa n\u00e3o s\u00f3 encanta pelo sabor, mas tamb\u00e9m se destaca na decora\u00e7\u00e3o de mesas festivas.<\/p>\n<p><img loading=\"lazy\" decoding=\"async\" class=\"wp-image-216601 aligncenter\" src=\"https:\/\/homolog.harald.com.br\/site-2026\/wp-content\/uploads\/2024\/10\/torta-avela-no-palito-scaled-e1729003519273.jpg\" alt=\"Torta Avel\u00e3 no Palito\" width=\"557\" height=\"311\" srcset=\"https:\/\/homolog.harald.com.br\/site-2026\/wp-content\/uploads\/2024\/10\/torta-avela-no-palito-scaled-e1729003519273.jpg 2043w, https:\/\/homolog.harald.com.br\/site-2026\/wp-content\/uploads\/2024\/10\/torta-avela-no-palito-scaled-e1729003519273-300x167.jpg 300w, https:\/\/homolog.harald.com.br\/site-2026\/wp-content\/uploads\/2024\/10\/torta-avela-no-palito-scaled-e1729003519273-1024x571.jpg 1024w, https:\/\/homolog.harald.com.br\/site-2026\/wp-content\/uploads\/2024\/10\/torta-avela-no-palito-scaled-e1729003519273-768x428.jpg 768w, https:\/\/homolog.harald.com.br\/site-2026\/wp-content\/uploads\/2024\/10\/torta-avela-no-palito-scaled-e1729003519273-1536x856.jpg 1536w, https:\/\/homolog.harald.com.br\/site-2026\/wp-content\/uploads\/2024\/10\/torta-avela-no-palito-scaled-e1729003519273-1920x1070.jpg 1920w\" sizes=\"auto, (max-width: 557px) 100vw, 557px\" \/><\/p>\n<h3>Receita: Torta de Avel\u00e3 no Palito<\/h3>\n<p><strong>Ingredientes do P\u00e3o de L\u00f3:<\/strong><\/p>\n<ul>\n<li>120 g de farinha de trigo<\/li>\n<li>100 g de a\u00e7\u00facar refinado<\/li>\n<li>150 g de ovos (em temperatura ambiente)<\/li>\n<li>5 g de fermento em p\u00f3<\/li>\n<\/ul>\n<p><strong>Modo de Preparo:<\/strong><\/p>\n<ol>\n<li>Em primeiro lugar, bata todos os ingredientes na batedeira at\u00e9 triplicar de volume.<\/li>\n<li>Asse a massa em forma redonda (18&#215;5 cm) a 180\u00b0C por 35 minutos.<\/li>\n<li>Por fim, deixe esfriar e corte em fatias.<\/li>\n<\/ol>\n<p><strong>Ingredientes da Mousse de Chocolate com Avel\u00e3:<\/strong><\/p>\n<ul>\n<li>400 g de Chocolate Melken Meio Amargo<\/li>\n<li>120 g de creme de leite<\/li>\n<li>6 g de gelatina neutra (hidratada com 30 g de \u00e1gua)<\/li>\n<li>150 g de chantilly sabor nata (batido firme)<\/li>\n<\/ul>\n<p><strong>Modo de Preparo:<\/strong><\/p>\n<ol>\n<li>Em seguida, derreta o chocolate e misture com o creme de leite e a gelatina hidratada.<\/li>\n<li>Logo depois, incorpore delicadamente o chantilly, formando uma mousse leve e cremosa.<\/li>\n<\/ol>\n<h3>Montagem e Finaliza\u00e7\u00e3o<\/h3>\n<ol>\n<li>Em um aro de 18&#215;5 cm, intercale camadas de p\u00e3o de l\u00f3 e mousse.<\/li>\n<li>Leve \u00e0 geladeira por 1 hora at\u00e9 firmar. E ent\u00e3o, desenforme e corte em 8 fatias.<\/li>\n<li>Insira um palito em cada fatia e mergulhe na cobertura <strong>TOP<\/strong> sabor Avel\u00e3, derretida.<\/li>\n<li>Por fim, eixe cristalizar sobre papel manteiga e decore com granulados ou outros confeitos.<\/li>\n<\/ol>\n<p><strong>Rendimento:<\/strong> 8 fatias<br \/>\n<strong>Tempo de Preparo:<\/strong> 2 horas<br \/>\n<strong>Dificuldade:<\/strong> M\u00e9dio<\/p>\n<h3>Experi\u00eancia \u00danica com Harald<\/h3>\n<p>Essa sobremesa combina a leveza do p\u00e3o de l\u00f3, a cremosidade da mousse e a croc\u00e2ncia da cobertura TOP, proporcionando uma experi\u00eancia visual e gustativa inesquec\u00edvel.<\/p>\n<p><strong>Melken e TOP: O Melhor para Suas Receitas<\/strong><\/p>\n<p>A linha <strong>Melken<\/strong>, da Harald, oferece chocolates nobres ideais para moldar, rechear e decorar, com alto rendimento e brilho impec\u00e1vel. J\u00e1 a linha <strong>TOP<\/strong>, pioneira em coberturas fracionadas no Brasil, alia praticidade e performance sem necessidade de temperagem, garantindo acabamento perfeito e sabor irresist\u00edvel.<\/p>\n<p><strong>Sobre a Harald<\/strong><\/p>\n<p>Fundada em 1982, a Harald \u00e9 l\u00edder no mercado de chocolates para transforma\u00e7\u00e3o. Com marcas renomadas como Unique, Melken, Inovare, TOP e Confeiteiro, a empresa integra o grupo global Fuji Oil desde 2015, consolidando sua presen\u00e7a no mercado especializado e food service.<\/p>\n","protected":false},"excerpt":{"rendered":"<p>Torta de Avel\u00e3 no Palito: Sabor e Inova\u00e7\u00e3o para Qualquer Ocasi\u00e3o A Harald, l\u00edder em coberturas e chocolates para o mercado especializado, apresenta a inovadora Torta de Avel\u00e3 no Palito. Assim, inspirada nas cl\u00e1ssicas tortas de avel\u00e3, essa vers\u00e3o moderna combina sofistica\u00e7\u00e3o e praticidade, ideal para surpreender em eventos e recep\u00e7\u00f5es. Com um formato criativo, <a class=\"more-link\" href=\"https:\/\/homolog.harald.com.br\/site-2026\/blog\/torta-de-avela-no-palito-diferente-para-varias-ocasioes\/\">Read more&#8230;<\/a><\/p>\n","protected":false},"author":14,"featured_media":216601,"comment_status":"closed","ping_status":"closed","sticky":false,"template":"","format":"standard","meta":{"_acf_changed":false,"_uag_custom_page_level_css":"","footnotes":""},"categories":[158],"tags":[],"para-seu-negocio":[],"class_list":["post-227124","post","type-post","status-publish","format-standard","has-post-thumbnail","hentry","category-noticias"],"acf":[],"yoast_head":"<!-- This site is optimized with the Yoast SEO plugin v26.3 - https:\/\/yoast.com\/wordpress\/plugins\/seo\/ -->\n<title>Torta de Avel\u00e3 no Palito: Diferente para V\u00e1rias Ocasi\u00f5es - Harald<\/title>\n<meta name=\"description\" content=\"Torta de Avel\u00e3 no Palito: uma receita inovadora da Harald que combina sofistica\u00e7\u00e3o e praticidade. Ideal para festas e o fa\u00e7a e venda!\" \/>\n<meta name=\"robots\" content=\"noindex, follow, max-snippet:-1, max-image-preview:large, max-video-preview:-1\" \/>\n<meta property=\"og:locale\" content=\"pt_BR\" \/>\n<meta property=\"og:type\" content=\"article\" \/>\n<meta property=\"og:title\" content=\"Torta de Avel\u00e3 no Palito: Diferente para V\u00e1rias Ocasi\u00f5es - Harald\" \/>\n<meta property=\"og:description\" content=\"Torta de Avel\u00e3 no Palito: uma receita inovadora da Harald que combina sofistica\u00e7\u00e3o e praticidade. Ideal para festas e o fa\u00e7a e venda!\" \/>\n<meta property=\"og:url\" content=\"https:\/\/homolog.harald.com.br\/site-2026\/blog\/torta-de-avela-no-palito-diferente-para-varias-ocasioes\/\" \/>\n<meta property=\"og:site_name\" content=\"Harald\" \/>\n<meta property=\"article:publisher\" content=\"https:\/\/www.facebook.com\/HaraldChocolates\/\" \/>\n<meta property=\"article:published_time\" content=\"2024-11-25T17:04:07+00:00\" \/>\n<meta property=\"article:modified_time\" content=\"2024-12-02T17:11:16+00:00\" \/>\n<meta property=\"og:image\" content=\"https:\/\/homolog.harald.com.br\/site-2026\/wp-content\/uploads\/2024\/10\/torta-avela-no-palito-scaled-e1729003519273.jpg\" \/>\n\t<meta property=\"og:image:width\" content=\"2043\" \/>\n\t<meta property=\"og:image:height\" content=\"1139\" \/>\n\t<meta property=\"og:image:type\" content=\"image\/jpeg\" \/>\n<meta name=\"author\" content=\"Beatriz Oliveira\" \/>\n<meta name=\"twitter:card\" content=\"summary_large_image\" \/>\n<meta name=\"twitter:label1\" content=\"Escrito por\" \/>\n\t<meta name=\"twitter:data1\" content=\"Beatriz Oliveira\" \/>\n\t<meta name=\"twitter:label2\" content=\"Est. tempo de leitura\" \/>\n\t<meta name=\"twitter:data2\" content=\"3 minutos\" \/>\n<script type=\"application\/ld+json\" class=\"yoast-schema-graph\">{\"@context\":\"https:\/\/schema.org\",\"@graph\":[{\"@type\":\"Article\",\"@id\":\"https:\/\/homolog.harald.com.br\/site-2026\/blog\/torta-de-avela-no-palito-diferente-para-varias-ocasioes\/#article\",\"isPartOf\":{\"@id\":\"https:\/\/homolog.harald.com.br\/site-2026\/blog\/torta-de-avela-no-palito-diferente-para-varias-ocasioes\/\"},\"author\":{\"name\":\"Beatriz Oliveira\",\"@id\":\"https:\/\/homolog.harald.com.br\/site-2026\/#\/schema\/person\/c71700dd47fb39a337c7f9b89d5e3a00\"},\"headline\":\"Torta de Avel\u00e3 no Palito: Diferente para V\u00e1rias Ocasi\u00f5es\",\"datePublished\":\"2024-11-25T17:04:07+00:00\",\"dateModified\":\"2024-12-02T17:11:16+00:00\",\"mainEntityOfPage\":{\"@id\":\"https:\/\/homolog.harald.com.br\/site-2026\/blog\/torta-de-avela-no-palito-diferente-para-varias-ocasioes\/\"},\"wordCount\":430,\"publisher\":{\"@id\":\"https:\/\/homolog.harald.com.br\/site-2026\/#organization\"},\"image\":{\"@id\":\"https:\/\/homolog.harald.com.br\/site-2026\/blog\/torta-de-avela-no-palito-diferente-para-varias-ocasioes\/#primaryimage\"},\"thumbnailUrl\":\"https:\/\/homolog.harald.com.br\/site-2026\/wp-content\/uploads\/2024\/10\/torta-avela-no-palito-scaled-e1729003519273.jpg\",\"articleSection\":[\"Not\u00edcias\"],\"inLanguage\":\"pt-BR\"},{\"@type\":\"WebPage\",\"@id\":\"https:\/\/homolog.harald.com.br\/site-2026\/blog\/torta-de-avela-no-palito-diferente-para-varias-ocasioes\/\",\"url\":\"https:\/\/homolog.harald.com.br\/site-2026\/blog\/torta-de-avela-no-palito-diferente-para-varias-ocasioes\/\",\"name\":\"Torta de Avel\u00e3 no Palito: Diferente para V\u00e1rias Ocasi\u00f5es - Harald\",\"isPartOf\":{\"@id\":\"https:\/\/homolog.harald.com.br\/site-2026\/#website\"},\"primaryImageOfPage\":{\"@id\":\"https:\/\/homolog.harald.com.br\/site-2026\/blog\/torta-de-avela-no-palito-diferente-para-varias-ocasioes\/#primaryimage\"},\"image\":{\"@id\":\"https:\/\/homolog.harald.com.br\/site-2026\/blog\/torta-de-avela-no-palito-diferente-para-varias-ocasioes\/#primaryimage\"},\"thumbnailUrl\":\"https:\/\/homolog.harald.com.br\/site-2026\/wp-content\/uploads\/2024\/10\/torta-avela-no-palito-scaled-e1729003519273.jpg\",\"datePublished\":\"2024-11-25T17:04:07+00:00\",\"dateModified\":\"2024-12-02T17:11:16+00:00\",\"description\":\"Torta de Avel\u00e3 no Palito: uma receita inovadora da Harald que combina sofistica\u00e7\u00e3o e praticidade. Ideal para festas e o fa\u00e7a e venda!\",\"breadcrumb\":{\"@id\":\"https:\/\/homolog.harald.com.br\/site-2026\/blog\/torta-de-avela-no-palito-diferente-para-varias-ocasioes\/#breadcrumb\"},\"inLanguage\":\"pt-BR\",\"potentialAction\":[{\"@type\":\"ReadAction\",\"target\":[\"https:\/\/homolog.harald.com.br\/site-2026\/blog\/torta-de-avela-no-palito-diferente-para-varias-ocasioes\/\"]}]},{\"@type\":\"ImageObject\",\"inLanguage\":\"pt-BR\",\"@id\":\"https:\/\/homolog.harald.com.br\/site-2026\/blog\/torta-de-avela-no-palito-diferente-para-varias-ocasioes\/#primaryimage\",\"url\":\"https:\/\/homolog.harald.com.br\/site-2026\/wp-content\/uploads\/2024\/10\/torta-avela-no-palito-scaled-e1729003519273.jpg\",\"contentUrl\":\"https:\/\/homolog.harald.com.br\/site-2026\/wp-content\/uploads\/2024\/10\/torta-avela-no-palito-scaled-e1729003519273.jpg\",\"width\":2043,\"height\":1139,\"caption\":\"Torta Avel\u00e3 no Palito\"},{\"@type\":\"BreadcrumbList\",\"@id\":\"https:\/\/homolog.harald.com.br\/site-2026\/blog\/torta-de-avela-no-palito-diferente-para-varias-ocasioes\/#breadcrumb\",\"itemListElement\":[{\"@type\":\"ListItem\",\"position\":1,\"name\":\"In\u00edcio\",\"item\":\"https:\/\/homolog.harald.com.br\/site-2026\/\"},{\"@type\":\"ListItem\",\"position\":2,\"name\":\"Torta de Avel\u00e3 no Palito: Diferente para V\u00e1rias Ocasi\u00f5es\"}]},{\"@type\":\"WebSite\",\"@id\":\"https:\/\/homolog.harald.com.br\/site-2026\/#website\",\"url\":\"https:\/\/homolog.harald.com.br\/site-2026\/\",\"name\":\"Harald\",\"description\":\"Fazer melhor \u00e9 fazer com paix\u00e3o\",\"publisher\":{\"@id\":\"https:\/\/homolog.harald.com.br\/site-2026\/#organization\"},\"potentialAction\":[{\"@type\":\"SearchAction\",\"target\":{\"@type\":\"EntryPoint\",\"urlTemplate\":\"https:\/\/homolog.harald.com.br\/site-2026\/?s={search_term_string}\"},\"query-input\":{\"@type\":\"PropertyValueSpecification\",\"valueRequired\":true,\"valueName\":\"search_term_string\"}}],\"inLanguage\":\"pt-BR\"},{\"@type\":\"Organization\",\"@id\":\"https:\/\/homolog.harald.com.br\/site-2026\/#organization\",\"name\":\"Harald\",\"url\":\"https:\/\/homolog.harald.com.br\/site-2026\/\",\"logo\":{\"@type\":\"ImageObject\",\"inLanguage\":\"pt-BR\",\"@id\":\"https:\/\/homolog.harald.com.br\/site-2026\/#\/schema\/logo\/image\/\",\"url\":\"https:\/\/homolog.harald.com.br\/site-2026\/wp-content\/uploads\/2022\/09\/logo-harald-cmyk-ss.png\",\"contentUrl\":\"https:\/\/homolog.harald.com.br\/site-2026\/wp-content\/uploads\/2022\/09\/logo-harald-cmyk-ss.png\",\"width\":1948,\"height\":1051,\"caption\":\"Harald\"},\"image\":{\"@id\":\"https:\/\/homolog.harald.com.br\/site-2026\/#\/schema\/logo\/image\/\"},\"sameAs\":[\"https:\/\/www.facebook.com\/HaraldChocolates\/\",\"https:\/\/www.youtube.com\/user\/HaraldChocolates\"]},{\"@type\":\"Person\",\"@id\":\"https:\/\/homolog.harald.com.br\/site-2026\/#\/schema\/person\/c71700dd47fb39a337c7f9b89d5e3a00\",\"name\":\"Beatriz Oliveira\",\"image\":{\"@type\":\"ImageObject\",\"inLanguage\":\"pt-BR\",\"@id\":\"https:\/\/homolog.harald.com.br\/site-2026\/#\/schema\/person\/image\/\",\"url\":\"https:\/\/secure.gravatar.com\/avatar\/fdc870643b67a6486b6bef59d475b1e7dea17130b70a2178f5716399590234e6?s=96&d=mm&r=g\",\"contentUrl\":\"https:\/\/secure.gravatar.com\/avatar\/fdc870643b67a6486b6bef59d475b1e7dea17130b70a2178f5716399590234e6?s=96&d=mm&r=g\",\"caption\":\"Beatriz Oliveira\"},\"url\":\"https:\/\/homolog.harald.com.br\/site-2026\/blog\/author\/beatriz-oliveira\/\"}]}<\/script>\n<!-- \/ Yoast SEO plugin. -->","yoast_head_json":{"title":"Torta de Avel\u00e3 no Palito: Diferente para V\u00e1rias Ocasi\u00f5es - Harald","description":"Torta de Avel\u00e3 no Palito: uma receita inovadora da Harald que combina sofistica\u00e7\u00e3o e praticidade. Ideal para festas e o fa\u00e7a e venda!","robots":{"index":"noindex","follow":"follow","max-snippet":"max-snippet:-1","max-image-preview":"max-image-preview:large","max-video-preview":"max-video-preview:-1"},"og_locale":"pt_BR","og_type":"article","og_title":"Torta de Avel\u00e3 no Palito: Diferente para V\u00e1rias Ocasi\u00f5es - Harald","og_description":"Torta de Avel\u00e3 no Palito: uma receita inovadora da Harald que combina sofistica\u00e7\u00e3o e praticidade. Ideal para festas e o fa\u00e7a e venda!","og_url":"https:\/\/homolog.harald.com.br\/site-2026\/blog\/torta-de-avela-no-palito-diferente-para-varias-ocasioes\/","og_site_name":"Harald","article_publisher":"https:\/\/www.facebook.com\/HaraldChocolates\/","article_published_time":"2024-11-25T17:04:07+00:00","article_modified_time":"2024-12-02T17:11:16+00:00","og_image":[{"width":2043,"height":1139,"url":"https:\/\/homolog.harald.com.br\/site-2026\/wp-content\/uploads\/2024\/10\/torta-avela-no-palito-scaled-e1729003519273.jpg","type":"image\/jpeg"}],"author":"Beatriz Oliveira","twitter_card":"summary_large_image","twitter_misc":{"Escrito por":"Beatriz Oliveira","Est. tempo de leitura":"3 minutos"},"schema":{"@context":"https:\/\/schema.org","@graph":[{"@type":"Article","@id":"https:\/\/homolog.harald.com.br\/site-2026\/blog\/torta-de-avela-no-palito-diferente-para-varias-ocasioes\/#article","isPartOf":{"@id":"https:\/\/homolog.harald.com.br\/site-2026\/blog\/torta-de-avela-no-palito-diferente-para-varias-ocasioes\/"},"author":{"name":"Beatriz Oliveira","@id":"https:\/\/homolog.harald.com.br\/site-2026\/#\/schema\/person\/c71700dd47fb39a337c7f9b89d5e3a00"},"headline":"Torta de Avel\u00e3 no Palito: Diferente para V\u00e1rias Ocasi\u00f5es","datePublished":"2024-11-25T17:04:07+00:00","dateModified":"2024-12-02T17:11:16+00:00","mainEntityOfPage":{"@id":"https:\/\/homolog.harald.com.br\/site-2026\/blog\/torta-de-avela-no-palito-diferente-para-varias-ocasioes\/"},"wordCount":430,"publisher":{"@id":"https:\/\/homolog.harald.com.br\/site-2026\/#organization"},"image":{"@id":"https:\/\/homolog.harald.com.br\/site-2026\/blog\/torta-de-avela-no-palito-diferente-para-varias-ocasioes\/#primaryimage"},"thumbnailUrl":"https:\/\/homolog.harald.com.br\/site-2026\/wp-content\/uploads\/2024\/10\/torta-avela-no-palito-scaled-e1729003519273.jpg","articleSection":["Not\u00edcias"],"inLanguage":"pt-BR"},{"@type":"WebPage","@id":"https:\/\/homolog.harald.com.br\/site-2026\/blog\/torta-de-avela-no-palito-diferente-para-varias-ocasioes\/","url":"https:\/\/homolog.harald.com.br\/site-2026\/blog\/torta-de-avela-no-palito-diferente-para-varias-ocasioes\/","name":"Torta de Avel\u00e3 no Palito: Diferente para V\u00e1rias Ocasi\u00f5es - Harald","isPartOf":{"@id":"https:\/\/homolog.harald.com.br\/site-2026\/#website"},"primaryImageOfPage":{"@id":"https:\/\/homolog.harald.com.br\/site-2026\/blog\/torta-de-avela-no-palito-diferente-para-varias-ocasioes\/#primaryimage"},"image":{"@id":"https:\/\/homolog.harald.com.br\/site-2026\/blog\/torta-de-avela-no-palito-diferente-para-varias-ocasioes\/#primaryimage"},"thumbnailUrl":"https:\/\/homolog.harald.com.br\/site-2026\/wp-content\/uploads\/2024\/10\/torta-avela-no-palito-scaled-e1729003519273.jpg","datePublished":"2024-11-25T17:04:07+00:00","dateModified":"2024-12-02T17:11:16+00:00","description":"Torta de Avel\u00e3 no Palito: uma receita inovadora da Harald que combina sofistica\u00e7\u00e3o e praticidade. Ideal para festas e o fa\u00e7a e venda!","breadcrumb":{"@id":"https:\/\/homolog.harald.com.br\/site-2026\/blog\/torta-de-avela-no-palito-diferente-para-varias-ocasioes\/#breadcrumb"},"inLanguage":"pt-BR","potentialAction":[{"@type":"ReadAction","target":["https:\/\/homolog.harald.com.br\/site-2026\/blog\/torta-de-avela-no-palito-diferente-para-varias-ocasioes\/"]}]},{"@type":"ImageObject","inLanguage":"pt-BR","@id":"https:\/\/homolog.harald.com.br\/site-2026\/blog\/torta-de-avela-no-palito-diferente-para-varias-ocasioes\/#primaryimage","url":"https:\/\/homolog.harald.com.br\/site-2026\/wp-content\/uploads\/2024\/10\/torta-avela-no-palito-scaled-e1729003519273.jpg","contentUrl":"https:\/\/homolog.harald.com.br\/site-2026\/wp-content\/uploads\/2024\/10\/torta-avela-no-palito-scaled-e1729003519273.jpg","width":2043,"height":1139,"caption":"Torta Avel\u00e3 no Palito"},{"@type":"BreadcrumbList","@id":"https:\/\/homolog.harald.com.br\/site-2026\/blog\/torta-de-avela-no-palito-diferente-para-varias-ocasioes\/#breadcrumb","itemListElement":[{"@type":"ListItem","position":1,"name":"In\u00edcio","item":"https:\/\/homolog.harald.com.br\/site-2026\/"},{"@type":"ListItem","position":2,"name":"Torta de Avel\u00e3 no Palito: Diferente para V\u00e1rias Ocasi\u00f5es"}]},{"@type":"WebSite","@id":"https:\/\/homolog.harald.com.br\/site-2026\/#website","url":"https:\/\/homolog.harald.com.br\/site-2026\/","name":"Harald","description":"Fazer melhor \u00e9 fazer com paix\u00e3o","publisher":{"@id":"https:\/\/homolog.harald.com.br\/site-2026\/#organization"},"potentialAction":[{"@type":"SearchAction","target":{"@type":"EntryPoint","urlTemplate":"https:\/\/homolog.harald.com.br\/site-2026\/?s={search_term_string}"},"query-input":{"@type":"PropertyValueSpecification","valueRequired":true,"valueName":"search_term_string"}}],"inLanguage":"pt-BR"},{"@type":"Organization","@id":"https:\/\/homolog.harald.com.br\/site-2026\/#organization","name":"Harald","url":"https:\/\/homolog.harald.com.br\/site-2026\/","logo":{"@type":"ImageObject","inLanguage":"pt-BR","@id":"https:\/\/homolog.harald.com.br\/site-2026\/#\/schema\/logo\/image\/","url":"https:\/\/homolog.harald.com.br\/site-2026\/wp-content\/uploads\/2022\/09\/logo-harald-cmyk-ss.png","contentUrl":"https:\/\/homolog.harald.com.br\/site-2026\/wp-content\/uploads\/2022\/09\/logo-harald-cmyk-ss.png","width":1948,"height":1051,"caption":"Harald"},"image":{"@id":"https:\/\/homolog.harald.com.br\/site-2026\/#\/schema\/logo\/image\/"},"sameAs":["https:\/\/www.facebook.com\/HaraldChocolates\/","https:\/\/www.youtube.com\/user\/HaraldChocolates"]},{"@type":"Person","@id":"https:\/\/homolog.harald.com.br\/site-2026\/#\/schema\/person\/c71700dd47fb39a337c7f9b89d5e3a00","name":"Beatriz Oliveira","image":{"@type":"ImageObject","inLanguage":"pt-BR","@id":"https:\/\/homolog.harald.com.br\/site-2026\/#\/schema\/person\/image\/","url":"https:\/\/secure.gravatar.com\/avatar\/fdc870643b67a6486b6bef59d475b1e7dea17130b70a2178f5716399590234e6?s=96&d=mm&r=g","contentUrl":"https:\/\/secure.gravatar.com\/avatar\/fdc870643b67a6486b6bef59d475b1e7dea17130b70a2178f5716399590234e6?s=96&d=mm&r=g","caption":"Beatriz Oliveira"},"url":"https:\/\/homolog.harald.com.br\/site-2026\/blog\/author\/beatriz-oliveira\/"}]}},"uagb_featured_image_src":{"full":["https:\/\/homolog.harald.com.br\/site-2026\/wp-content\/uploads\/2024\/10\/torta-avela-no-palito-scaled-e1729003519273.jpg",2043,1139,false],"thumbnail":["https:\/\/homolog.harald.com.br\/site-2026\/wp-content\/uploads\/2024\/10\/torta-avela-no-palito-scaled-e1729003519273-150x150.jpg",150,150,true],"medium":["https:\/\/homolog.harald.com.br\/site-2026\/wp-content\/uploads\/2024\/10\/torta-avela-no-palito-scaled-e1729003519273-300x167.jpg",300,167,true],"medium_large":["https:\/\/homolog.harald.com.br\/site-2026\/wp-content\/uploads\/2024\/10\/torta-avela-no-palito-scaled-e1729003519273-768x428.jpg",768,428,true],"large":["https:\/\/homolog.harald.com.br\/site-2026\/wp-content\/uploads\/2024\/10\/torta-avela-no-palito-scaled-e1729003519273-1024x571.jpg",1024,571,true],"1536x1536":["https:\/\/homolog.harald.com.br\/site-2026\/wp-content\/uploads\/2024\/10\/torta-avela-no-palito-scaled-e1729003519273-1536x856.jpg",1536,856,true],"2048x2048":["https:\/\/homolog.harald.com.br\/site-2026\/wp-content\/uploads\/2024\/10\/torta-avela-no-palito-2048x1365.jpg",2048,1365,true],"full-width":["https:\/\/homolog.harald.com.br\/site-2026\/wp-content\/uploads\/2024\/10\/torta-avela-no-palito-scaled-e1729003519273.jpg",1920,1070,false],"gform-image-choice-sm":["https:\/\/homolog.harald.com.br\/site-2026\/wp-content\/uploads\/2024\/10\/torta-avela-no-palito-scaled-e1729003519273.jpg",300,167,false],"gform-image-choice-md":["https:\/\/homolog.harald.com.br\/site-2026\/wp-content\/uploads\/2024\/10\/torta-avela-no-palito-scaled-e1729003519273.jpg",400,223,false],"gform-image-choice-lg":["https:\/\/homolog.harald.com.br\/site-2026\/wp-content\/uploads\/2024\/10\/torta-avela-no-palito-scaled-e1729003519273.jpg",600,335,false]},"uagb_author_info":{"display_name":"Beatriz Oliveira","author_link":"https:\/\/homolog.harald.com.br\/site-2026\/blog\/author\/beatriz-oliveira\/"},"uagb_comment_info":0,"uagb_excerpt":"Torta de Avel\u00e3 no Palito: Sabor e Inova\u00e7\u00e3o para Qualquer Ocasi\u00e3o A Harald, l\u00edder em coberturas e chocolates para o mercado especializado, apresenta a inovadora Torta de Avel\u00e3 no Palito. Assim, inspirada nas cl\u00e1ssicas tortas de avel\u00e3, essa vers\u00e3o moderna combina sofistica\u00e7\u00e3o e praticidade, ideal para surpreender em eventos e recep\u00e7\u00f5es. Com um formato criativo,&hellip;","_links":{"self":[{"href":"https:\/\/homolog.harald.com.br\/site-2026\/wp-json\/wp\/v2\/posts\/227124","targetHints":{"allow":["GET"]}}],"collection":[{"href":"https:\/\/homolog.harald.com.br\/site-2026\/wp-json\/wp\/v2\/posts"}],"about":[{"href":"https:\/\/homolog.harald.com.br\/site-2026\/wp-json\/wp\/v2\/types\/post"}],"author":[{"embeddable":true,"href":"https:\/\/homolog.harald.com.br\/site-2026\/wp-json\/wp\/v2\/users\/14"}],"replies":[{"embeddable":true,"href":"https:\/\/homolog.harald.com.br\/site-2026\/wp-json\/wp\/v2\/comments?post=227124"}],"version-history":[{"count":4,"href":"https:\/\/homolog.harald.com.br\/site-2026\/wp-json\/wp\/v2\/posts\/227124\/revisions"}],"predecessor-version":[{"id":227132,"href":"https:\/\/homolog.harald.com.br\/site-2026\/wp-json\/wp\/v2\/posts\/227124\/revisions\/227132"}],"wp:featuredmedia":[{"embeddable":true,"href":"https:\/\/homolog.harald.com.br\/site-2026\/wp-json\/wp\/v2\/media\/216601"}],"wp:attachment":[{"href":"https:\/\/homolog.harald.com.br\/site-2026\/wp-json\/wp\/v2\/media?parent=227124"}],"wp:term":[{"taxonomy":"category","embeddable":true,"href":"https:\/\/homolog.harald.com.br\/site-2026\/wp-json\/wp\/v2\/categories?post=227124"},{"taxonomy":"post_tag","embeddable":true,"href":"https:\/\/homolog.harald.com.br\/site-2026\/wp-json\/wp\/v2\/tags?post=227124"},{"taxonomy":"para-seu-negocio","embeddable":true,"href":"https:\/\/homolog.harald.com.br\/site-2026\/wp-json\/wp\/v2\/para-seu-negocio?post=227124"}],"curies":[{"name":"wp","href":"https:\/\/api.w.org\/{rel}","templated":true}]}}