{"id":224305,"date":"2024-11-13T12:21:58","date_gmt":"2024-11-13T15:21:58","guid":{"rendered":"https:\/\/homolog.harald.com.br\/site-2026\/?p=224305"},"modified":"2024-11-21T13:30:44","modified_gmt":"2024-11-21T16:30:44","slug":"novidade-na-area-lancamento-do-top-confeite-sabor-pistache","status":"publish","type":"post","link":"https:\/\/homolog.harald.com.br\/site-2026\/blog\/novidade-na-area-lancamento-do-top-confeite-sabor-pistache\/","title":{"rendered":"Novidade na \u00e1rea: Lan\u00e7amento do TOP Confeit\u00e9 Sabor Pistache"},"content":{"rendered":"<div class=\"flex-shrink-0 flex flex-col relative items-end\">\n<div class=\"pt-0\">\n<h3><strong>Harald Expande Linha TOP com o Lan\u00e7amento do Confeit\u00e9 Sabor Pistache<\/strong><\/h3>\n<p>A Harald, l\u00edder no segmento de coberturas e chocolates no Brasil, anuncia uma novidade importante: o lan\u00e7amento do <a href=\"https:\/\/homolog.harald.com.br\/site-2026\/produtos\/top-confeite-pistache-400g\/\"><em>TOp confeit\u00e9 sabor Pistache<\/em><\/a>. Este produto n\u00e3o s\u00f3 refor\u00e7a a presen\u00e7a da marca no mercado de confeitaria, mas tamb\u00e9m marca sua entrada no segmento de confeitos e decora\u00e7\u00f5es. Ele estar\u00e1 dispon\u00edvel nas principais lojas especializadas a partir de novembro.<\/p>\n<p><img loading=\"lazy\" decoding=\"async\" class=\"aligncenter wp-image-224317 \" src=\"https:\/\/homolog.harald.com.br\/site-2026\/wp-content\/uploads\/2024\/11\/noticia-7.jpg\" alt=\"TOP Confeit\u00e9 Sabor Pistache\" width=\"654\" height=\"368\" srcset=\"https:\/\/homolog.harald.com.br\/site-2026\/wp-content\/uploads\/2024\/11\/noticia-7.jpg 1920w, https:\/\/homolog.harald.com.br\/site-2026\/wp-content\/uploads\/2024\/11\/noticia-7-300x169.jpg 300w, https:\/\/homolog.harald.com.br\/site-2026\/wp-content\/uploads\/2024\/11\/noticia-7-1024x576.jpg 1024w, https:\/\/homolog.harald.com.br\/site-2026\/wp-content\/uploads\/2024\/11\/noticia-7-768x432.jpg 768w, https:\/\/homolog.harald.com.br\/site-2026\/wp-content\/uploads\/2024\/11\/noticia-7-1536x864.jpg 1536w\" sizes=\"auto, (max-width: 654px) 100vw, 654px\" \/><\/p>\n<p>Com esse novo produto, a Harald oferece um sabor exclusivo e inovador, alinhado \u00e0s tend\u00eancias da confeitaria. Al\u00e9m disso, o produto combina o sabor sofisticado do pistache com uma textura crocante, dando aos confeiteiros uma nova op\u00e7\u00e3o para decorar e finalizar sobremesas como brigadeiros, bolos, tortas e cupcakes. Al\u00e9m de saboroso, ele \u00e9 visualmente atraente, proporcionando um toque de sofistica\u00e7\u00e3o a qualquer receita.<\/p>\n<h3>Uma Novidade que Eleva a Confeitaria<\/h3>\n<p>Fernanda Sequetto, Gerente de Marketing da Harald, comenta sobre o lan\u00e7amento:<em>&#8220;A linha TOP \u00e9 reconhecida pela combina\u00e7\u00e3o de praticidade, rendimento e sabor de alta qualidade. Com o lan\u00e7amento do Confeit\u00e9 TOP sabor Pistache, ampliamos as op\u00e7\u00f5es criativas para nossos clientes.&#8221;<\/em><\/p>\n<h3>Sobre a Linha TOP<\/h3>\n<p>Lan\u00e7ada em 1993, a linha <em>TOP<\/em> foi a primeira marca de coberturas fracionadas do Brasil. Sobretudo, com produtos que n\u00e3o exigem temperagem e oferecem alto rendimento, <em>TOP<\/em> facilita a cobertura de doces e sobremesas, destacando os sabores do recheio e decorando com brilho e eleg\u00e2ncia.<\/p>\n<h3>Conhe\u00e7a a Harald<\/h3>\n<p>Fundada em 1982, a Harald \u00e9 refer\u00eancia no mercado de chocolate e transforma\u00e7\u00e3o, atendendo aos setores especializado, food service e cash &amp; carry. Por fim, desde 2015, a empresa faz parte do grupo Fuji Oil, uma gigante japonesa com atua\u00e7\u00e3o global.<\/p>\n<\/div>\n<\/div>\n","protected":false},"excerpt":{"rendered":"<p>Harald Expande Linha TOP com o Lan\u00e7amento do Confeit\u00e9 Sabor Pistache A Harald, l\u00edder no segmento de coberturas e chocolates no Brasil, anuncia uma novidade importante: o lan\u00e7amento do TOp confeit\u00e9 sabor Pistache. Este produto n\u00e3o s\u00f3 refor\u00e7a a presen\u00e7a da marca no mercado de confeitaria, mas tamb\u00e9m marca sua entrada no segmento de confeitos <a class=\"more-link\" href=\"https:\/\/homolog.harald.com.br\/site-2026\/blog\/novidade-na-area-lancamento-do-top-confeite-sabor-pistache\/\">Read more&#8230;<\/a><\/p>\n","protected":false},"author":14,"featured_media":224317,"comment_status":"closed","ping_status":"closed","sticky":false,"template":"","format":"standard","meta":{"_acf_changed":false,"_uag_custom_page_level_css":"","footnotes":""},"categories":[158],"tags":[],"para-seu-negocio":[],"class_list":["post-224305","post","type-post","status-publish","format-standard","has-post-thumbnail","hentry","category-noticias"],"acf":[],"yoast_head":"<!-- This site is optimized with the Yoast SEO plugin v26.3 - https:\/\/yoast.com\/wordpress\/plugins\/seo\/ -->\n<title>Novidade na \u00e1rea: Lan\u00e7amento do TOP Confeit\u00e9 Sabor Pistache - Harald<\/title>\n<meta name=\"description\" content=\"A Harald lan\u00e7a o TOP Confeit\u00e9 sabor Pistache, expandindo sua linha de confeitos e decora\u00e7\u00f5es. Ideal para brigadeiros, bolos e cupcakes.\" \/>\n<meta name=\"robots\" content=\"noindex, follow, max-snippet:-1, max-image-preview:large, max-video-preview:-1\" \/>\n<meta property=\"og:locale\" content=\"pt_BR\" \/>\n<meta property=\"og:type\" content=\"article\" \/>\n<meta property=\"og:title\" content=\"Novidade na \u00e1rea: Lan\u00e7amento do TOP Confeit\u00e9 Sabor Pistache - Harald\" \/>\n<meta property=\"og:description\" content=\"A Harald lan\u00e7a o TOP Confeit\u00e9 sabor Pistache, expandindo sua linha de confeitos e decora\u00e7\u00f5es. Ideal para brigadeiros, bolos e cupcakes.\" \/>\n<meta property=\"og:url\" content=\"https:\/\/homolog.harald.com.br\/site-2026\/blog\/novidade-na-area-lancamento-do-top-confeite-sabor-pistache\/\" \/>\n<meta property=\"og:site_name\" content=\"Harald\" \/>\n<meta property=\"article:publisher\" content=\"https:\/\/www.facebook.com\/HaraldChocolates\/\" \/>\n<meta property=\"article:published_time\" content=\"2024-11-13T15:21:58+00:00\" \/>\n<meta property=\"article:modified_time\" content=\"2024-11-21T16:30:44+00:00\" \/>\n<meta property=\"og:image\" content=\"https:\/\/homolog.harald.com.br\/site-2026\/wp-content\/uploads\/2024\/11\/noticia-7.jpg\" \/>\n\t<meta property=\"og:image:width\" content=\"1920\" \/>\n\t<meta property=\"og:image:height\" content=\"1080\" \/>\n\t<meta property=\"og:image:type\" content=\"image\/jpeg\" \/>\n<meta name=\"author\" content=\"Beatriz Oliveira\" \/>\n<meta name=\"twitter:card\" content=\"summary_large_image\" \/>\n<meta name=\"twitter:label1\" content=\"Escrito por\" \/>\n\t<meta name=\"twitter:data1\" content=\"Beatriz Oliveira\" \/>\n\t<meta name=\"twitter:label2\" content=\"Est. tempo de leitura\" \/>\n\t<meta name=\"twitter:data2\" content=\"2 minutos\" \/>\n<script type=\"application\/ld+json\" class=\"yoast-schema-graph\">{\"@context\":\"https:\/\/schema.org\",\"@graph\":[{\"@type\":\"Article\",\"@id\":\"https:\/\/homolog.harald.com.br\/site-2026\/blog\/novidade-na-area-lancamento-do-top-confeite-sabor-pistache\/#article\",\"isPartOf\":{\"@id\":\"https:\/\/homolog.harald.com.br\/site-2026\/blog\/novidade-na-area-lancamento-do-top-confeite-sabor-pistache\/\"},\"author\":{\"name\":\"Beatriz Oliveira\",\"@id\":\"https:\/\/homolog.harald.com.br\/site-2026\/#\/schema\/person\/c71700dd47fb39a337c7f9b89d5e3a00\"},\"headline\":\"Novidade na \u00e1rea: Lan\u00e7amento do TOP Confeit\u00e9 Sabor Pistache\",\"datePublished\":\"2024-11-13T15:21:58+00:00\",\"dateModified\":\"2024-11-21T16:30:44+00:00\",\"mainEntityOfPage\":{\"@id\":\"https:\/\/homolog.harald.com.br\/site-2026\/blog\/novidade-na-area-lancamento-do-top-confeite-sabor-pistache\/\"},\"wordCount\":300,\"publisher\":{\"@id\":\"https:\/\/homolog.harald.com.br\/site-2026\/#organization\"},\"image\":{\"@id\":\"https:\/\/homolog.harald.com.br\/site-2026\/blog\/novidade-na-area-lancamento-do-top-confeite-sabor-pistache\/#primaryimage\"},\"thumbnailUrl\":\"https:\/\/homolog.harald.com.br\/site-2026\/wp-content\/uploads\/2024\/11\/noticia-7.jpg\",\"articleSection\":[\"Not\u00edcias\"],\"inLanguage\":\"pt-BR\"},{\"@type\":\"WebPage\",\"@id\":\"https:\/\/homolog.harald.com.br\/site-2026\/blog\/novidade-na-area-lancamento-do-top-confeite-sabor-pistache\/\",\"url\":\"https:\/\/homolog.harald.com.br\/site-2026\/blog\/novidade-na-area-lancamento-do-top-confeite-sabor-pistache\/\",\"name\":\"Novidade na \u00e1rea: Lan\u00e7amento do TOP Confeit\u00e9 Sabor Pistache - Harald\",\"isPartOf\":{\"@id\":\"https:\/\/homolog.harald.com.br\/site-2026\/#website\"},\"primaryImageOfPage\":{\"@id\":\"https:\/\/homolog.harald.com.br\/site-2026\/blog\/novidade-na-area-lancamento-do-top-confeite-sabor-pistache\/#primaryimage\"},\"image\":{\"@id\":\"https:\/\/homolog.harald.com.br\/site-2026\/blog\/novidade-na-area-lancamento-do-top-confeite-sabor-pistache\/#primaryimage\"},\"thumbnailUrl\":\"https:\/\/homolog.harald.com.br\/site-2026\/wp-content\/uploads\/2024\/11\/noticia-7.jpg\",\"datePublished\":\"2024-11-13T15:21:58+00:00\",\"dateModified\":\"2024-11-21T16:30:44+00:00\",\"description\":\"A Harald lan\u00e7a o TOP Confeit\u00e9 sabor Pistache, expandindo sua linha de confeitos e decora\u00e7\u00f5es. Ideal para brigadeiros, bolos e cupcakes.\",\"breadcrumb\":{\"@id\":\"https:\/\/homolog.harald.com.br\/site-2026\/blog\/novidade-na-area-lancamento-do-top-confeite-sabor-pistache\/#breadcrumb\"},\"inLanguage\":\"pt-BR\",\"potentialAction\":[{\"@type\":\"ReadAction\",\"target\":[\"https:\/\/homolog.harald.com.br\/site-2026\/blog\/novidade-na-area-lancamento-do-top-confeite-sabor-pistache\/\"]}]},{\"@type\":\"ImageObject\",\"inLanguage\":\"pt-BR\",\"@id\":\"https:\/\/homolog.harald.com.br\/site-2026\/blog\/novidade-na-area-lancamento-do-top-confeite-sabor-pistache\/#primaryimage\",\"url\":\"https:\/\/homolog.harald.com.br\/site-2026\/wp-content\/uploads\/2024\/11\/noticia-7.jpg\",\"contentUrl\":\"https:\/\/homolog.harald.com.br\/site-2026\/wp-content\/uploads\/2024\/11\/noticia-7.jpg\",\"width\":1920,\"height\":1080,\"caption\":\"TOP Confeit\u00e9 Sabor Pistache\"},{\"@type\":\"BreadcrumbList\",\"@id\":\"https:\/\/homolog.harald.com.br\/site-2026\/blog\/novidade-na-area-lancamento-do-top-confeite-sabor-pistache\/#breadcrumb\",\"itemListElement\":[{\"@type\":\"ListItem\",\"position\":1,\"name\":\"In\u00edcio\",\"item\":\"https:\/\/homolog.harald.com.br\/site-2026\/\"},{\"@type\":\"ListItem\",\"position\":2,\"name\":\"Novidade na \u00e1rea: Lan\u00e7amento do TOP Confeit\u00e9 Sabor Pistache\"}]},{\"@type\":\"WebSite\",\"@id\":\"https:\/\/homolog.harald.com.br\/site-2026\/#website\",\"url\":\"https:\/\/homolog.harald.com.br\/site-2026\/\",\"name\":\"Harald\",\"description\":\"Fazer melhor \u00e9 fazer com paix\u00e3o\",\"publisher\":{\"@id\":\"https:\/\/homolog.harald.com.br\/site-2026\/#organization\"},\"potentialAction\":[{\"@type\":\"SearchAction\",\"target\":{\"@type\":\"EntryPoint\",\"urlTemplate\":\"https:\/\/homolog.harald.com.br\/site-2026\/?s={search_term_string}\"},\"query-input\":{\"@type\":\"PropertyValueSpecification\",\"valueRequired\":true,\"valueName\":\"search_term_string\"}}],\"inLanguage\":\"pt-BR\"},{\"@type\":\"Organization\",\"@id\":\"https:\/\/homolog.harald.com.br\/site-2026\/#organization\",\"name\":\"Harald\",\"url\":\"https:\/\/homolog.harald.com.br\/site-2026\/\",\"logo\":{\"@type\":\"ImageObject\",\"inLanguage\":\"pt-BR\",\"@id\":\"https:\/\/homolog.harald.com.br\/site-2026\/#\/schema\/logo\/image\/\",\"url\":\"https:\/\/homolog.harald.com.br\/site-2026\/wp-content\/uploads\/2022\/09\/logo-harald-cmyk-ss.png\",\"contentUrl\":\"https:\/\/homolog.harald.com.br\/site-2026\/wp-content\/uploads\/2022\/09\/logo-harald-cmyk-ss.png\",\"width\":1948,\"height\":1051,\"caption\":\"Harald\"},\"image\":{\"@id\":\"https:\/\/homolog.harald.com.br\/site-2026\/#\/schema\/logo\/image\/\"},\"sameAs\":[\"https:\/\/www.facebook.com\/HaraldChocolates\/\",\"https:\/\/www.youtube.com\/user\/HaraldChocolates\"]},{\"@type\":\"Person\",\"@id\":\"https:\/\/homolog.harald.com.br\/site-2026\/#\/schema\/person\/c71700dd47fb39a337c7f9b89d5e3a00\",\"name\":\"Beatriz Oliveira\",\"image\":{\"@type\":\"ImageObject\",\"inLanguage\":\"pt-BR\",\"@id\":\"https:\/\/homolog.harald.com.br\/site-2026\/#\/schema\/person\/image\/\",\"url\":\"https:\/\/secure.gravatar.com\/avatar\/fdc870643b67a6486b6bef59d475b1e7dea17130b70a2178f5716399590234e6?s=96&d=mm&r=g\",\"contentUrl\":\"https:\/\/secure.gravatar.com\/avatar\/fdc870643b67a6486b6bef59d475b1e7dea17130b70a2178f5716399590234e6?s=96&d=mm&r=g\",\"caption\":\"Beatriz Oliveira\"},\"url\":\"https:\/\/homolog.harald.com.br\/site-2026\/blog\/author\/beatriz-oliveira\/\"}]}<\/script>\n<!-- \/ Yoast SEO plugin. -->","yoast_head_json":{"title":"Novidade na \u00e1rea: Lan\u00e7amento do TOP Confeit\u00e9 Sabor Pistache - Harald","description":"A Harald lan\u00e7a o TOP Confeit\u00e9 sabor Pistache, expandindo sua linha de confeitos e decora\u00e7\u00f5es. Ideal para brigadeiros, bolos e cupcakes.","robots":{"index":"noindex","follow":"follow","max-snippet":"max-snippet:-1","max-image-preview":"max-image-preview:large","max-video-preview":"max-video-preview:-1"},"og_locale":"pt_BR","og_type":"article","og_title":"Novidade na \u00e1rea: Lan\u00e7amento do TOP Confeit\u00e9 Sabor Pistache - Harald","og_description":"A Harald lan\u00e7a o TOP Confeit\u00e9 sabor Pistache, expandindo sua linha de confeitos e decora\u00e7\u00f5es. Ideal para brigadeiros, bolos e cupcakes.","og_url":"https:\/\/homolog.harald.com.br\/site-2026\/blog\/novidade-na-area-lancamento-do-top-confeite-sabor-pistache\/","og_site_name":"Harald","article_publisher":"https:\/\/www.facebook.com\/HaraldChocolates\/","article_published_time":"2024-11-13T15:21:58+00:00","article_modified_time":"2024-11-21T16:30:44+00:00","og_image":[{"width":1920,"height":1080,"url":"https:\/\/homolog.harald.com.br\/site-2026\/wp-content\/uploads\/2024\/11\/noticia-7.jpg","type":"image\/jpeg"}],"author":"Beatriz Oliveira","twitter_card":"summary_large_image","twitter_misc":{"Escrito por":"Beatriz Oliveira","Est. tempo de leitura":"2 minutos"},"schema":{"@context":"https:\/\/schema.org","@graph":[{"@type":"Article","@id":"https:\/\/homolog.harald.com.br\/site-2026\/blog\/novidade-na-area-lancamento-do-top-confeite-sabor-pistache\/#article","isPartOf":{"@id":"https:\/\/homolog.harald.com.br\/site-2026\/blog\/novidade-na-area-lancamento-do-top-confeite-sabor-pistache\/"},"author":{"name":"Beatriz Oliveira","@id":"https:\/\/homolog.harald.com.br\/site-2026\/#\/schema\/person\/c71700dd47fb39a337c7f9b89d5e3a00"},"headline":"Novidade na \u00e1rea: Lan\u00e7amento do TOP Confeit\u00e9 Sabor Pistache","datePublished":"2024-11-13T15:21:58+00:00","dateModified":"2024-11-21T16:30:44+00:00","mainEntityOfPage":{"@id":"https:\/\/homolog.harald.com.br\/site-2026\/blog\/novidade-na-area-lancamento-do-top-confeite-sabor-pistache\/"},"wordCount":300,"publisher":{"@id":"https:\/\/homolog.harald.com.br\/site-2026\/#organization"},"image":{"@id":"https:\/\/homolog.harald.com.br\/site-2026\/blog\/novidade-na-area-lancamento-do-top-confeite-sabor-pistache\/#primaryimage"},"thumbnailUrl":"https:\/\/homolog.harald.com.br\/site-2026\/wp-content\/uploads\/2024\/11\/noticia-7.jpg","articleSection":["Not\u00edcias"],"inLanguage":"pt-BR"},{"@type":"WebPage","@id":"https:\/\/homolog.harald.com.br\/site-2026\/blog\/novidade-na-area-lancamento-do-top-confeite-sabor-pistache\/","url":"https:\/\/homolog.harald.com.br\/site-2026\/blog\/novidade-na-area-lancamento-do-top-confeite-sabor-pistache\/","name":"Novidade na \u00e1rea: Lan\u00e7amento do TOP Confeit\u00e9 Sabor Pistache - Harald","isPartOf":{"@id":"https:\/\/homolog.harald.com.br\/site-2026\/#website"},"primaryImageOfPage":{"@id":"https:\/\/homolog.harald.com.br\/site-2026\/blog\/novidade-na-area-lancamento-do-top-confeite-sabor-pistache\/#primaryimage"},"image":{"@id":"https:\/\/homolog.harald.com.br\/site-2026\/blog\/novidade-na-area-lancamento-do-top-confeite-sabor-pistache\/#primaryimage"},"thumbnailUrl":"https:\/\/homolog.harald.com.br\/site-2026\/wp-content\/uploads\/2024\/11\/noticia-7.jpg","datePublished":"2024-11-13T15:21:58+00:00","dateModified":"2024-11-21T16:30:44+00:00","description":"A Harald lan\u00e7a o TOP Confeit\u00e9 sabor Pistache, expandindo sua linha de confeitos e decora\u00e7\u00f5es. Ideal para brigadeiros, bolos e cupcakes.","breadcrumb":{"@id":"https:\/\/homolog.harald.com.br\/site-2026\/blog\/novidade-na-area-lancamento-do-top-confeite-sabor-pistache\/#breadcrumb"},"inLanguage":"pt-BR","potentialAction":[{"@type":"ReadAction","target":["https:\/\/homolog.harald.com.br\/site-2026\/blog\/novidade-na-area-lancamento-do-top-confeite-sabor-pistache\/"]}]},{"@type":"ImageObject","inLanguage":"pt-BR","@id":"https:\/\/homolog.harald.com.br\/site-2026\/blog\/novidade-na-area-lancamento-do-top-confeite-sabor-pistache\/#primaryimage","url":"https:\/\/homolog.harald.com.br\/site-2026\/wp-content\/uploads\/2024\/11\/noticia-7.jpg","contentUrl":"https:\/\/homolog.harald.com.br\/site-2026\/wp-content\/uploads\/2024\/11\/noticia-7.jpg","width":1920,"height":1080,"caption":"TOP Confeit\u00e9 Sabor Pistache"},{"@type":"BreadcrumbList","@id":"https:\/\/homolog.harald.com.br\/site-2026\/blog\/novidade-na-area-lancamento-do-top-confeite-sabor-pistache\/#breadcrumb","itemListElement":[{"@type":"ListItem","position":1,"name":"In\u00edcio","item":"https:\/\/homolog.harald.com.br\/site-2026\/"},{"@type":"ListItem","position":2,"name":"Novidade na \u00e1rea: Lan\u00e7amento do TOP Confeit\u00e9 Sabor Pistache"}]},{"@type":"WebSite","@id":"https:\/\/homolog.harald.com.br\/site-2026\/#website","url":"https:\/\/homolog.harald.com.br\/site-2026\/","name":"Harald","description":"Fazer melhor \u00e9 fazer com paix\u00e3o","publisher":{"@id":"https:\/\/homolog.harald.com.br\/site-2026\/#organization"},"potentialAction":[{"@type":"SearchAction","target":{"@type":"EntryPoint","urlTemplate":"https:\/\/homolog.harald.com.br\/site-2026\/?s={search_term_string}"},"query-input":{"@type":"PropertyValueSpecification","valueRequired":true,"valueName":"search_term_string"}}],"inLanguage":"pt-BR"},{"@type":"Organization","@id":"https:\/\/homolog.harald.com.br\/site-2026\/#organization","name":"Harald","url":"https:\/\/homolog.harald.com.br\/site-2026\/","logo":{"@type":"ImageObject","inLanguage":"pt-BR","@id":"https:\/\/homolog.harald.com.br\/site-2026\/#\/schema\/logo\/image\/","url":"https:\/\/homolog.harald.com.br\/site-2026\/wp-content\/uploads\/2022\/09\/logo-harald-cmyk-ss.png","contentUrl":"https:\/\/homolog.harald.com.br\/site-2026\/wp-content\/uploads\/2022\/09\/logo-harald-cmyk-ss.png","width":1948,"height":1051,"caption":"Harald"},"image":{"@id":"https:\/\/homolog.harald.com.br\/site-2026\/#\/schema\/logo\/image\/"},"sameAs":["https:\/\/www.facebook.com\/HaraldChocolates\/","https:\/\/www.youtube.com\/user\/HaraldChocolates"]},{"@type":"Person","@id":"https:\/\/homolog.harald.com.br\/site-2026\/#\/schema\/person\/c71700dd47fb39a337c7f9b89d5e3a00","name":"Beatriz Oliveira","image":{"@type":"ImageObject","inLanguage":"pt-BR","@id":"https:\/\/homolog.harald.com.br\/site-2026\/#\/schema\/person\/image\/","url":"https:\/\/secure.gravatar.com\/avatar\/fdc870643b67a6486b6bef59d475b1e7dea17130b70a2178f5716399590234e6?s=96&d=mm&r=g","contentUrl":"https:\/\/secure.gravatar.com\/avatar\/fdc870643b67a6486b6bef59d475b1e7dea17130b70a2178f5716399590234e6?s=96&d=mm&r=g","caption":"Beatriz Oliveira"},"url":"https:\/\/homolog.harald.com.br\/site-2026\/blog\/author\/beatriz-oliveira\/"}]}},"uagb_featured_image_src":{"full":["https:\/\/homolog.harald.com.br\/site-2026\/wp-content\/uploads\/2024\/11\/noticia-7.jpg",1920,1080,false],"thumbnail":["https:\/\/homolog.harald.com.br\/site-2026\/wp-content\/uploads\/2024\/11\/noticia-7-150x150.jpg",150,150,true],"medium":["https:\/\/homolog.harald.com.br\/site-2026\/wp-content\/uploads\/2024\/11\/noticia-7-300x169.jpg",300,169,true],"medium_large":["https:\/\/homolog.harald.com.br\/site-2026\/wp-content\/uploads\/2024\/11\/noticia-7-768x432.jpg",768,432,true],"large":["https:\/\/homolog.harald.com.br\/site-2026\/wp-content\/uploads\/2024\/11\/noticia-7-1024x576.jpg",1024,576,true],"1536x1536":["https:\/\/homolog.harald.com.br\/site-2026\/wp-content\/uploads\/2024\/11\/noticia-7-1536x864.jpg",1536,864,true],"2048x2048":["https:\/\/homolog.harald.com.br\/site-2026\/wp-content\/uploads\/2024\/11\/noticia-7.jpg",1920,1080,false],"full-width":["https:\/\/homolog.harald.com.br\/site-2026\/wp-content\/uploads\/2024\/11\/noticia-7.jpg",1920,1080,false],"gform-image-choice-sm":["https:\/\/homolog.harald.com.br\/site-2026\/wp-content\/uploads\/2024\/11\/noticia-7.jpg",300,169,false],"gform-image-choice-md":["https:\/\/homolog.harald.com.br\/site-2026\/wp-content\/uploads\/2024\/11\/noticia-7.jpg",400,225,false],"gform-image-choice-lg":["https:\/\/homolog.harald.com.br\/site-2026\/wp-content\/uploads\/2024\/11\/noticia-7.jpg",600,338,false]},"uagb_author_info":{"display_name":"Beatriz Oliveira","author_link":"https:\/\/homolog.harald.com.br\/site-2026\/blog\/author\/beatriz-oliveira\/"},"uagb_comment_info":0,"uagb_excerpt":"Harald Expande Linha TOP com o Lan\u00e7amento do Confeit\u00e9 Sabor Pistache A Harald, l\u00edder no segmento de coberturas e chocolates no Brasil, anuncia uma novidade importante: o lan\u00e7amento do TOp confeit\u00e9 sabor Pistache. Este produto n\u00e3o s\u00f3 refor\u00e7a a presen\u00e7a da marca no mercado de confeitaria, mas tamb\u00e9m marca sua entrada no segmento de confeitos&hellip;","_links":{"self":[{"href":"https:\/\/homolog.harald.com.br\/site-2026\/wp-json\/wp\/v2\/posts\/224305","targetHints":{"allow":["GET"]}}],"collection":[{"href":"https:\/\/homolog.harald.com.br\/site-2026\/wp-json\/wp\/v2\/posts"}],"about":[{"href":"https:\/\/homolog.harald.com.br\/site-2026\/wp-json\/wp\/v2\/types\/post"}],"author":[{"embeddable":true,"href":"https:\/\/homolog.harald.com.br\/site-2026\/wp-json\/wp\/v2\/users\/14"}],"replies":[{"embeddable":true,"href":"https:\/\/homolog.harald.com.br\/site-2026\/wp-json\/wp\/v2\/comments?post=224305"}],"version-history":[{"count":2,"href":"https:\/\/homolog.harald.com.br\/site-2026\/wp-json\/wp\/v2\/posts\/224305\/revisions"}],"predecessor-version":[{"id":224320,"href":"https:\/\/homolog.harald.com.br\/site-2026\/wp-json\/wp\/v2\/posts\/224305\/revisions\/224320"}],"wp:featuredmedia":[{"embeddable":true,"href":"https:\/\/homolog.harald.com.br\/site-2026\/wp-json\/wp\/v2\/media\/224317"}],"wp:attachment":[{"href":"https:\/\/homolog.harald.com.br\/site-2026\/wp-json\/wp\/v2\/media?parent=224305"}],"wp:term":[{"taxonomy":"category","embeddable":true,"href":"https:\/\/homolog.harald.com.br\/site-2026\/wp-json\/wp\/v2\/categories?post=224305"},{"taxonomy":"post_tag","embeddable":true,"href":"https:\/\/homolog.harald.com.br\/site-2026\/wp-json\/wp\/v2\/tags?post=224305"},{"taxonomy":"para-seu-negocio","embeddable":true,"href":"https:\/\/homolog.harald.com.br\/site-2026\/wp-json\/wp\/v2\/para-seu-negocio?post=224305"}],"curies":[{"name":"wp","href":"https:\/\/api.w.org\/{rel}","templated":true}]}}