{"id":220848,"date":"2024-10-22T15:04:49","date_gmt":"2024-10-22T18:04:49","guid":{"rendered":"https:\/\/homolog.harald.com.br\/site-2026\/?p=220848"},"modified":"2024-11-04T15:10:06","modified_gmt":"2024-11-04T18:10:06","slug":"ganache-sabor-caramelo-harald-amplia-linha-melken","status":"publish","type":"post","link":"https:\/\/homolog.harald.com.br\/site-2026\/blog\/ganache-sabor-caramelo-harald-amplia-linha-melken\/","title":{"rendered":"Ganache sabor Caramelo: Harald amplia linha Melken"},"content":{"rendered":"<h3><strong>Harald amplia linha Melken com novo Ganache sabor Caramelo<\/strong><\/h3>\n<p>A Harald, l\u00edder em coberturas e chocolates para confeitaria no Brasil, acaba de lan\u00e7ar o <a href=\"https:\/\/homolog.harald.com.br\/site-2026\/produtos\/creme-ganache-melken-sabor-caramelo-1000kg\/\">Ganache Melken Caramelo,<\/a> uma nova solu\u00e7\u00e3o pronta para uso. Esse lan\u00e7amento expande a linha Melken, que j\u00e1 inclui ganaches nos sabores chocolate ao leite, meio amargo, branco e chocolate com avel\u00e3, oferecendo mais op\u00e7\u00f5es para os profissionais do setor.<\/p>\n<p><img loading=\"lazy\" decoding=\"async\" class=\"aligncenter wp-image-220850 \" src=\"https:\/\/homolog.harald.com.br\/site-2026\/wp-content\/uploads\/2024\/11\/noticia-4.jpg\" alt=\"Ganache Melken sabor Caramelo\" width=\"537\" height=\"302\" srcset=\"https:\/\/homolog.harald.com.br\/site-2026\/wp-content\/uploads\/2024\/11\/noticia-4.jpg 1920w, https:\/\/homolog.harald.com.br\/site-2026\/wp-content\/uploads\/2024\/11\/noticia-4-300x169.jpg 300w, https:\/\/homolog.harald.com.br\/site-2026\/wp-content\/uploads\/2024\/11\/noticia-4-1024x576.jpg 1024w, https:\/\/homolog.harald.com.br\/site-2026\/wp-content\/uploads\/2024\/11\/noticia-4-768x432.jpg 768w, https:\/\/homolog.harald.com.br\/site-2026\/wp-content\/uploads\/2024\/11\/noticia-4-1536x864.jpg 1536w\" sizes=\"auto, (max-width: 537px) 100vw, 537px\" \/><\/p>\n<p>Com textura cremosa e sabor marcante de caramelo, o Ganache Melken Caramelo atende \u00e0 crescente demanda por agilidade e qualidade. Assim, f\u00e1cil de aplicar, basta abrir a embalagem e us\u00e1-lo diretamente em bolos, tortas, sobremesas e outras cria\u00e7\u00f5es!<\/p>\n<p>\u201cO mercado valoriza cada vez mais produtos que aliam conveni\u00eancia a alto desempenho\u201d, destaca Fernanda Sequetto, Gerente de Marketing da Harald. \u201cNosso novo ganache oferece praticidade e rapidez, mantendo o sabor e a textura premium que s\u00e3o marcas registradas da linha Melken.\u201d<\/p>\n<p>Portanto, dispon\u00edvel nos principais atacadistas e lojas especializadas a partir de outubro, o Ganache Melken Caramelo promete se tornar uma ferramenta indispens\u00e1vel para profissionais que desejam inovar e elevar suas receitas.<\/p>\n<h3><strong>Sobre a Melken<\/strong><\/h3>\n<p>A marca Melken \u00e9 sin\u00f4nimo de chocolates nobres para confeitaria, recomendada por confeiteiros em todo o Brasil pela facilidade de uso, alto rendimento e brilho. Assim, com produtos em diversos formatos, Melken oferece uma linha diversificada, atendendo diferentes preparos e oportunidades no mercado de confeitaria.<\/p>\n","protected":false},"excerpt":{"rendered":"<p>Harald amplia linha Melken com novo Ganache sabor Caramelo A Harald, l\u00edder em coberturas e chocolates para confeitaria no Brasil, acaba de lan\u00e7ar o Ganache Melken Caramelo, uma nova solu\u00e7\u00e3o pronta para uso. Esse lan\u00e7amento expande a linha Melken, que j\u00e1 inclui ganaches nos sabores chocolate ao leite, meio amargo, branco e chocolate com avel\u00e3, <a class=\"more-link\" href=\"https:\/\/homolog.harald.com.br\/site-2026\/blog\/ganache-sabor-caramelo-harald-amplia-linha-melken\/\">Read more&#8230;<\/a><\/p>\n","protected":false},"author":14,"featured_media":220850,"comment_status":"closed","ping_status":"closed","sticky":false,"template":"","format":"standard","meta":{"_acf_changed":false,"_uag_custom_page_level_css":"","footnotes":""},"categories":[158],"tags":[],"para-seu-negocio":[],"class_list":["post-220848","post","type-post","status-publish","format-standard","has-post-thumbnail","hentry","category-noticias"],"acf":[],"yoast_head":"<!-- This site is optimized with the Yoast SEO plugin v26.3 - https:\/\/yoast.com\/wordpress\/plugins\/seo\/ -->\n<title>Ganache sabor Caramelo: Harald amplia linha Melken - Harald<\/title>\n<meta name=\"description\" content=\"Harald lan\u00e7a Ganache Melken Caramelo, uma solu\u00e7\u00e3o pronta para uso que combina praticidade e sabor, ideal para todo confeiteiros!\" \/>\n<meta name=\"robots\" content=\"noindex, follow, max-snippet:-1, max-image-preview:large, max-video-preview:-1\" \/>\n<meta property=\"og:locale\" content=\"pt_BR\" \/>\n<meta property=\"og:type\" content=\"article\" \/>\n<meta property=\"og:title\" content=\"Ganache sabor Caramelo: Harald amplia linha Melken - Harald\" \/>\n<meta property=\"og:description\" content=\"Harald lan\u00e7a Ganache Melken Caramelo, uma solu\u00e7\u00e3o pronta para uso que combina praticidade e sabor, ideal para todo confeiteiros!\" \/>\n<meta property=\"og:url\" content=\"https:\/\/homolog.harald.com.br\/site-2026\/blog\/ganache-sabor-caramelo-harald-amplia-linha-melken\/\" \/>\n<meta property=\"og:site_name\" content=\"Harald\" \/>\n<meta property=\"article:publisher\" content=\"https:\/\/www.facebook.com\/HaraldChocolates\/\" \/>\n<meta property=\"article:published_time\" content=\"2024-10-22T18:04:49+00:00\" \/>\n<meta property=\"article:modified_time\" content=\"2024-11-04T18:10:06+00:00\" \/>\n<meta property=\"og:image\" content=\"https:\/\/homolog.harald.com.br\/site-2026\/wp-content\/uploads\/2024\/11\/noticia-4.jpg\" \/>\n\t<meta property=\"og:image:width\" content=\"1920\" \/>\n\t<meta property=\"og:image:height\" content=\"1080\" \/>\n\t<meta property=\"og:image:type\" content=\"image\/jpeg\" \/>\n<meta name=\"author\" content=\"Beatriz Oliveira\" \/>\n<meta name=\"twitter:card\" content=\"summary_large_image\" \/>\n<meta name=\"twitter:label1\" content=\"Escrito por\" \/>\n\t<meta name=\"twitter:data1\" content=\"Beatriz Oliveira\" \/>\n\t<meta name=\"twitter:label2\" content=\"Est. tempo de leitura\" \/>\n\t<meta name=\"twitter:data2\" content=\"2 minutos\" \/>\n<script type=\"application\/ld+json\" class=\"yoast-schema-graph\">{\"@context\":\"https:\/\/schema.org\",\"@graph\":[{\"@type\":\"Article\",\"@id\":\"https:\/\/homolog.harald.com.br\/site-2026\/blog\/ganache-sabor-caramelo-harald-amplia-linha-melken\/#article\",\"isPartOf\":{\"@id\":\"https:\/\/homolog.harald.com.br\/site-2026\/blog\/ganache-sabor-caramelo-harald-amplia-linha-melken\/\"},\"author\":{\"name\":\"Beatriz Oliveira\",\"@id\":\"https:\/\/homolog.harald.com.br\/site-2026\/#\/schema\/person\/c71700dd47fb39a337c7f9b89d5e3a00\"},\"headline\":\"Ganache sabor Caramelo: Harald amplia linha Melken\",\"datePublished\":\"2024-10-22T18:04:49+00:00\",\"dateModified\":\"2024-11-04T18:10:06+00:00\",\"mainEntityOfPage\":{\"@id\":\"https:\/\/homolog.harald.com.br\/site-2026\/blog\/ganache-sabor-caramelo-harald-amplia-linha-melken\/\"},\"wordCount\":240,\"publisher\":{\"@id\":\"https:\/\/homolog.harald.com.br\/site-2026\/#organization\"},\"image\":{\"@id\":\"https:\/\/homolog.harald.com.br\/site-2026\/blog\/ganache-sabor-caramelo-harald-amplia-linha-melken\/#primaryimage\"},\"thumbnailUrl\":\"https:\/\/homolog.harald.com.br\/site-2026\/wp-content\/uploads\/2024\/11\/noticia-4.jpg\",\"articleSection\":[\"Not\u00edcias\"],\"inLanguage\":\"pt-BR\"},{\"@type\":\"WebPage\",\"@id\":\"https:\/\/homolog.harald.com.br\/site-2026\/blog\/ganache-sabor-caramelo-harald-amplia-linha-melken\/\",\"url\":\"https:\/\/homolog.harald.com.br\/site-2026\/blog\/ganache-sabor-caramelo-harald-amplia-linha-melken\/\",\"name\":\"Ganache sabor Caramelo: Harald amplia linha Melken - Harald\",\"isPartOf\":{\"@id\":\"https:\/\/homolog.harald.com.br\/site-2026\/#website\"},\"primaryImageOfPage\":{\"@id\":\"https:\/\/homolog.harald.com.br\/site-2026\/blog\/ganache-sabor-caramelo-harald-amplia-linha-melken\/#primaryimage\"},\"image\":{\"@id\":\"https:\/\/homolog.harald.com.br\/site-2026\/blog\/ganache-sabor-caramelo-harald-amplia-linha-melken\/#primaryimage\"},\"thumbnailUrl\":\"https:\/\/homolog.harald.com.br\/site-2026\/wp-content\/uploads\/2024\/11\/noticia-4.jpg\",\"datePublished\":\"2024-10-22T18:04:49+00:00\",\"dateModified\":\"2024-11-04T18:10:06+00:00\",\"description\":\"Harald lan\u00e7a Ganache Melken Caramelo, uma solu\u00e7\u00e3o pronta para uso que combina praticidade e sabor, ideal para todo confeiteiros!\",\"breadcrumb\":{\"@id\":\"https:\/\/homolog.harald.com.br\/site-2026\/blog\/ganache-sabor-caramelo-harald-amplia-linha-melken\/#breadcrumb\"},\"inLanguage\":\"pt-BR\",\"potentialAction\":[{\"@type\":\"ReadAction\",\"target\":[\"https:\/\/homolog.harald.com.br\/site-2026\/blog\/ganache-sabor-caramelo-harald-amplia-linha-melken\/\"]}]},{\"@type\":\"ImageObject\",\"inLanguage\":\"pt-BR\",\"@id\":\"https:\/\/homolog.harald.com.br\/site-2026\/blog\/ganache-sabor-caramelo-harald-amplia-linha-melken\/#primaryimage\",\"url\":\"https:\/\/homolog.harald.com.br\/site-2026\/wp-content\/uploads\/2024\/11\/noticia-4.jpg\",\"contentUrl\":\"https:\/\/homolog.harald.com.br\/site-2026\/wp-content\/uploads\/2024\/11\/noticia-4.jpg\",\"width\":1920,\"height\":1080,\"caption\":\"Ganache Melken sabor Caramelo\"},{\"@type\":\"BreadcrumbList\",\"@id\":\"https:\/\/homolog.harald.com.br\/site-2026\/blog\/ganache-sabor-caramelo-harald-amplia-linha-melken\/#breadcrumb\",\"itemListElement\":[{\"@type\":\"ListItem\",\"position\":1,\"name\":\"In\u00edcio\",\"item\":\"https:\/\/homolog.harald.com.br\/site-2026\/\"},{\"@type\":\"ListItem\",\"position\":2,\"name\":\"Ganache sabor Caramelo: Harald amplia linha Melken\"}]},{\"@type\":\"WebSite\",\"@id\":\"https:\/\/homolog.harald.com.br\/site-2026\/#website\",\"url\":\"https:\/\/homolog.harald.com.br\/site-2026\/\",\"name\":\"Harald\",\"description\":\"Fazer melhor \u00e9 fazer com paix\u00e3o\",\"publisher\":{\"@id\":\"https:\/\/homolog.harald.com.br\/site-2026\/#organization\"},\"potentialAction\":[{\"@type\":\"SearchAction\",\"target\":{\"@type\":\"EntryPoint\",\"urlTemplate\":\"https:\/\/homolog.harald.com.br\/site-2026\/?s={search_term_string}\"},\"query-input\":{\"@type\":\"PropertyValueSpecification\",\"valueRequired\":true,\"valueName\":\"search_term_string\"}}],\"inLanguage\":\"pt-BR\"},{\"@type\":\"Organization\",\"@id\":\"https:\/\/homolog.harald.com.br\/site-2026\/#organization\",\"name\":\"Harald\",\"url\":\"https:\/\/homolog.harald.com.br\/site-2026\/\",\"logo\":{\"@type\":\"ImageObject\",\"inLanguage\":\"pt-BR\",\"@id\":\"https:\/\/homolog.harald.com.br\/site-2026\/#\/schema\/logo\/image\/\",\"url\":\"https:\/\/homolog.harald.com.br\/site-2026\/wp-content\/uploads\/2022\/09\/logo-harald-cmyk-ss.png\",\"contentUrl\":\"https:\/\/homolog.harald.com.br\/site-2026\/wp-content\/uploads\/2022\/09\/logo-harald-cmyk-ss.png\",\"width\":1948,\"height\":1051,\"caption\":\"Harald\"},\"image\":{\"@id\":\"https:\/\/homolog.harald.com.br\/site-2026\/#\/schema\/logo\/image\/\"},\"sameAs\":[\"https:\/\/www.facebook.com\/HaraldChocolates\/\",\"https:\/\/www.youtube.com\/user\/HaraldChocolates\"]},{\"@type\":\"Person\",\"@id\":\"https:\/\/homolog.harald.com.br\/site-2026\/#\/schema\/person\/c71700dd47fb39a337c7f9b89d5e3a00\",\"name\":\"Beatriz Oliveira\",\"image\":{\"@type\":\"ImageObject\",\"inLanguage\":\"pt-BR\",\"@id\":\"https:\/\/homolog.harald.com.br\/site-2026\/#\/schema\/person\/image\/\",\"url\":\"https:\/\/secure.gravatar.com\/avatar\/fdc870643b67a6486b6bef59d475b1e7dea17130b70a2178f5716399590234e6?s=96&d=mm&r=g\",\"contentUrl\":\"https:\/\/secure.gravatar.com\/avatar\/fdc870643b67a6486b6bef59d475b1e7dea17130b70a2178f5716399590234e6?s=96&d=mm&r=g\",\"caption\":\"Beatriz Oliveira\"},\"url\":\"https:\/\/homolog.harald.com.br\/site-2026\/blog\/author\/beatriz-oliveira\/\"}]}<\/script>\n<!-- \/ Yoast SEO plugin. -->","yoast_head_json":{"title":"Ganache sabor Caramelo: Harald amplia linha Melken - Harald","description":"Harald lan\u00e7a Ganache Melken Caramelo, uma solu\u00e7\u00e3o pronta para uso que combina praticidade e sabor, ideal para todo confeiteiros!","robots":{"index":"noindex","follow":"follow","max-snippet":"max-snippet:-1","max-image-preview":"max-image-preview:large","max-video-preview":"max-video-preview:-1"},"og_locale":"pt_BR","og_type":"article","og_title":"Ganache sabor Caramelo: Harald amplia linha Melken - Harald","og_description":"Harald lan\u00e7a Ganache Melken Caramelo, uma solu\u00e7\u00e3o pronta para uso que combina praticidade e sabor, ideal para todo confeiteiros!","og_url":"https:\/\/homolog.harald.com.br\/site-2026\/blog\/ganache-sabor-caramelo-harald-amplia-linha-melken\/","og_site_name":"Harald","article_publisher":"https:\/\/www.facebook.com\/HaraldChocolates\/","article_published_time":"2024-10-22T18:04:49+00:00","article_modified_time":"2024-11-04T18:10:06+00:00","og_image":[{"width":1920,"height":1080,"url":"https:\/\/homolog.harald.com.br\/site-2026\/wp-content\/uploads\/2024\/11\/noticia-4.jpg","type":"image\/jpeg"}],"author":"Beatriz Oliveira","twitter_card":"summary_large_image","twitter_misc":{"Escrito por":"Beatriz Oliveira","Est. tempo de leitura":"2 minutos"},"schema":{"@context":"https:\/\/schema.org","@graph":[{"@type":"Article","@id":"https:\/\/homolog.harald.com.br\/site-2026\/blog\/ganache-sabor-caramelo-harald-amplia-linha-melken\/#article","isPartOf":{"@id":"https:\/\/homolog.harald.com.br\/site-2026\/blog\/ganache-sabor-caramelo-harald-amplia-linha-melken\/"},"author":{"name":"Beatriz Oliveira","@id":"https:\/\/homolog.harald.com.br\/site-2026\/#\/schema\/person\/c71700dd47fb39a337c7f9b89d5e3a00"},"headline":"Ganache sabor Caramelo: Harald amplia linha Melken","datePublished":"2024-10-22T18:04:49+00:00","dateModified":"2024-11-04T18:10:06+00:00","mainEntityOfPage":{"@id":"https:\/\/homolog.harald.com.br\/site-2026\/blog\/ganache-sabor-caramelo-harald-amplia-linha-melken\/"},"wordCount":240,"publisher":{"@id":"https:\/\/homolog.harald.com.br\/site-2026\/#organization"},"image":{"@id":"https:\/\/homolog.harald.com.br\/site-2026\/blog\/ganache-sabor-caramelo-harald-amplia-linha-melken\/#primaryimage"},"thumbnailUrl":"https:\/\/homolog.harald.com.br\/site-2026\/wp-content\/uploads\/2024\/11\/noticia-4.jpg","articleSection":["Not\u00edcias"],"inLanguage":"pt-BR"},{"@type":"WebPage","@id":"https:\/\/homolog.harald.com.br\/site-2026\/blog\/ganache-sabor-caramelo-harald-amplia-linha-melken\/","url":"https:\/\/homolog.harald.com.br\/site-2026\/blog\/ganache-sabor-caramelo-harald-amplia-linha-melken\/","name":"Ganache sabor Caramelo: Harald amplia linha Melken - Harald","isPartOf":{"@id":"https:\/\/homolog.harald.com.br\/site-2026\/#website"},"primaryImageOfPage":{"@id":"https:\/\/homolog.harald.com.br\/site-2026\/blog\/ganache-sabor-caramelo-harald-amplia-linha-melken\/#primaryimage"},"image":{"@id":"https:\/\/homolog.harald.com.br\/site-2026\/blog\/ganache-sabor-caramelo-harald-amplia-linha-melken\/#primaryimage"},"thumbnailUrl":"https:\/\/homolog.harald.com.br\/site-2026\/wp-content\/uploads\/2024\/11\/noticia-4.jpg","datePublished":"2024-10-22T18:04:49+00:00","dateModified":"2024-11-04T18:10:06+00:00","description":"Harald lan\u00e7a Ganache Melken Caramelo, uma solu\u00e7\u00e3o pronta para uso que combina praticidade e sabor, ideal para todo confeiteiros!","breadcrumb":{"@id":"https:\/\/homolog.harald.com.br\/site-2026\/blog\/ganache-sabor-caramelo-harald-amplia-linha-melken\/#breadcrumb"},"inLanguage":"pt-BR","potentialAction":[{"@type":"ReadAction","target":["https:\/\/homolog.harald.com.br\/site-2026\/blog\/ganache-sabor-caramelo-harald-amplia-linha-melken\/"]}]},{"@type":"ImageObject","inLanguage":"pt-BR","@id":"https:\/\/homolog.harald.com.br\/site-2026\/blog\/ganache-sabor-caramelo-harald-amplia-linha-melken\/#primaryimage","url":"https:\/\/homolog.harald.com.br\/site-2026\/wp-content\/uploads\/2024\/11\/noticia-4.jpg","contentUrl":"https:\/\/homolog.harald.com.br\/site-2026\/wp-content\/uploads\/2024\/11\/noticia-4.jpg","width":1920,"height":1080,"caption":"Ganache Melken sabor Caramelo"},{"@type":"BreadcrumbList","@id":"https:\/\/homolog.harald.com.br\/site-2026\/blog\/ganache-sabor-caramelo-harald-amplia-linha-melken\/#breadcrumb","itemListElement":[{"@type":"ListItem","position":1,"name":"In\u00edcio","item":"https:\/\/homolog.harald.com.br\/site-2026\/"},{"@type":"ListItem","position":2,"name":"Ganache sabor Caramelo: Harald amplia linha Melken"}]},{"@type":"WebSite","@id":"https:\/\/homolog.harald.com.br\/site-2026\/#website","url":"https:\/\/homolog.harald.com.br\/site-2026\/","name":"Harald","description":"Fazer melhor \u00e9 fazer com paix\u00e3o","publisher":{"@id":"https:\/\/homolog.harald.com.br\/site-2026\/#organization"},"potentialAction":[{"@type":"SearchAction","target":{"@type":"EntryPoint","urlTemplate":"https:\/\/homolog.harald.com.br\/site-2026\/?s={search_term_string}"},"query-input":{"@type":"PropertyValueSpecification","valueRequired":true,"valueName":"search_term_string"}}],"inLanguage":"pt-BR"},{"@type":"Organization","@id":"https:\/\/homolog.harald.com.br\/site-2026\/#organization","name":"Harald","url":"https:\/\/homolog.harald.com.br\/site-2026\/","logo":{"@type":"ImageObject","inLanguage":"pt-BR","@id":"https:\/\/homolog.harald.com.br\/site-2026\/#\/schema\/logo\/image\/","url":"https:\/\/homolog.harald.com.br\/site-2026\/wp-content\/uploads\/2022\/09\/logo-harald-cmyk-ss.png","contentUrl":"https:\/\/homolog.harald.com.br\/site-2026\/wp-content\/uploads\/2022\/09\/logo-harald-cmyk-ss.png","width":1948,"height":1051,"caption":"Harald"},"image":{"@id":"https:\/\/homolog.harald.com.br\/site-2026\/#\/schema\/logo\/image\/"},"sameAs":["https:\/\/www.facebook.com\/HaraldChocolates\/","https:\/\/www.youtube.com\/user\/HaraldChocolates"]},{"@type":"Person","@id":"https:\/\/homolog.harald.com.br\/site-2026\/#\/schema\/person\/c71700dd47fb39a337c7f9b89d5e3a00","name":"Beatriz Oliveira","image":{"@type":"ImageObject","inLanguage":"pt-BR","@id":"https:\/\/homolog.harald.com.br\/site-2026\/#\/schema\/person\/image\/","url":"https:\/\/secure.gravatar.com\/avatar\/fdc870643b67a6486b6bef59d475b1e7dea17130b70a2178f5716399590234e6?s=96&d=mm&r=g","contentUrl":"https:\/\/secure.gravatar.com\/avatar\/fdc870643b67a6486b6bef59d475b1e7dea17130b70a2178f5716399590234e6?s=96&d=mm&r=g","caption":"Beatriz Oliveira"},"url":"https:\/\/homolog.harald.com.br\/site-2026\/blog\/author\/beatriz-oliveira\/"}]}},"uagb_featured_image_src":{"full":["https:\/\/homolog.harald.com.br\/site-2026\/wp-content\/uploads\/2024\/11\/noticia-4.jpg",1920,1080,false],"thumbnail":["https:\/\/homolog.harald.com.br\/site-2026\/wp-content\/uploads\/2024\/11\/noticia-4-150x150.jpg",150,150,true],"medium":["https:\/\/homolog.harald.com.br\/site-2026\/wp-content\/uploads\/2024\/11\/noticia-4-300x169.jpg",300,169,true],"medium_large":["https:\/\/homolog.harald.com.br\/site-2026\/wp-content\/uploads\/2024\/11\/noticia-4-768x432.jpg",768,432,true],"large":["https:\/\/homolog.harald.com.br\/site-2026\/wp-content\/uploads\/2024\/11\/noticia-4-1024x576.jpg",1024,576,true],"1536x1536":["https:\/\/homolog.harald.com.br\/site-2026\/wp-content\/uploads\/2024\/11\/noticia-4-1536x864.jpg",1536,864,true],"2048x2048":["https:\/\/homolog.harald.com.br\/site-2026\/wp-content\/uploads\/2024\/11\/noticia-4.jpg",1920,1080,false],"full-width":["https:\/\/homolog.harald.com.br\/site-2026\/wp-content\/uploads\/2024\/11\/noticia-4.jpg",1920,1080,false],"gform-image-choice-sm":["https:\/\/homolog.harald.com.br\/site-2026\/wp-content\/uploads\/2024\/11\/noticia-4.jpg",300,169,false],"gform-image-choice-md":["https:\/\/homolog.harald.com.br\/site-2026\/wp-content\/uploads\/2024\/11\/noticia-4.jpg",400,225,false],"gform-image-choice-lg":["https:\/\/homolog.harald.com.br\/site-2026\/wp-content\/uploads\/2024\/11\/noticia-4.jpg",600,338,false]},"uagb_author_info":{"display_name":"Beatriz Oliveira","author_link":"https:\/\/homolog.harald.com.br\/site-2026\/blog\/author\/beatriz-oliveira\/"},"uagb_comment_info":0,"uagb_excerpt":"Harald amplia linha Melken com novo Ganache sabor Caramelo A Harald, l\u00edder em coberturas e chocolates para confeitaria no Brasil, acaba de lan\u00e7ar o Ganache Melken Caramelo, uma nova solu\u00e7\u00e3o pronta para uso. Esse lan\u00e7amento expande a linha Melken, que j\u00e1 inclui ganaches nos sabores chocolate ao leite, meio amargo, branco e chocolate com avel\u00e3,&hellip;","_links":{"self":[{"href":"https:\/\/homolog.harald.com.br\/site-2026\/wp-json\/wp\/v2\/posts\/220848","targetHints":{"allow":["GET"]}}],"collection":[{"href":"https:\/\/homolog.harald.com.br\/site-2026\/wp-json\/wp\/v2\/posts"}],"about":[{"href":"https:\/\/homolog.harald.com.br\/site-2026\/wp-json\/wp\/v2\/types\/post"}],"author":[{"embeddable":true,"href":"https:\/\/homolog.harald.com.br\/site-2026\/wp-json\/wp\/v2\/users\/14"}],"replies":[{"embeddable":true,"href":"https:\/\/homolog.harald.com.br\/site-2026\/wp-json\/wp\/v2\/comments?post=220848"}],"version-history":[{"count":2,"href":"https:\/\/homolog.harald.com.br\/site-2026\/wp-json\/wp\/v2\/posts\/220848\/revisions"}],"predecessor-version":[{"id":220856,"href":"https:\/\/homolog.harald.com.br\/site-2026\/wp-json\/wp\/v2\/posts\/220848\/revisions\/220856"}],"wp:featuredmedia":[{"embeddable":true,"href":"https:\/\/homolog.harald.com.br\/site-2026\/wp-json\/wp\/v2\/media\/220850"}],"wp:attachment":[{"href":"https:\/\/homolog.harald.com.br\/site-2026\/wp-json\/wp\/v2\/media?parent=220848"}],"wp:term":[{"taxonomy":"category","embeddable":true,"href":"https:\/\/homolog.harald.com.br\/site-2026\/wp-json\/wp\/v2\/categories?post=220848"},{"taxonomy":"post_tag","embeddable":true,"href":"https:\/\/homolog.harald.com.br\/site-2026\/wp-json\/wp\/v2\/tags?post=220848"},{"taxonomy":"para-seu-negocio","embeddable":true,"href":"https:\/\/homolog.harald.com.br\/site-2026\/wp-json\/wp\/v2\/para-seu-negocio?post=220848"}],"curies":[{"name":"wp","href":"https:\/\/api.w.org\/{rel}","templated":true}]}}