{"id":209229,"date":"2024-09-06T11:44:48","date_gmt":"2024-09-06T14:44:48","guid":{"rendered":"https:\/\/homolog.harald.com.br\/site-2026\/?p=209229"},"modified":"2024-09-09T12:27:39","modified_gmt":"2024-09-09T15:27:39","slug":"festival-do-brigadeiro-5-ideias-de-sabor","status":"publish","type":"post","link":"https:\/\/homolog.harald.com.br\/site-2026\/blog\/festival-do-brigadeiro-5-ideias-de-sabor\/","title":{"rendered":"Festival do Brigadeiro: 5 Ideias de Sabor"},"content":{"rendered":"<div class=\"min-h-[20px] text-message flex w-full flex-col items-end gap-2 whitespace-normal break-words [.text-message+&amp;]:mt-5\" dir=\"auto\" data-message-author-role=\"assistant\" data-message-id=\"092b3575-9eaf-41ac-aef3-2b94ebeca6a5\">\n<div class=\"flex w-full flex-col gap-1 empty:hidden first:pt-[3px]\">\n<div class=\"markdown prose w-full break-words dark:prose-invert light\">\n<h3><strong>Festival do Brigadeiro: 5 Ideias Criativas para Comemorar o Dia do Brigadeiro com Produtos Melken<\/strong><\/h3>\n<p>Descubra como inovar no doce mais amado do Brasil e encantar seus clientes com receitas \u00fanicas e deliciosas usando os produtos Melken da Harald.<\/p>\n<p>O brigadeiro \u00e9 um verdadeiro \u00edcone da confeitaria brasileira, conhecido por seu sabor irresist\u00edvel e versatilidade. No entanto, no Dia do Brigadeiro, comemorado em 10 de setembro, que tal surpreender seus clientes com vers\u00f5es inovadoras desse doce cl\u00e1ssico? Assim, n\u00f3s da Harald, apresentamos cinco receitas de brigadeiro no Festival do Brigadeiro, criativas que v\u00e3o al\u00e9m do tradicional e prometem elevar sua oferta de produtos.<\/p>\n<p>O brigadeiro \u00e9 frequentemente a porta de entrada para empreendedores na confeitaria, devido \u00e0 sua simplicidade e sabor inconfund\u00edvel. Contudo, a chave para um brigadeiro perfeito est\u00e1 na escolha de ingredientes de alta qualidade. \u00c9 aqui que os produtos Melken da Harald se destacam, garantindo um sabor aut\u00eantico e uma textura impec\u00e1vel, transformando qualquer receita.<\/p>\n<h3><strong>1. Brigadeiro de Caramelo<\/strong><\/h3>\n<p><img loading=\"lazy\" decoding=\"async\" class=\"aligncenter wp-image-207742\" src=\"https:\/\/homolog.harald.com.br\/site-2026\/wp-content\/uploads\/2024\/08\/brigadeiro-de-caramelo-1-scaled-e1725282192226.jpg\" alt=\"Brigadeiro de Caramelo.\" width=\"581\" height=\"383\" srcset=\"https:\/\/homolog.harald.com.br\/site-2026\/wp-content\/uploads\/2024\/08\/brigadeiro-de-caramelo-1-scaled-e1725282192226.jpg 2231w, https:\/\/homolog.harald.com.br\/site-2026\/wp-content\/uploads\/2024\/08\/brigadeiro-de-caramelo-1-scaled-e1725282192226-300x198.jpg 300w, https:\/\/homolog.harald.com.br\/site-2026\/wp-content\/uploads\/2024\/08\/brigadeiro-de-caramelo-1-scaled-e1725282192226-1024x676.jpg 1024w, https:\/\/homolog.harald.com.br\/site-2026\/wp-content\/uploads\/2024\/08\/brigadeiro-de-caramelo-1-scaled-e1725282192226-768x507.jpg 768w, https:\/\/homolog.harald.com.br\/site-2026\/wp-content\/uploads\/2024\/08\/brigadeiro-de-caramelo-1-scaled-e1725282192226-1536x1013.jpg 1536w, https:\/\/homolog.harald.com.br\/site-2026\/wp-content\/uploads\/2024\/08\/brigadeiro-de-caramelo-1-scaled-e1725282192226-2048x1351.jpg 2048w, https:\/\/homolog.harald.com.br\/site-2026\/wp-content\/uploads\/2024\/08\/brigadeiro-de-caramelo-1-scaled-e1725282192226-1920x1267.jpg 1920w\" sizes=\"auto, (max-width: 581px) 100vw, 581px\" \/><\/p>\n<p><strong>Ingredientes:<\/strong><\/p>\n<ul>\n<li>395 g de leite condensado<\/li>\n<li>100 g de a\u00e7\u00facar refinado<\/li>\n<li>100 g de creme de leite<\/li>\n<li>60 g de Chocolate Melken Branco<\/li>\n<\/ul>\n<p><strong>Modo de Preparo:<\/strong><\/p>\n<ol>\n<li>Em primeiro lugar, com fogo baixo, prepare um caramelo seco, tomando cuidado para n\u00e3o queimar.<\/li>\n<li>Em seguida, aque\u00e7a o creme de leite e, com uma esp\u00e1tula de silicone, adicione-o lentamente ao caramelo, evitando o vapor.<\/li>\n<li>Ap\u00f3s incorporar o creme de leite, adicione o leite condensado e cozinhe at\u00e9 ferver.<\/li>\n<li>Logo depois, misture o Chocolate Melken Branco at\u00e9 que esteja completamente derretido e cozinhe at\u00e9 atingir o ponto de brigadeiro.<\/li>\n<li>Deixe esfriar e enrole os brigadeiros. Finalize com <a href=\"https:\/\/homolog.harald.com.br\/site-2026\/produtos\/granule-melken-caramelo-400g\/\">Granul\u00e9 Melken Caramelo<\/a>. Rendimento: 25 unidades.<\/li>\n<\/ol>\n<h3><strong>2. Brigadeiro Cr\u00e8me Br\u00fbl\u00e9e\u00a0<\/strong><\/h3>\n<p><img loading=\"lazy\" decoding=\"async\" class=\"aligncenter wp-image-207051 \" src=\"https:\/\/homolog.harald.com.br\/site-2026\/wp-content\/uploads\/2024\/08\/birgadeiro-de-creme-brulee-scaled-e1724854846139.jpg\" alt=\"Birgadeiro de Creme Br\u00fbl\u00e9e\" width=\"587\" height=\"319\" srcset=\"https:\/\/homolog.harald.com.br\/site-2026\/wp-content\/uploads\/2024\/08\/birgadeiro-de-creme-brulee-scaled-e1724854846139.jpg 2065w, https:\/\/homolog.harald.com.br\/site-2026\/wp-content\/uploads\/2024\/08\/birgadeiro-de-creme-brulee-scaled-e1724854846139-300x163.jpg 300w, https:\/\/homolog.harald.com.br\/site-2026\/wp-content\/uploads\/2024\/08\/birgadeiro-de-creme-brulee-scaled-e1724854846139-1024x556.jpg 1024w, https:\/\/homolog.harald.com.br\/site-2026\/wp-content\/uploads\/2024\/08\/birgadeiro-de-creme-brulee-scaled-e1724854846139-768x417.jpg 768w, https:\/\/homolog.harald.com.br\/site-2026\/wp-content\/uploads\/2024\/08\/birgadeiro-de-creme-brulee-scaled-e1724854846139-1536x835.jpg 1536w, https:\/\/homolog.harald.com.br\/site-2026\/wp-content\/uploads\/2024\/08\/birgadeiro-de-creme-brulee-scaled-e1724854846139-2048x1113.jpg 2048w, https:\/\/homolog.harald.com.br\/site-2026\/wp-content\/uploads\/2024\/08\/birgadeiro-de-creme-brulee-scaled-e1724854846139-1920x1043.jpg 1920w\" sizes=\"auto, (max-width: 587px) 100vw, 587px\" \/><\/p>\n<p><strong>Ingredientes:<\/strong><\/p>\n<ul>\n<li>395 g de leite condensado<\/li>\n<li>100 g de creme de leite<\/li>\n<li>12 g de glucose<\/li>\n<li>5 g de pasta de baunilha<\/li>\n<li>55 g de Chocolate Melken Branco<\/li>\n<\/ul>\n<p><strong>Modo de Preparo:<\/strong><\/p>\n<ol>\n<li>Em uma panela, combine o leite condensado, creme de leite, glucose e pasta de baunilha, cozinhando at\u00e9 alcan\u00e7ar o ponto de brigadeiro.<\/li>\n<li>E ent\u00e3o, retire do fogo e misture o Chocolate Melken Branco at\u00e9 que esteja completamente incorporado.<\/li>\n<li>Por fim, deixe esfriar completamente antes de enrolar. Al\u00e9m disso, mergulhe os brigadeiros em uma calda de a\u00e7\u00facar cristal (500 g), \u00e1gua (250 g) e vinagre de \u00e1lcool (40 g), cozida a 145\u00b0C. Rendimento: 25 unidades.<\/li>\n<\/ol>\n<h3><strong>3. Brigadeiro de A\u00e7a\u00ed\u00a0<\/strong><\/h3>\n<p><img loading=\"lazy\" decoding=\"async\" class=\"aligncenter wp-image-207045 \" src=\"https:\/\/homolog.harald.com.br\/site-2026\/wp-content\/uploads\/2024\/08\/brigadeiro-de-acai-scaled-e1724849641708.jpg\" alt=\"Brigadeiro de A\u00e7a\u00ed\" width=\"578\" height=\"296\" srcset=\"https:\/\/homolog.harald.com.br\/site-2026\/wp-content\/uploads\/2024\/08\/brigadeiro-de-acai-scaled-e1724849641708.jpg 2158w, https:\/\/homolog.harald.com.br\/site-2026\/wp-content\/uploads\/2024\/08\/brigadeiro-de-acai-scaled-e1724849641708-300x154.jpg 300w, https:\/\/homolog.harald.com.br\/site-2026\/wp-content\/uploads\/2024\/08\/brigadeiro-de-acai-scaled-e1724849641708-1024x524.jpg 1024w, https:\/\/homolog.harald.com.br\/site-2026\/wp-content\/uploads\/2024\/08\/brigadeiro-de-acai-scaled-e1724849641708-768x393.jpg 768w, https:\/\/homolog.harald.com.br\/site-2026\/wp-content\/uploads\/2024\/08\/brigadeiro-de-acai-scaled-e1724849641708-1536x787.jpg 1536w, https:\/\/homolog.harald.com.br\/site-2026\/wp-content\/uploads\/2024\/08\/brigadeiro-de-acai-scaled-e1724849641708-2048x1049.jpg 2048w, https:\/\/homolog.harald.com.br\/site-2026\/wp-content\/uploads\/2024\/08\/brigadeiro-de-acai-scaled-e1724849641708-1920x983.jpg 1920w\" sizes=\"auto, (max-width: 578px) 100vw, 578px\" \/><\/p>\n<p><strong>Ingredientes:<\/strong><\/p>\n<ul>\n<li>395 g de leite condensado<\/li>\n<li>100 g de polpa de a\u00e7a\u00ed<\/li>\n<li>50 g de creme de leite<\/li>\n<li>55 g de Chocolate Melken Branco<\/li>\n<\/ul>\n<p><strong>Modo de Preparo:<\/strong><\/p>\n<ol>\n<li>Primeiramente, reduza a polpa de a\u00e7a\u00ed pela metade em fogo baixo.<\/li>\n<li>Em seguida, adicione o leite condensado e o creme de leite, cozinhando at\u00e9 ferver. Incorpore o Chocolate Melken Branco e cozinhe at\u00e9 o ponto de brigadeiro.<\/li>\n<li>Deixe esfriar, enrole e passe os brigadeiros em Granul\u00e9 de Chocolate Melken Branco e P\u00f3 para decora\u00e7\u00e3o cor Roxa. Rendimento: 25 unidades.<\/li>\n<\/ol>\n<h3><strong>4. Brigadeiro 70% Cacau<\/strong><\/h3>\n<p><img loading=\"lazy\" decoding=\"async\" class=\"wp-image-206660  aligncenter\" src=\"https:\/\/homolog.harald.com.br\/site-2026\/wp-content\/uploads\/2024\/08\/brigadeiro-70-cacau-scaled-e1724696612946.jpg\" alt=\"Brigadeiro 70% Cacau\" width=\"591\" height=\"335\" srcset=\"https:\/\/homolog.harald.com.br\/site-2026\/wp-content\/uploads\/2024\/08\/brigadeiro-70-cacau-scaled-e1724696612946.jpg 2265w, https:\/\/homolog.harald.com.br\/site-2026\/wp-content\/uploads\/2024\/08\/brigadeiro-70-cacau-scaled-e1724696612946-300x170.jpg 300w, https:\/\/homolog.harald.com.br\/site-2026\/wp-content\/uploads\/2024\/08\/brigadeiro-70-cacau-scaled-e1724696612946-1024x580.jpg 1024w, https:\/\/homolog.harald.com.br\/site-2026\/wp-content\/uploads\/2024\/08\/brigadeiro-70-cacau-scaled-e1724696612946-768x435.jpg 768w, https:\/\/homolog.harald.com.br\/site-2026\/wp-content\/uploads\/2024\/08\/brigadeiro-70-cacau-scaled-e1724696612946-1536x871.jpg 1536w, https:\/\/homolog.harald.com.br\/site-2026\/wp-content\/uploads\/2024\/08\/brigadeiro-70-cacau-scaled-e1724696612946-2048x1161.jpg 2048w, https:\/\/homolog.harald.com.br\/site-2026\/wp-content\/uploads\/2024\/08\/brigadeiro-70-cacau-scaled-e1724696612946-1920x1088.jpg 1920w\" sizes=\"auto, (max-width: 591px) 100vw, 591px\" \/><\/p>\n<p><strong>Ingredientes:<\/strong><\/p>\n<ul>\n<li>395 g de leite condensado<\/li>\n<li>60 g de Chocolate Melken 70% Cacau<\/li>\n<li>18 g de Chocolate em p\u00f3 Melken 70% Cacau<\/li>\n<li>100 g de creme de leite<\/li>\n<li>20 g de manteiga<\/li>\n<li>12 g de glucose<\/li>\n<\/ul>\n<p><strong>Modo de Preparo:<\/strong><\/p>\n<ol>\n<li>Em uma panela, combine leite condensado, Chocolate Melken 70% Cacau, Chocolate em p\u00f3 Melken 70% Cacau, creme de leite, manteiga e glucose, cozinhando at\u00e9 alcan\u00e7ar o ponto de brigadeiro.<\/li>\n<li>Por fim, deixe esfriar completamente, enrole e passe em <a href=\"https:\/\/homolog.harald.com.br\/site-2026\/produtos\/granule-de-chocolate-melken-70-cacau-400g\/\">Granul\u00e9 de Chocolate Melken 70% Cacau<\/a>. Rendimento: 25 unidades.<\/li>\n<\/ol>\n<h3><strong>5. Brigadeiro Palha Italiana<\/strong><\/h3>\n<p><img loading=\"lazy\" decoding=\"async\" class=\"aligncenter wp-image-206671\" src=\"https:\/\/homolog.harald.com.br\/site-2026\/wp-content\/uploads\/2024\/08\/brigadeiro-de-palha-italiana-scaled-e1724780455947.jpg\" alt=\"]\" width=\"575\" height=\"300\" srcset=\"https:\/\/homolog.harald.com.br\/site-2026\/wp-content\/uploads\/2024\/08\/brigadeiro-de-palha-italiana-scaled-e1724780455947.jpg 2244w, https:\/\/homolog.harald.com.br\/site-2026\/wp-content\/uploads\/2024\/08\/brigadeiro-de-palha-italiana-scaled-e1724780455947-300x156.jpg 300w, https:\/\/homolog.harald.com.br\/site-2026\/wp-content\/uploads\/2024\/08\/brigadeiro-de-palha-italiana-scaled-e1724780455947-1024x533.jpg 1024w, https:\/\/homolog.harald.com.br\/site-2026\/wp-content\/uploads\/2024\/08\/brigadeiro-de-palha-italiana-scaled-e1724780455947-768x400.jpg 768w, https:\/\/homolog.harald.com.br\/site-2026\/wp-content\/uploads\/2024\/08\/brigadeiro-de-palha-italiana-scaled-e1724780455947-1536x800.jpg 1536w, https:\/\/homolog.harald.com.br\/site-2026\/wp-content\/uploads\/2024\/08\/brigadeiro-de-palha-italiana-scaled-e1724780455947-2048x1067.jpg 2048w, https:\/\/homolog.harald.com.br\/site-2026\/wp-content\/uploads\/2024\/08\/brigadeiro-de-palha-italiana-scaled-e1724780455947-1920x1000.jpg 1920w\" sizes=\"auto, (max-width: 575px) 100vw, 575px\" \/><\/p>\n<p><strong>Ingredientes:<\/strong><\/p>\n<ul>\n<li>395 g de leite condensado<\/li>\n<li>15 g de Cacau em p\u00f3 Melken 100% Cacau<\/li>\n<li>100 g de creme de leite<\/li>\n<li>20 g de manteiga<\/li>\n<li>12 g de glucose<\/li>\n<\/ul>\n<p><strong>Modo de Preparo:<\/strong><\/p>\n<ol>\n<li>Combine leite condensado, Cacau em p\u00f3 Melken 100% Cacau, creme de leite, manteiga e glucose em uma panela e cozinhe at\u00e9 obter o ponto de brigadeiro.<\/li>\n<li>E ent\u00e3o, deixe esfriar, misture biscoito de maisena quebrado e a\u00e7\u00facar refinado \u00e0 massa, enrole e passe no a\u00e7\u00facar. Rendimento: 28 unidades.<\/li>\n<\/ol>\n<\/div>\n<\/div>\n<\/div>\n<div class=\"min-h-[20px] text-message flex w-full flex-col items-end gap-2 whitespace-normal break-words [.text-message+&amp;]:mt-5\" dir=\"auto\" data-message-author-role=\"assistant\" data-message-id=\"3092faa5-6267-4d5f-b01c-1e53acb67009\">\n<div class=\"flex w-full flex-col gap-1 empty:hidden first:pt-[3px]\">\n<div class=\"markdown prose w-full break-words dark:prose-invert light\">\n<p><strong>Aposte na Qualidade dos Chocolates Melken da Harald<\/strong><\/p>\n<p>Com essas cinco ideias inovadoras do Festival do Brigadeiro, voc\u00ea pode diversificar seu portf\u00f3lio e atrair novos clientes, tornando o Dia do Brigadeiro ainda mais especial e doce. Assim, os chocolates Melken da Harald s\u00e3o perfeitos para transformar suas receitas, oferecendo qualidade e sabor incompar\u00e1veis.<\/p>\n<p>Al\u00e9m disso, para mais informa\u00e7\u00f5es e receitas exclusivas, acesse mais em <a href=\"https:\/\/homolog.harald.com.br\/site-2026\/\">Harald<\/a>.<\/p>\n<\/div>\n<\/div>\n<\/div>\n","protected":false},"excerpt":{"rendered":"<p>Festival do Brigadeiro: 5 Ideias Criativas para Comemorar o Dia do Brigadeiro com Produtos Melken Descubra como inovar no doce mais amado do Brasil e encantar seus clientes com receitas \u00fanicas e deliciosas usando os produtos Melken da Harald. O brigadeiro \u00e9 um verdadeiro \u00edcone da confeitaria brasileira, conhecido por seu sabor irresist\u00edvel e versatilidade. <a class=\"more-link\" href=\"https:\/\/homolog.harald.com.br\/site-2026\/blog\/festival-do-brigadeiro-5-ideias-de-sabor\/\">Read more&#8230;<\/a><\/p>\n","protected":false},"author":9,"featured_media":209232,"comment_status":"closed","ping_status":"closed","sticky":false,"template":"","format":"standard","meta":{"_acf_changed":false,"_uag_custom_page_level_css":"","footnotes":""},"categories":[158],"tags":[],"para-seu-negocio":[],"class_list":["post-209229","post","type-post","status-publish","format-standard","has-post-thumbnail","hentry","category-noticias"],"acf":[],"yoast_head":"<!-- This site is optimized with the Yoast SEO plugin v26.3 - https:\/\/yoast.com\/wordpress\/plugins\/seo\/ -->\n<title>Festival do Brigadeiro: 5 Ideias de Sabor - Harald<\/title>\n<meta name=\"description\" content=\"Fa\u00e7a a festa no Festival do Brigadeiro da Harald, acompanhe nossas publica\u00e7\u00f5es e aprenda muito para inovar e alcan\u00e7ar mais clientes!\" \/>\n<meta name=\"robots\" content=\"noindex, follow, max-snippet:-1, max-image-preview:large, max-video-preview:-1\" \/>\n<meta property=\"og:locale\" content=\"pt_BR\" \/>\n<meta property=\"og:type\" content=\"article\" \/>\n<meta property=\"og:title\" content=\"Festival do Brigadeiro: 5 Ideias de Sabor - Harald\" \/>\n<meta property=\"og:description\" content=\"Fa\u00e7a a festa no Festival do Brigadeiro da Harald, acompanhe nossas publica\u00e7\u00f5es e aprenda muito para inovar e alcan\u00e7ar mais clientes!\" \/>\n<meta property=\"og:url\" content=\"https:\/\/homolog.harald.com.br\/site-2026\/blog\/festival-do-brigadeiro-5-ideias-de-sabor\/\" \/>\n<meta property=\"og:site_name\" content=\"Harald\" \/>\n<meta property=\"article:publisher\" content=\"https:\/\/www.facebook.com\/HaraldChocolates\/\" \/>\n<meta property=\"article:published_time\" content=\"2024-09-06T14:44:48+00:00\" \/>\n<meta property=\"article:modified_time\" content=\"2024-09-09T15:27:39+00:00\" \/>\n<meta property=\"og:image\" content=\"https:\/\/homolog.harald.com.br\/site-2026\/wp-content\/uploads\/2024\/09\/brigadeiro-tradicional-scaled.jpg\" \/>\n\t<meta property=\"og:image:width\" content=\"2560\" \/>\n\t<meta property=\"og:image:height\" content=\"1438\" \/>\n\t<meta property=\"og:image:type\" content=\"image\/jpeg\" \/>\n<meta name=\"author\" content=\"CROWD\" \/>\n<meta name=\"twitter:card\" content=\"summary_large_image\" \/>\n<meta name=\"twitter:label1\" content=\"Escrito por\" \/>\n\t<meta name=\"twitter:data1\" content=\"CROWD\" \/>\n\t<meta name=\"twitter:label2\" content=\"Est. tempo de leitura\" \/>\n\t<meta name=\"twitter:data2\" content=\"6 minutos\" \/>\n<script type=\"application\/ld+json\" class=\"yoast-schema-graph\">{\"@context\":\"https:\/\/schema.org\",\"@graph\":[{\"@type\":\"Article\",\"@id\":\"https:\/\/homolog.harald.com.br\/site-2026\/blog\/festival-do-brigadeiro-5-ideias-de-sabor\/#article\",\"isPartOf\":{\"@id\":\"https:\/\/homolog.harald.com.br\/site-2026\/blog\/festival-do-brigadeiro-5-ideias-de-sabor\/\"},\"author\":{\"name\":\"CROWD\",\"@id\":\"https:\/\/homolog.harald.com.br\/site-2026\/#\/schema\/person\/474c783c0a4a997b6352b8b626175b12\"},\"headline\":\"Festival do Brigadeiro: 5 Ideias de Sabor\",\"datePublished\":\"2024-09-06T14:44:48+00:00\",\"dateModified\":\"2024-09-09T15:27:39+00:00\",\"mainEntityOfPage\":{\"@id\":\"https:\/\/homolog.harald.com.br\/site-2026\/blog\/festival-do-brigadeiro-5-ideias-de-sabor\/\"},\"wordCount\":697,\"publisher\":{\"@id\":\"https:\/\/homolog.harald.com.br\/site-2026\/#organization\"},\"image\":{\"@id\":\"https:\/\/homolog.harald.com.br\/site-2026\/blog\/festival-do-brigadeiro-5-ideias-de-sabor\/#primaryimage\"},\"thumbnailUrl\":\"https:\/\/homolog.harald.com.br\/site-2026\/wp-content\/uploads\/2024\/09\/brigadeiro-tradicional-scaled.jpg\",\"articleSection\":[\"Not\u00edcias\"],\"inLanguage\":\"pt-BR\"},{\"@type\":\"WebPage\",\"@id\":\"https:\/\/homolog.harald.com.br\/site-2026\/blog\/festival-do-brigadeiro-5-ideias-de-sabor\/\",\"url\":\"https:\/\/homolog.harald.com.br\/site-2026\/blog\/festival-do-brigadeiro-5-ideias-de-sabor\/\",\"name\":\"Festival do Brigadeiro: 5 Ideias de Sabor - Harald\",\"isPartOf\":{\"@id\":\"https:\/\/homolog.harald.com.br\/site-2026\/#website\"},\"primaryImageOfPage\":{\"@id\":\"https:\/\/homolog.harald.com.br\/site-2026\/blog\/festival-do-brigadeiro-5-ideias-de-sabor\/#primaryimage\"},\"image\":{\"@id\":\"https:\/\/homolog.harald.com.br\/site-2026\/blog\/festival-do-brigadeiro-5-ideias-de-sabor\/#primaryimage\"},\"thumbnailUrl\":\"https:\/\/homolog.harald.com.br\/site-2026\/wp-content\/uploads\/2024\/09\/brigadeiro-tradicional-scaled.jpg\",\"datePublished\":\"2024-09-06T14:44:48+00:00\",\"dateModified\":\"2024-09-09T15:27:39+00:00\",\"description\":\"Fa\u00e7a a festa no Festival do Brigadeiro da Harald, acompanhe nossas publica\u00e7\u00f5es e aprenda muito para inovar e alcan\u00e7ar mais clientes!\",\"breadcrumb\":{\"@id\":\"https:\/\/homolog.harald.com.br\/site-2026\/blog\/festival-do-brigadeiro-5-ideias-de-sabor\/#breadcrumb\"},\"inLanguage\":\"pt-BR\",\"potentialAction\":[{\"@type\":\"ReadAction\",\"target\":[\"https:\/\/homolog.harald.com.br\/site-2026\/blog\/festival-do-brigadeiro-5-ideias-de-sabor\/\"]}]},{\"@type\":\"ImageObject\",\"inLanguage\":\"pt-BR\",\"@id\":\"https:\/\/homolog.harald.com.br\/site-2026\/blog\/festival-do-brigadeiro-5-ideias-de-sabor\/#primaryimage\",\"url\":\"https:\/\/homolog.harald.com.br\/site-2026\/wp-content\/uploads\/2024\/09\/brigadeiro-tradicional-scaled.jpg\",\"contentUrl\":\"https:\/\/homolog.harald.com.br\/site-2026\/wp-content\/uploads\/2024\/09\/brigadeiro-tradicional-scaled.jpg\",\"width\":2560,\"height\":1438,\"caption\":\"Festival do Brigadeiro\"},{\"@type\":\"BreadcrumbList\",\"@id\":\"https:\/\/homolog.harald.com.br\/site-2026\/blog\/festival-do-brigadeiro-5-ideias-de-sabor\/#breadcrumb\",\"itemListElement\":[{\"@type\":\"ListItem\",\"position\":1,\"name\":\"In\u00edcio\",\"item\":\"https:\/\/homolog.harald.com.br\/site-2026\/\"},{\"@type\":\"ListItem\",\"position\":2,\"name\":\"Festival do Brigadeiro: 5 Ideias de Sabor\"}]},{\"@type\":\"WebSite\",\"@id\":\"https:\/\/homolog.harald.com.br\/site-2026\/#website\",\"url\":\"https:\/\/homolog.harald.com.br\/site-2026\/\",\"name\":\"Harald\",\"description\":\"Fazer melhor \u00e9 fazer com paix\u00e3o\",\"publisher\":{\"@id\":\"https:\/\/homolog.harald.com.br\/site-2026\/#organization\"},\"potentialAction\":[{\"@type\":\"SearchAction\",\"target\":{\"@type\":\"EntryPoint\",\"urlTemplate\":\"https:\/\/homolog.harald.com.br\/site-2026\/?s={search_term_string}\"},\"query-input\":{\"@type\":\"PropertyValueSpecification\",\"valueRequired\":true,\"valueName\":\"search_term_string\"}}],\"inLanguage\":\"pt-BR\"},{\"@type\":\"Organization\",\"@id\":\"https:\/\/homolog.harald.com.br\/site-2026\/#organization\",\"name\":\"Harald\",\"url\":\"https:\/\/homolog.harald.com.br\/site-2026\/\",\"logo\":{\"@type\":\"ImageObject\",\"inLanguage\":\"pt-BR\",\"@id\":\"https:\/\/homolog.harald.com.br\/site-2026\/#\/schema\/logo\/image\/\",\"url\":\"https:\/\/homolog.harald.com.br\/site-2026\/wp-content\/uploads\/2022\/09\/logo-harald-cmyk-ss.png\",\"contentUrl\":\"https:\/\/homolog.harald.com.br\/site-2026\/wp-content\/uploads\/2022\/09\/logo-harald-cmyk-ss.png\",\"width\":1948,\"height\":1051,\"caption\":\"Harald\"},\"image\":{\"@id\":\"https:\/\/homolog.harald.com.br\/site-2026\/#\/schema\/logo\/image\/\"},\"sameAs\":[\"https:\/\/www.facebook.com\/HaraldChocolates\/\",\"https:\/\/www.youtube.com\/user\/HaraldChocolates\"]},{\"@type\":\"Person\",\"@id\":\"https:\/\/homolog.harald.com.br\/site-2026\/#\/schema\/person\/474c783c0a4a997b6352b8b626175b12\",\"name\":\"CROWD\",\"image\":{\"@type\":\"ImageObject\",\"inLanguage\":\"pt-BR\",\"@id\":\"https:\/\/homolog.harald.com.br\/site-2026\/#\/schema\/person\/image\/\",\"url\":\"https:\/\/secure.gravatar.com\/avatar\/4d8c1df2b3db7e6270e2d04115410a036e98bb8f8dd59ca3c343e438750c76b9?s=96&d=mm&r=g\",\"contentUrl\":\"https:\/\/secure.gravatar.com\/avatar\/4d8c1df2b3db7e6270e2d04115410a036e98bb8f8dd59ca3c343e438750c76b9?s=96&d=mm&r=g\",\"caption\":\"CROWD\"},\"url\":\"https:\/\/homolog.harald.com.br\/site-2026\/blog\/author\/crowd\/\"}]}<\/script>\n<!-- \/ Yoast SEO plugin. -->","yoast_head_json":{"title":"Festival do Brigadeiro: 5 Ideias de Sabor - Harald","description":"Fa\u00e7a a festa no Festival do Brigadeiro da Harald, acompanhe nossas publica\u00e7\u00f5es e aprenda muito para inovar e alcan\u00e7ar mais clientes!","robots":{"index":"noindex","follow":"follow","max-snippet":"max-snippet:-1","max-image-preview":"max-image-preview:large","max-video-preview":"max-video-preview:-1"},"og_locale":"pt_BR","og_type":"article","og_title":"Festival do Brigadeiro: 5 Ideias de Sabor - Harald","og_description":"Fa\u00e7a a festa no Festival do Brigadeiro da Harald, acompanhe nossas publica\u00e7\u00f5es e aprenda muito para inovar e alcan\u00e7ar mais clientes!","og_url":"https:\/\/homolog.harald.com.br\/site-2026\/blog\/festival-do-brigadeiro-5-ideias-de-sabor\/","og_site_name":"Harald","article_publisher":"https:\/\/www.facebook.com\/HaraldChocolates\/","article_published_time":"2024-09-06T14:44:48+00:00","article_modified_time":"2024-09-09T15:27:39+00:00","og_image":[{"width":2560,"height":1438,"url":"https:\/\/homolog.harald.com.br\/site-2026\/wp-content\/uploads\/2024\/09\/brigadeiro-tradicional-scaled.jpg","type":"image\/jpeg"}],"author":"CROWD","twitter_card":"summary_large_image","twitter_misc":{"Escrito por":"CROWD","Est. tempo de leitura":"6 minutos"},"schema":{"@context":"https:\/\/schema.org","@graph":[{"@type":"Article","@id":"https:\/\/homolog.harald.com.br\/site-2026\/blog\/festival-do-brigadeiro-5-ideias-de-sabor\/#article","isPartOf":{"@id":"https:\/\/homolog.harald.com.br\/site-2026\/blog\/festival-do-brigadeiro-5-ideias-de-sabor\/"},"author":{"name":"CROWD","@id":"https:\/\/homolog.harald.com.br\/site-2026\/#\/schema\/person\/474c783c0a4a997b6352b8b626175b12"},"headline":"Festival do Brigadeiro: 5 Ideias de Sabor","datePublished":"2024-09-06T14:44:48+00:00","dateModified":"2024-09-09T15:27:39+00:00","mainEntityOfPage":{"@id":"https:\/\/homolog.harald.com.br\/site-2026\/blog\/festival-do-brigadeiro-5-ideias-de-sabor\/"},"wordCount":697,"publisher":{"@id":"https:\/\/homolog.harald.com.br\/site-2026\/#organization"},"image":{"@id":"https:\/\/homolog.harald.com.br\/site-2026\/blog\/festival-do-brigadeiro-5-ideias-de-sabor\/#primaryimage"},"thumbnailUrl":"https:\/\/homolog.harald.com.br\/site-2026\/wp-content\/uploads\/2024\/09\/brigadeiro-tradicional-scaled.jpg","articleSection":["Not\u00edcias"],"inLanguage":"pt-BR"},{"@type":"WebPage","@id":"https:\/\/homolog.harald.com.br\/site-2026\/blog\/festival-do-brigadeiro-5-ideias-de-sabor\/","url":"https:\/\/homolog.harald.com.br\/site-2026\/blog\/festival-do-brigadeiro-5-ideias-de-sabor\/","name":"Festival do Brigadeiro: 5 Ideias de Sabor - Harald","isPartOf":{"@id":"https:\/\/homolog.harald.com.br\/site-2026\/#website"},"primaryImageOfPage":{"@id":"https:\/\/homolog.harald.com.br\/site-2026\/blog\/festival-do-brigadeiro-5-ideias-de-sabor\/#primaryimage"},"image":{"@id":"https:\/\/homolog.harald.com.br\/site-2026\/blog\/festival-do-brigadeiro-5-ideias-de-sabor\/#primaryimage"},"thumbnailUrl":"https:\/\/homolog.harald.com.br\/site-2026\/wp-content\/uploads\/2024\/09\/brigadeiro-tradicional-scaled.jpg","datePublished":"2024-09-06T14:44:48+00:00","dateModified":"2024-09-09T15:27:39+00:00","description":"Fa\u00e7a a festa no Festival do Brigadeiro da Harald, acompanhe nossas publica\u00e7\u00f5es e aprenda muito para inovar e alcan\u00e7ar mais clientes!","breadcrumb":{"@id":"https:\/\/homolog.harald.com.br\/site-2026\/blog\/festival-do-brigadeiro-5-ideias-de-sabor\/#breadcrumb"},"inLanguage":"pt-BR","potentialAction":[{"@type":"ReadAction","target":["https:\/\/homolog.harald.com.br\/site-2026\/blog\/festival-do-brigadeiro-5-ideias-de-sabor\/"]}]},{"@type":"ImageObject","inLanguage":"pt-BR","@id":"https:\/\/homolog.harald.com.br\/site-2026\/blog\/festival-do-brigadeiro-5-ideias-de-sabor\/#primaryimage","url":"https:\/\/homolog.harald.com.br\/site-2026\/wp-content\/uploads\/2024\/09\/brigadeiro-tradicional-scaled.jpg","contentUrl":"https:\/\/homolog.harald.com.br\/site-2026\/wp-content\/uploads\/2024\/09\/brigadeiro-tradicional-scaled.jpg","width":2560,"height":1438,"caption":"Festival do Brigadeiro"},{"@type":"BreadcrumbList","@id":"https:\/\/homolog.harald.com.br\/site-2026\/blog\/festival-do-brigadeiro-5-ideias-de-sabor\/#breadcrumb","itemListElement":[{"@type":"ListItem","position":1,"name":"In\u00edcio","item":"https:\/\/homolog.harald.com.br\/site-2026\/"},{"@type":"ListItem","position":2,"name":"Festival do Brigadeiro: 5 Ideias de Sabor"}]},{"@type":"WebSite","@id":"https:\/\/homolog.harald.com.br\/site-2026\/#website","url":"https:\/\/homolog.harald.com.br\/site-2026\/","name":"Harald","description":"Fazer melhor \u00e9 fazer com paix\u00e3o","publisher":{"@id":"https:\/\/homolog.harald.com.br\/site-2026\/#organization"},"potentialAction":[{"@type":"SearchAction","target":{"@type":"EntryPoint","urlTemplate":"https:\/\/homolog.harald.com.br\/site-2026\/?s={search_term_string}"},"query-input":{"@type":"PropertyValueSpecification","valueRequired":true,"valueName":"search_term_string"}}],"inLanguage":"pt-BR"},{"@type":"Organization","@id":"https:\/\/homolog.harald.com.br\/site-2026\/#organization","name":"Harald","url":"https:\/\/homolog.harald.com.br\/site-2026\/","logo":{"@type":"ImageObject","inLanguage":"pt-BR","@id":"https:\/\/homolog.harald.com.br\/site-2026\/#\/schema\/logo\/image\/","url":"https:\/\/homolog.harald.com.br\/site-2026\/wp-content\/uploads\/2022\/09\/logo-harald-cmyk-ss.png","contentUrl":"https:\/\/homolog.harald.com.br\/site-2026\/wp-content\/uploads\/2022\/09\/logo-harald-cmyk-ss.png","width":1948,"height":1051,"caption":"Harald"},"image":{"@id":"https:\/\/homolog.harald.com.br\/site-2026\/#\/schema\/logo\/image\/"},"sameAs":["https:\/\/www.facebook.com\/HaraldChocolates\/","https:\/\/www.youtube.com\/user\/HaraldChocolates"]},{"@type":"Person","@id":"https:\/\/homolog.harald.com.br\/site-2026\/#\/schema\/person\/474c783c0a4a997b6352b8b626175b12","name":"CROWD","image":{"@type":"ImageObject","inLanguage":"pt-BR","@id":"https:\/\/homolog.harald.com.br\/site-2026\/#\/schema\/person\/image\/","url":"https:\/\/secure.gravatar.com\/avatar\/4d8c1df2b3db7e6270e2d04115410a036e98bb8f8dd59ca3c343e438750c76b9?s=96&d=mm&r=g","contentUrl":"https:\/\/secure.gravatar.com\/avatar\/4d8c1df2b3db7e6270e2d04115410a036e98bb8f8dd59ca3c343e438750c76b9?s=96&d=mm&r=g","caption":"CROWD"},"url":"https:\/\/homolog.harald.com.br\/site-2026\/blog\/author\/crowd\/"}]}},"uagb_featured_image_src":{"full":["https:\/\/homolog.harald.com.br\/site-2026\/wp-content\/uploads\/2024\/09\/brigadeiro-tradicional-scaled.jpg",2560,1438,false],"thumbnail":["https:\/\/homolog.harald.com.br\/site-2026\/wp-content\/uploads\/2024\/09\/brigadeiro-tradicional-150x150.jpg",150,150,true],"medium":["https:\/\/homolog.harald.com.br\/site-2026\/wp-content\/uploads\/2024\/09\/brigadeiro-tradicional-300x169.jpg",300,169,true],"medium_large":["https:\/\/homolog.harald.com.br\/site-2026\/wp-content\/uploads\/2024\/09\/brigadeiro-tradicional-768x432.jpg",768,432,true],"large":["https:\/\/homolog.harald.com.br\/site-2026\/wp-content\/uploads\/2024\/09\/brigadeiro-tradicional-1024x575.jpg",1024,575,true],"1536x1536":["https:\/\/homolog.harald.com.br\/site-2026\/wp-content\/uploads\/2024\/09\/brigadeiro-tradicional-1536x863.jpg",1536,863,true],"2048x2048":["https:\/\/homolog.harald.com.br\/site-2026\/wp-content\/uploads\/2024\/09\/brigadeiro-tradicional-2048x1151.jpg",2048,1151,true],"full-width":["https:\/\/homolog.harald.com.br\/site-2026\/wp-content\/uploads\/2024\/09\/brigadeiro-tradicional-scaled.jpg",1920,1080,false],"gform-image-choice-sm":["https:\/\/homolog.harald.com.br\/site-2026\/wp-content\/uploads\/2024\/09\/brigadeiro-tradicional-scaled.jpg",300,169,false],"gform-image-choice-md":["https:\/\/homolog.harald.com.br\/site-2026\/wp-content\/uploads\/2024\/09\/brigadeiro-tradicional-scaled.jpg",400,225,false],"gform-image-choice-lg":["https:\/\/homolog.harald.com.br\/site-2026\/wp-content\/uploads\/2024\/09\/brigadeiro-tradicional-scaled.jpg",600,337,false]},"uagb_author_info":{"display_name":"CROWD","author_link":"https:\/\/homolog.harald.com.br\/site-2026\/blog\/author\/crowd\/"},"uagb_comment_info":0,"uagb_excerpt":"Festival do Brigadeiro: 5 Ideias Criativas para Comemorar o Dia do Brigadeiro com Produtos Melken Descubra como inovar no doce mais amado do Brasil e encantar seus clientes com receitas \u00fanicas e deliciosas usando os produtos Melken da Harald. O brigadeiro \u00e9 um verdadeiro \u00edcone da confeitaria brasileira, conhecido por seu sabor irresist\u00edvel e versatilidade.&hellip;","_links":{"self":[{"href":"https:\/\/homolog.harald.com.br\/site-2026\/wp-json\/wp\/v2\/posts\/209229","targetHints":{"allow":["GET"]}}],"collection":[{"href":"https:\/\/homolog.harald.com.br\/site-2026\/wp-json\/wp\/v2\/posts"}],"about":[{"href":"https:\/\/homolog.harald.com.br\/site-2026\/wp-json\/wp\/v2\/types\/post"}],"author":[{"embeddable":true,"href":"https:\/\/homolog.harald.com.br\/site-2026\/wp-json\/wp\/v2\/users\/9"}],"replies":[{"embeddable":true,"href":"https:\/\/homolog.harald.com.br\/site-2026\/wp-json\/wp\/v2\/comments?post=209229"}],"version-history":[{"count":1,"href":"https:\/\/homolog.harald.com.br\/site-2026\/wp-json\/wp\/v2\/posts\/209229\/revisions"}],"predecessor-version":[{"id":209237,"href":"https:\/\/homolog.harald.com.br\/site-2026\/wp-json\/wp\/v2\/posts\/209229\/revisions\/209237"}],"wp:featuredmedia":[{"embeddable":true,"href":"https:\/\/homolog.harald.com.br\/site-2026\/wp-json\/wp\/v2\/media\/209232"}],"wp:attachment":[{"href":"https:\/\/homolog.harald.com.br\/site-2026\/wp-json\/wp\/v2\/media?parent=209229"}],"wp:term":[{"taxonomy":"category","embeddable":true,"href":"https:\/\/homolog.harald.com.br\/site-2026\/wp-json\/wp\/v2\/categories?post=209229"},{"taxonomy":"post_tag","embeddable":true,"href":"https:\/\/homolog.harald.com.br\/site-2026\/wp-json\/wp\/v2\/tags?post=209229"},{"taxonomy":"para-seu-negocio","embeddable":true,"href":"https:\/\/homolog.harald.com.br\/site-2026\/wp-json\/wp\/v2\/para-seu-negocio?post=209229"}],"curies":[{"name":"wp","href":"https:\/\/api.w.org\/{rel}","templated":true}]}}