{"id":206716,"date":"2024-08-23T11:31:17","date_gmt":"2024-08-23T14:31:17","guid":{"rendered":"https:\/\/homolog.harald.com.br\/site-2026\/?p=206716"},"modified":"2024-08-27T11:40:22","modified_gmt":"2024-08-27T14:40:22","slug":"promocao-faz-com-t-de-top-vai-ate-setembro","status":"publish","type":"post","link":"https:\/\/homolog.harald.com.br\/site-2026\/blog\/promocao-faz-com-t-de-top-vai-ate-setembro\/","title":{"rendered":"Promo\u00e7\u00e3o &#8220;Faz com T de TOP&#8221; vai at\u00e9 setembro"},"content":{"rendered":"<h3><strong>Promo\u00e7\u00e3o &#8220;Faz com T de TOP&#8221; da Harald vai at\u00e9 setembro<\/strong><\/h3>\n<p>A promo\u00e7\u00e3o \u201cFaz com T de TOP\u201d da Harald oferece aos consumidores a oportunidade de concorrer a um pr\u00eamio de R$ 100 mil, al\u00e9m de outros pr\u00eamios semanais, como geladeiras, kits de produtos da linha TOP e uma consultoria exclusiva com a influenciadora T\u00e1bata Romero. Esta campanha especial vai at\u00e9 o dia 13 de setembro.<\/p>\n<h3>Como Participar?<\/h3>\n<p>Os consumidores devem adquirir dois produtos da linha TOP e cadastrar o cupom no site <a href=\"http:\/\/www.fazcomtop.com.br\" target=\"_new\" rel=\"noopener\">www.fazcomtop.com.br<\/a>. Assim, a inscri\u00e7\u00e3o autom\u00e1tica entra na disputa pelos pr\u00eamios. Al\u00e9m disso, a promo\u00e7\u00e3o inclui produtos aceleradores que dobram as chances de ganhar. Estes produtos s\u00e3o: <a href=\"https:\/\/homolog.harald.com.br\/site-2026\/produtos\/top-cobertura-avela-1050-kg\/\">TOP Avel\u00e3<\/a>, <a href=\"https:\/\/homolog.harald.com.br\/site-2026\/produtos\/cobertura-top-sabor-milky-em-gotas-101kg\/\">TOP Milk<\/a><a href=\"https:\/\/homolog.harald.com.br\/site-2026\/produtos\/cobertura-top-caramelo-em-gotas-101kg\/\">y<\/a> e o <a href=\"https:\/\/homolog.harald.com.br\/site-2026\/produtos\/cobertura-top-caramelo-em-gotas-101kg\/\">TOP Caramelo<\/a>, recentemente lan\u00e7ado pela Harald.<\/p>\n<p>Com o objetivo de aumentar a visibilidade da promo\u00e7\u00e3o, a Harald lan\u00e7ou uma campanha inovadora. Ela inclui um filme protagonizado pela influenciadora T\u00e1bata Romero e uma par\u00f3dia musical do sucesso &#8216;Faz com T&#8217;, da cantora Gabi Amarantos.<\/p>\n<p>Fernanda Sequetto, gerente executiva de marketing da Harald, explica: \u201cEssa campanha visa fortalecer ainda mais a lideran\u00e7a da marca TOP no segmento de coberturas. Queremos destacar todos os sabores presentes em nosso portf\u00f3lio e trazer benef\u00edcios adicionais ao consumidor, mostrando que a marca TOP \u00e9 a escolha certa para desenvolver neg\u00f3cios com praticidade, qualidade, bom rendimento e sabor.\u201d<\/p>\n<p>Fernanda acrescenta que a premia\u00e7\u00e3o foi elaborada para impulsionar os neg\u00f3cios de confeiteiros e profissionais do setor, permitindo que todos os participantes tenham a chance de ganhar pr\u00eamios semanais e o pr\u00eamio em dinheiro, o que promete elevar o patamar das produ\u00e7\u00f5es e aumentar a lucratividade.<\/p>\n<p>Por fim, \u201cAo falar em coberturas de chocolate, \u00e9 imposs\u00edvel n\u00e3o pensar na TOP. Esta \u00e9 a segunda vez que a Harald realiza uma campanha totalmente dedicada a essa linha de produtos. Em 2023, a campanha teve uma excelente repercuss\u00e3o, e esperamos superar esse sucesso e fortalecer ainda mais a presen\u00e7a da marca no cotidiano dos consumidores\u201d, conclui Fernanda.<\/p>\n","protected":false},"excerpt":{"rendered":"<p>Promo\u00e7\u00e3o &#8220;Faz com T de TOP&#8221; da Harald vai at\u00e9 setembro A promo\u00e7\u00e3o \u201cFaz com T de TOP\u201d da Harald oferece aos consumidores a oportunidade de concorrer a um pr\u00eamio de R$ 100 mil, al\u00e9m de outros pr\u00eamios semanais, como geladeiras, kits de produtos da linha TOP e uma consultoria exclusiva com a influenciadora T\u00e1bata <a class=\"more-link\" href=\"https:\/\/homolog.harald.com.br\/site-2026\/blog\/promocao-faz-com-t-de-top-vai-ate-setembro\/\">Read more&#8230;<\/a><\/p>\n","protected":false},"author":9,"featured_media":193457,"comment_status":"closed","ping_status":"closed","sticky":false,"template":"","format":"standard","meta":{"_acf_changed":false,"_uag_custom_page_level_css":"","footnotes":""},"categories":[158],"tags":[],"para-seu-negocio":[],"class_list":["post-206716","post","type-post","status-publish","format-standard","has-post-thumbnail","hentry","category-noticias"],"acf":[],"yoast_head":"<!-- This site is optimized with the Yoast SEO plugin v26.3 - https:\/\/yoast.com\/wordpress\/plugins\/seo\/ -->\n<title>Promo\u00e7\u00e3o &quot;Faz com T de TOP&quot; vai at\u00e9 setembro - Harald<\/title>\n<meta name=\"description\" content=\"Participe da promo\u00e7\u00e3o &quot;Faz com T de TOP&quot; da Harald at\u00e9 13 de setembro e concorra a R$ 100 mil, e uma consultoria exclusiva com T\u00e1bata Romero!\" \/>\n<meta name=\"robots\" content=\"noindex, follow, max-snippet:-1, max-image-preview:large, max-video-preview:-1\" \/>\n<meta property=\"og:locale\" content=\"pt_BR\" \/>\n<meta property=\"og:type\" content=\"article\" \/>\n<meta property=\"og:title\" content=\"Promo\u00e7\u00e3o &quot;Faz com T de TOP&quot; vai at\u00e9 setembro - Harald\" \/>\n<meta property=\"og:description\" content=\"Participe da promo\u00e7\u00e3o &quot;Faz com T de TOP&quot; da Harald at\u00e9 13 de setembro e concorra a R$ 100 mil, e uma consultoria exclusiva com T\u00e1bata Romero!\" \/>\n<meta property=\"og:url\" content=\"https:\/\/homolog.harald.com.br\/site-2026\/blog\/promocao-faz-com-t-de-top-vai-ate-setembro\/\" \/>\n<meta property=\"og:site_name\" content=\"Harald\" \/>\n<meta property=\"article:publisher\" content=\"https:\/\/www.facebook.com\/HaraldChocolates\/\" \/>\n<meta property=\"article:published_time\" content=\"2024-08-23T14:31:17+00:00\" \/>\n<meta property=\"article:modified_time\" content=\"2024-08-27T14:40:22+00:00\" \/>\n<meta property=\"og:image\" content=\"https:\/\/homolog.harald.com.br\/site-2026\/wp-content\/uploads\/2024\/06\/harald-60s-16x9-final245still009-scaled.jpg\" \/>\n\t<meta property=\"og:image:width\" content=\"2560\" \/>\n\t<meta property=\"og:image:height\" content=\"1440\" \/>\n\t<meta property=\"og:image:type\" content=\"image\/jpeg\" \/>\n<meta name=\"author\" content=\"CROWD\" \/>\n<meta name=\"twitter:card\" content=\"summary_large_image\" \/>\n<meta name=\"twitter:label1\" content=\"Escrito por\" \/>\n\t<meta name=\"twitter:data1\" content=\"CROWD\" \/>\n\t<meta name=\"twitter:label2\" content=\"Est. tempo de leitura\" \/>\n\t<meta name=\"twitter:data2\" content=\"2 minutos\" \/>\n<script type=\"application\/ld+json\" class=\"yoast-schema-graph\">{\"@context\":\"https:\/\/schema.org\",\"@graph\":[{\"@type\":\"Article\",\"@id\":\"https:\/\/homolog.harald.com.br\/site-2026\/blog\/promocao-faz-com-t-de-top-vai-ate-setembro\/#article\",\"isPartOf\":{\"@id\":\"https:\/\/homolog.harald.com.br\/site-2026\/blog\/promocao-faz-com-t-de-top-vai-ate-setembro\/\"},\"author\":{\"name\":\"CROWD\",\"@id\":\"https:\/\/homolog.harald.com.br\/site-2026\/#\/schema\/person\/474c783c0a4a997b6352b8b626175b12\"},\"headline\":\"Promo\u00e7\u00e3o &#8220;Faz com T de TOP&#8221; vai at\u00e9 setembro\",\"datePublished\":\"2024-08-23T14:31:17+00:00\",\"dateModified\":\"2024-08-27T14:40:22+00:00\",\"mainEntityOfPage\":{\"@id\":\"https:\/\/homolog.harald.com.br\/site-2026\/blog\/promocao-faz-com-t-de-top-vai-ate-setembro\/\"},\"wordCount\":359,\"publisher\":{\"@id\":\"https:\/\/homolog.harald.com.br\/site-2026\/#organization\"},\"image\":{\"@id\":\"https:\/\/homolog.harald.com.br\/site-2026\/blog\/promocao-faz-com-t-de-top-vai-ate-setembro\/#primaryimage\"},\"thumbnailUrl\":\"https:\/\/homolog.harald.com.br\/site-2026\/wp-content\/uploads\/2024\/06\/harald-60s-16x9-final245still009-scaled.jpg\",\"articleSection\":[\"Not\u00edcias\"],\"inLanguage\":\"pt-BR\"},{\"@type\":\"WebPage\",\"@id\":\"https:\/\/homolog.harald.com.br\/site-2026\/blog\/promocao-faz-com-t-de-top-vai-ate-setembro\/\",\"url\":\"https:\/\/homolog.harald.com.br\/site-2026\/blog\/promocao-faz-com-t-de-top-vai-ate-setembro\/\",\"name\":\"Promo\u00e7\u00e3o \\\"Faz com T de TOP\\\" vai at\u00e9 setembro - Harald\",\"isPartOf\":{\"@id\":\"https:\/\/homolog.harald.com.br\/site-2026\/#website\"},\"primaryImageOfPage\":{\"@id\":\"https:\/\/homolog.harald.com.br\/site-2026\/blog\/promocao-faz-com-t-de-top-vai-ate-setembro\/#primaryimage\"},\"image\":{\"@id\":\"https:\/\/homolog.harald.com.br\/site-2026\/blog\/promocao-faz-com-t-de-top-vai-ate-setembro\/#primaryimage\"},\"thumbnailUrl\":\"https:\/\/homolog.harald.com.br\/site-2026\/wp-content\/uploads\/2024\/06\/harald-60s-16x9-final245still009-scaled.jpg\",\"datePublished\":\"2024-08-23T14:31:17+00:00\",\"dateModified\":\"2024-08-27T14:40:22+00:00\",\"description\":\"Participe da promo\u00e7\u00e3o \\\"Faz com T de TOP\\\" da Harald at\u00e9 13 de setembro e concorra a R$ 100 mil, e uma consultoria exclusiva com T\u00e1bata Romero!\",\"breadcrumb\":{\"@id\":\"https:\/\/homolog.harald.com.br\/site-2026\/blog\/promocao-faz-com-t-de-top-vai-ate-setembro\/#breadcrumb\"},\"inLanguage\":\"pt-BR\",\"potentialAction\":[{\"@type\":\"ReadAction\",\"target\":[\"https:\/\/homolog.harald.com.br\/site-2026\/blog\/promocao-faz-com-t-de-top-vai-ate-setembro\/\"]}]},{\"@type\":\"ImageObject\",\"inLanguage\":\"pt-BR\",\"@id\":\"https:\/\/homolog.harald.com.br\/site-2026\/blog\/promocao-faz-com-t-de-top-vai-ate-setembro\/#primaryimage\",\"url\":\"https:\/\/homolog.harald.com.br\/site-2026\/wp-content\/uploads\/2024\/06\/harald-60s-16x9-final245still009-scaled.jpg\",\"contentUrl\":\"https:\/\/homolog.harald.com.br\/site-2026\/wp-content\/uploads\/2024\/06\/harald-60s-16x9-final245still009-scaled.jpg\",\"width\":2560,\"height\":1440,\"caption\":\"promo\u00e7\u00e3o Faz com T de TOP\"},{\"@type\":\"BreadcrumbList\",\"@id\":\"https:\/\/homolog.harald.com.br\/site-2026\/blog\/promocao-faz-com-t-de-top-vai-ate-setembro\/#breadcrumb\",\"itemListElement\":[{\"@type\":\"ListItem\",\"position\":1,\"name\":\"In\u00edcio\",\"item\":\"https:\/\/homolog.harald.com.br\/site-2026\/\"},{\"@type\":\"ListItem\",\"position\":2,\"name\":\"Promo\u00e7\u00e3o &#8220;Faz com T de TOP&#8221; vai at\u00e9 setembro\"}]},{\"@type\":\"WebSite\",\"@id\":\"https:\/\/homolog.harald.com.br\/site-2026\/#website\",\"url\":\"https:\/\/homolog.harald.com.br\/site-2026\/\",\"name\":\"Harald\",\"description\":\"Fazer melhor \u00e9 fazer com paix\u00e3o\",\"publisher\":{\"@id\":\"https:\/\/homolog.harald.com.br\/site-2026\/#organization\"},\"potentialAction\":[{\"@type\":\"SearchAction\",\"target\":{\"@type\":\"EntryPoint\",\"urlTemplate\":\"https:\/\/homolog.harald.com.br\/site-2026\/?s={search_term_string}\"},\"query-input\":{\"@type\":\"PropertyValueSpecification\",\"valueRequired\":true,\"valueName\":\"search_term_string\"}}],\"inLanguage\":\"pt-BR\"},{\"@type\":\"Organization\",\"@id\":\"https:\/\/homolog.harald.com.br\/site-2026\/#organization\",\"name\":\"Harald\",\"url\":\"https:\/\/homolog.harald.com.br\/site-2026\/\",\"logo\":{\"@type\":\"ImageObject\",\"inLanguage\":\"pt-BR\",\"@id\":\"https:\/\/homolog.harald.com.br\/site-2026\/#\/schema\/logo\/image\/\",\"url\":\"https:\/\/homolog.harald.com.br\/site-2026\/wp-content\/uploads\/2022\/09\/logo-harald-cmyk-ss.png\",\"contentUrl\":\"https:\/\/homolog.harald.com.br\/site-2026\/wp-content\/uploads\/2022\/09\/logo-harald-cmyk-ss.png\",\"width\":1948,\"height\":1051,\"caption\":\"Harald\"},\"image\":{\"@id\":\"https:\/\/homolog.harald.com.br\/site-2026\/#\/schema\/logo\/image\/\"},\"sameAs\":[\"https:\/\/www.facebook.com\/HaraldChocolates\/\",\"https:\/\/www.youtube.com\/user\/HaraldChocolates\"]},{\"@type\":\"Person\",\"@id\":\"https:\/\/homolog.harald.com.br\/site-2026\/#\/schema\/person\/474c783c0a4a997b6352b8b626175b12\",\"name\":\"CROWD\",\"image\":{\"@type\":\"ImageObject\",\"inLanguage\":\"pt-BR\",\"@id\":\"https:\/\/homolog.harald.com.br\/site-2026\/#\/schema\/person\/image\/\",\"url\":\"https:\/\/secure.gravatar.com\/avatar\/4d8c1df2b3db7e6270e2d04115410a036e98bb8f8dd59ca3c343e438750c76b9?s=96&d=mm&r=g\",\"contentUrl\":\"https:\/\/secure.gravatar.com\/avatar\/4d8c1df2b3db7e6270e2d04115410a036e98bb8f8dd59ca3c343e438750c76b9?s=96&d=mm&r=g\",\"caption\":\"CROWD\"},\"url\":\"https:\/\/homolog.harald.com.br\/site-2026\/blog\/author\/crowd\/\"}]}<\/script>\n<!-- \/ Yoast SEO plugin. -->","yoast_head_json":{"title":"Promo\u00e7\u00e3o \"Faz com T de TOP\" vai at\u00e9 setembro - Harald","description":"Participe da promo\u00e7\u00e3o \"Faz com T de TOP\" da Harald at\u00e9 13 de setembro e concorra a R$ 100 mil, e uma consultoria exclusiva com T\u00e1bata Romero!","robots":{"index":"noindex","follow":"follow","max-snippet":"max-snippet:-1","max-image-preview":"max-image-preview:large","max-video-preview":"max-video-preview:-1"},"og_locale":"pt_BR","og_type":"article","og_title":"Promo\u00e7\u00e3o \"Faz com T de TOP\" vai at\u00e9 setembro - Harald","og_description":"Participe da promo\u00e7\u00e3o \"Faz com T de TOP\" da Harald at\u00e9 13 de setembro e concorra a R$ 100 mil, e uma consultoria exclusiva com T\u00e1bata Romero!","og_url":"https:\/\/homolog.harald.com.br\/site-2026\/blog\/promocao-faz-com-t-de-top-vai-ate-setembro\/","og_site_name":"Harald","article_publisher":"https:\/\/www.facebook.com\/HaraldChocolates\/","article_published_time":"2024-08-23T14:31:17+00:00","article_modified_time":"2024-08-27T14:40:22+00:00","og_image":[{"width":2560,"height":1440,"url":"https:\/\/homolog.harald.com.br\/site-2026\/wp-content\/uploads\/2024\/06\/harald-60s-16x9-final245still009-scaled.jpg","type":"image\/jpeg"}],"author":"CROWD","twitter_card":"summary_large_image","twitter_misc":{"Escrito por":"CROWD","Est. tempo de leitura":"2 minutos"},"schema":{"@context":"https:\/\/schema.org","@graph":[{"@type":"Article","@id":"https:\/\/homolog.harald.com.br\/site-2026\/blog\/promocao-faz-com-t-de-top-vai-ate-setembro\/#article","isPartOf":{"@id":"https:\/\/homolog.harald.com.br\/site-2026\/blog\/promocao-faz-com-t-de-top-vai-ate-setembro\/"},"author":{"name":"CROWD","@id":"https:\/\/homolog.harald.com.br\/site-2026\/#\/schema\/person\/474c783c0a4a997b6352b8b626175b12"},"headline":"Promo\u00e7\u00e3o &#8220;Faz com T de TOP&#8221; vai at\u00e9 setembro","datePublished":"2024-08-23T14:31:17+00:00","dateModified":"2024-08-27T14:40:22+00:00","mainEntityOfPage":{"@id":"https:\/\/homolog.harald.com.br\/site-2026\/blog\/promocao-faz-com-t-de-top-vai-ate-setembro\/"},"wordCount":359,"publisher":{"@id":"https:\/\/homolog.harald.com.br\/site-2026\/#organization"},"image":{"@id":"https:\/\/homolog.harald.com.br\/site-2026\/blog\/promocao-faz-com-t-de-top-vai-ate-setembro\/#primaryimage"},"thumbnailUrl":"https:\/\/homolog.harald.com.br\/site-2026\/wp-content\/uploads\/2024\/06\/harald-60s-16x9-final245still009-scaled.jpg","articleSection":["Not\u00edcias"],"inLanguage":"pt-BR"},{"@type":"WebPage","@id":"https:\/\/homolog.harald.com.br\/site-2026\/blog\/promocao-faz-com-t-de-top-vai-ate-setembro\/","url":"https:\/\/homolog.harald.com.br\/site-2026\/blog\/promocao-faz-com-t-de-top-vai-ate-setembro\/","name":"Promo\u00e7\u00e3o \"Faz com T de TOP\" vai at\u00e9 setembro - Harald","isPartOf":{"@id":"https:\/\/homolog.harald.com.br\/site-2026\/#website"},"primaryImageOfPage":{"@id":"https:\/\/homolog.harald.com.br\/site-2026\/blog\/promocao-faz-com-t-de-top-vai-ate-setembro\/#primaryimage"},"image":{"@id":"https:\/\/homolog.harald.com.br\/site-2026\/blog\/promocao-faz-com-t-de-top-vai-ate-setembro\/#primaryimage"},"thumbnailUrl":"https:\/\/homolog.harald.com.br\/site-2026\/wp-content\/uploads\/2024\/06\/harald-60s-16x9-final245still009-scaled.jpg","datePublished":"2024-08-23T14:31:17+00:00","dateModified":"2024-08-27T14:40:22+00:00","description":"Participe da promo\u00e7\u00e3o \"Faz com T de TOP\" da Harald at\u00e9 13 de setembro e concorra a R$ 100 mil, e uma consultoria exclusiva com T\u00e1bata Romero!","breadcrumb":{"@id":"https:\/\/homolog.harald.com.br\/site-2026\/blog\/promocao-faz-com-t-de-top-vai-ate-setembro\/#breadcrumb"},"inLanguage":"pt-BR","potentialAction":[{"@type":"ReadAction","target":["https:\/\/homolog.harald.com.br\/site-2026\/blog\/promocao-faz-com-t-de-top-vai-ate-setembro\/"]}]},{"@type":"ImageObject","inLanguage":"pt-BR","@id":"https:\/\/homolog.harald.com.br\/site-2026\/blog\/promocao-faz-com-t-de-top-vai-ate-setembro\/#primaryimage","url":"https:\/\/homolog.harald.com.br\/site-2026\/wp-content\/uploads\/2024\/06\/harald-60s-16x9-final245still009-scaled.jpg","contentUrl":"https:\/\/homolog.harald.com.br\/site-2026\/wp-content\/uploads\/2024\/06\/harald-60s-16x9-final245still009-scaled.jpg","width":2560,"height":1440,"caption":"promo\u00e7\u00e3o Faz com T de TOP"},{"@type":"BreadcrumbList","@id":"https:\/\/homolog.harald.com.br\/site-2026\/blog\/promocao-faz-com-t-de-top-vai-ate-setembro\/#breadcrumb","itemListElement":[{"@type":"ListItem","position":1,"name":"In\u00edcio","item":"https:\/\/homolog.harald.com.br\/site-2026\/"},{"@type":"ListItem","position":2,"name":"Promo\u00e7\u00e3o &#8220;Faz com T de TOP&#8221; vai at\u00e9 setembro"}]},{"@type":"WebSite","@id":"https:\/\/homolog.harald.com.br\/site-2026\/#website","url":"https:\/\/homolog.harald.com.br\/site-2026\/","name":"Harald","description":"Fazer melhor \u00e9 fazer com paix\u00e3o","publisher":{"@id":"https:\/\/homolog.harald.com.br\/site-2026\/#organization"},"potentialAction":[{"@type":"SearchAction","target":{"@type":"EntryPoint","urlTemplate":"https:\/\/homolog.harald.com.br\/site-2026\/?s={search_term_string}"},"query-input":{"@type":"PropertyValueSpecification","valueRequired":true,"valueName":"search_term_string"}}],"inLanguage":"pt-BR"},{"@type":"Organization","@id":"https:\/\/homolog.harald.com.br\/site-2026\/#organization","name":"Harald","url":"https:\/\/homolog.harald.com.br\/site-2026\/","logo":{"@type":"ImageObject","inLanguage":"pt-BR","@id":"https:\/\/homolog.harald.com.br\/site-2026\/#\/schema\/logo\/image\/","url":"https:\/\/homolog.harald.com.br\/site-2026\/wp-content\/uploads\/2022\/09\/logo-harald-cmyk-ss.png","contentUrl":"https:\/\/homolog.harald.com.br\/site-2026\/wp-content\/uploads\/2022\/09\/logo-harald-cmyk-ss.png","width":1948,"height":1051,"caption":"Harald"},"image":{"@id":"https:\/\/homolog.harald.com.br\/site-2026\/#\/schema\/logo\/image\/"},"sameAs":["https:\/\/www.facebook.com\/HaraldChocolates\/","https:\/\/www.youtube.com\/user\/HaraldChocolates"]},{"@type":"Person","@id":"https:\/\/homolog.harald.com.br\/site-2026\/#\/schema\/person\/474c783c0a4a997b6352b8b626175b12","name":"CROWD","image":{"@type":"ImageObject","inLanguage":"pt-BR","@id":"https:\/\/homolog.harald.com.br\/site-2026\/#\/schema\/person\/image\/","url":"https:\/\/secure.gravatar.com\/avatar\/4d8c1df2b3db7e6270e2d04115410a036e98bb8f8dd59ca3c343e438750c76b9?s=96&d=mm&r=g","contentUrl":"https:\/\/secure.gravatar.com\/avatar\/4d8c1df2b3db7e6270e2d04115410a036e98bb8f8dd59ca3c343e438750c76b9?s=96&d=mm&r=g","caption":"CROWD"},"url":"https:\/\/homolog.harald.com.br\/site-2026\/blog\/author\/crowd\/"}]}},"uagb_featured_image_src":{"full":["https:\/\/homolog.harald.com.br\/site-2026\/wp-content\/uploads\/2024\/06\/harald-60s-16x9-final245still009-scaled.jpg",2560,1440,false],"thumbnail":["https:\/\/homolog.harald.com.br\/site-2026\/wp-content\/uploads\/2024\/06\/harald-60s-16x9-final245still009-150x150.jpg",150,150,true],"medium":["https:\/\/homolog.harald.com.br\/site-2026\/wp-content\/uploads\/2024\/06\/harald-60s-16x9-final245still009-300x169.jpg",300,169,true],"medium_large":["https:\/\/homolog.harald.com.br\/site-2026\/wp-content\/uploads\/2024\/06\/harald-60s-16x9-final245still009-768x432.jpg",768,432,true],"large":["https:\/\/homolog.harald.com.br\/site-2026\/wp-content\/uploads\/2024\/06\/harald-60s-16x9-final245still009-1024x576.jpg",1024,576,true],"1536x1536":["https:\/\/homolog.harald.com.br\/site-2026\/wp-content\/uploads\/2024\/06\/harald-60s-16x9-final245still009-1536x864.jpg",1536,864,true],"2048x2048":["https:\/\/homolog.harald.com.br\/site-2026\/wp-content\/uploads\/2024\/06\/harald-60s-16x9-final245still009-2048x1152.jpg",2048,1152,true],"full-width":["https:\/\/homolog.harald.com.br\/site-2026\/wp-content\/uploads\/2024\/06\/harald-60s-16x9-final245still009-scaled.jpg",1920,1080,false],"gform-image-choice-sm":["https:\/\/homolog.harald.com.br\/site-2026\/wp-content\/uploads\/2024\/06\/harald-60s-16x9-final245still009-scaled.jpg",300,169,false],"gform-image-choice-md":["https:\/\/homolog.harald.com.br\/site-2026\/wp-content\/uploads\/2024\/06\/harald-60s-16x9-final245still009-scaled.jpg",400,225,false],"gform-image-choice-lg":["https:\/\/homolog.harald.com.br\/site-2026\/wp-content\/uploads\/2024\/06\/harald-60s-16x9-final245still009-scaled.jpg",600,338,false]},"uagb_author_info":{"display_name":"CROWD","author_link":"https:\/\/homolog.harald.com.br\/site-2026\/blog\/author\/crowd\/"},"uagb_comment_info":0,"uagb_excerpt":"Promo\u00e7\u00e3o &#8220;Faz com T de TOP&#8221; da Harald vai at\u00e9 setembro A promo\u00e7\u00e3o \u201cFaz com T de TOP\u201d da Harald oferece aos consumidores a oportunidade de concorrer a um pr\u00eamio de R$ 100 mil, al\u00e9m de outros pr\u00eamios semanais, como geladeiras, kits de produtos da linha TOP e uma consultoria exclusiva com a influenciadora T\u00e1bata&hellip;","_links":{"self":[{"href":"https:\/\/homolog.harald.com.br\/site-2026\/wp-json\/wp\/v2\/posts\/206716","targetHints":{"allow":["GET"]}}],"collection":[{"href":"https:\/\/homolog.harald.com.br\/site-2026\/wp-json\/wp\/v2\/posts"}],"about":[{"href":"https:\/\/homolog.harald.com.br\/site-2026\/wp-json\/wp\/v2\/types\/post"}],"author":[{"embeddable":true,"href":"https:\/\/homolog.harald.com.br\/site-2026\/wp-json\/wp\/v2\/users\/9"}],"replies":[{"embeddable":true,"href":"https:\/\/homolog.harald.com.br\/site-2026\/wp-json\/wp\/v2\/comments?post=206716"}],"version-history":[{"count":1,"href":"https:\/\/homolog.harald.com.br\/site-2026\/wp-json\/wp\/v2\/posts\/206716\/revisions"}],"predecessor-version":[{"id":206718,"href":"https:\/\/homolog.harald.com.br\/site-2026\/wp-json\/wp\/v2\/posts\/206716\/revisions\/206718"}],"wp:featuredmedia":[{"embeddable":true,"href":"https:\/\/homolog.harald.com.br\/site-2026\/wp-json\/wp\/v2\/media\/193457"}],"wp:attachment":[{"href":"https:\/\/homolog.harald.com.br\/site-2026\/wp-json\/wp\/v2\/media?parent=206716"}],"wp:term":[{"taxonomy":"category","embeddable":true,"href":"https:\/\/homolog.harald.com.br\/site-2026\/wp-json\/wp\/v2\/categories?post=206716"},{"taxonomy":"post_tag","embeddable":true,"href":"https:\/\/homolog.harald.com.br\/site-2026\/wp-json\/wp\/v2\/tags?post=206716"},{"taxonomy":"para-seu-negocio","embeddable":true,"href":"https:\/\/homolog.harald.com.br\/site-2026\/wp-json\/wp\/v2\/para-seu-negocio?post=206716"}],"curies":[{"name":"wp","href":"https:\/\/api.w.org\/{rel}","templated":true}]}}