{"id":199050,"date":"2024-07-17T15:21:39","date_gmt":"2024-07-17T18:21:39","guid":{"rendered":"https:\/\/homolog.harald.com.br\/site-2026\/?p=199050"},"modified":"2024-07-17T15:21:39","modified_gmt":"2024-07-17T18:21:39","slug":"harald-lanca-embalagem-de-2kg-do-recheio-confeiteiro","status":"publish","type":"post","link":"https:\/\/homolog.harald.com.br\/site-2026\/blog\/harald-lanca-embalagem-de-2kg-do-recheio-confeiteiro\/","title":{"rendered":"Harald Lan\u00e7a Embalagem de 2kg do Recheio Confeiteiro"},"content":{"rendered":"<h3>Harald Lan\u00e7a Embalagem de 2kg do Recheio Confeiteiro<\/h3>\n<p>A Harald, l\u00edder em coberturas e chocolates para confeitaria e pioneira no mercado de recheios forne\u00e1veis doces, anuncia a extens\u00e3o da linha Confeiteiro com o lan\u00e7amento da embalagem de 2kg do Recheio Forne\u00e1vel Confeiteiro sabor Chocolate Ao Leite. Assim, essa nova embalagem visa atender uma demanda que vai muito al\u00e9m das pizzarias e inclui operadores de food service que trabalham com tapiocas, churros, crepes, past\u00e9is e muitos outros preparos.<\/p>\n<p><img loading=\"lazy\" decoding=\"async\" class=\"aligncenter wp-image-199070\" src=\"https:\/\/homolog.harald.com.br\/site-2026\/wp-content\/uploads\/2024\/07\/pizza.jpg\" alt=\"Recheio Forne\u00e1vel Confeiteiro\" width=\"698\" height=\"393\" srcset=\"https:\/\/homolog.harald.com.br\/site-2026\/wp-content\/uploads\/2024\/07\/pizza.jpg 1920w, https:\/\/homolog.harald.com.br\/site-2026\/wp-content\/uploads\/2024\/07\/pizza-300x169.jpg 300w, https:\/\/homolog.harald.com.br\/site-2026\/wp-content\/uploads\/2024\/07\/pizza-1024x576.jpg 1024w, https:\/\/homolog.harald.com.br\/site-2026\/wp-content\/uploads\/2024\/07\/pizza-768x432.jpg 768w, https:\/\/homolog.harald.com.br\/site-2026\/wp-content\/uploads\/2024\/07\/pizza-1536x864.jpg 1536w\" sizes=\"auto, (max-width: 698px) 100vw, 698px\" \/><\/p>\n<h3>Escuta Ativa dos Consumidores<\/h3>\n<p>A Gerente Executiva de Marketing da Harald, Fernanda Sequetto, fala sobre a nova embalagem que desenvolvida a partir da escuta ativa dos consumidores da marca. \u201cEstamos sempre buscando solu\u00e7\u00f5es para melhorar a produtividade e o custo-benef\u00edcio de nossos consumidores que vem buscando embalagens maiores, proporcionando mais efici\u00eancia e economia.\u201d<\/p>\n<h3>Disponibilidade e Onde Encontrar<\/h3>\n<p>A nova embalagem do <a href=\"https:\/\/homolog.harald.com.br\/site-2026\/produtos\/recheio-forneavel-confeiteiro-sabor-chocolate-ao-leite-201kg\/\">Recheio Forne\u00e1vel Confeiteiro<\/a> pode ser encontrada em atacados e lojas especializadas de todo o Brasil. Al\u00e9m disso, todo o portf\u00f3lio de produtos da linha de 1kg, que inclui os sabores Chocolate Ao Leite, Chocolate Branco e Chocolate com Avel\u00e3, tamb\u00e9m est\u00e1 dispon\u00edvel.<\/p>\n<h3>Conhe\u00e7a a Linha Confeiteiro<\/h3>\n<p>Sobretudo a linha Confeiteiro, da Harald, \u00e9 a mais tradicional da marca, oferecendo solu\u00e7\u00f5es abrangentes e pr\u00e1ticas para os profissionais da confeitaria e food service. Ideal para grandes produ\u00e7\u00f5es, a linha Confeiteiro facilita processos como banhar e cobrir sem necessidade de t\u00eampera. Al\u00e9m disso, \u00e9 perfeita para a produ\u00e7\u00e3o de p\u00e3es, roscas, biscoitos e para rechear, finalizar e decorar com praticidade. Com produtos que atendem pizzarias, padarias, confeitarias e buffets, a linha Confeiteiro se destaca pela qualidade e efici\u00eancia, proporcionando resultados excepcionais para os mais variados tipos de doces e sobremesas.<\/p>\n<p>Por fim, no seu portf\u00f3lio a Harald conta com as marcas Unique, Melken, TOP e Confeiteiro. Fundada em 1982, a empresa faz parte desde 2015 do grupo Fuji Oil, gigante japonesa de atua\u00e7\u00e3o global.<\/p>\n","protected":false},"excerpt":{"rendered":"<p>Harald Lan\u00e7a Embalagem de 2kg do Recheio Confeiteiro A Harald, l\u00edder em coberturas e chocolates para confeitaria e pioneira no mercado de recheios forne\u00e1veis doces, anuncia a extens\u00e3o da linha Confeiteiro com o lan\u00e7amento da embalagem de 2kg do Recheio Forne\u00e1vel Confeiteiro sabor Chocolate Ao Leite. Assim, essa nova embalagem visa atender uma demanda que <a class=\"more-link\" href=\"https:\/\/homolog.harald.com.br\/site-2026\/blog\/harald-lanca-embalagem-de-2kg-do-recheio-confeiteiro\/\">Read more&#8230;<\/a><\/p>\n","protected":false},"author":9,"featured_media":199070,"comment_status":"closed","ping_status":"closed","sticky":false,"template":"","format":"standard","meta":{"_acf_changed":false,"_uag_custom_page_level_css":"","footnotes":""},"categories":[158],"tags":[],"para-seu-negocio":[],"class_list":["post-199050","post","type-post","status-publish","format-standard","has-post-thumbnail","hentry","category-noticias"],"acf":[],"yoast_head":"<!-- This site is optimized with the Yoast SEO plugin v26.3 - https:\/\/yoast.com\/wordpress\/plugins\/seo\/ -->\n<title>Harald Lan\u00e7a Embalagem de 2kg do Recheio Confeiteiro - Harald<\/title>\n<meta name=\"description\" content=\"Descubra a nova embalagem de 2kg do Recheio Forne\u00e1vel Confeiteiro da Harald. Ideal para pizzarias e food service!\" \/>\n<meta name=\"robots\" content=\"noindex, follow, max-snippet:-1, max-image-preview:large, max-video-preview:-1\" \/>\n<meta property=\"og:locale\" content=\"pt_BR\" \/>\n<meta property=\"og:type\" content=\"article\" \/>\n<meta property=\"og:title\" content=\"Harald Lan\u00e7a Embalagem de 2kg do Recheio Confeiteiro - Harald\" \/>\n<meta property=\"og:description\" content=\"Descubra a nova embalagem de 2kg do Recheio Forne\u00e1vel Confeiteiro da Harald. Ideal para pizzarias e food service!\" \/>\n<meta property=\"og:url\" content=\"https:\/\/homolog.harald.com.br\/site-2026\/blog\/harald-lanca-embalagem-de-2kg-do-recheio-confeiteiro\/\" \/>\n<meta property=\"og:site_name\" content=\"Harald\" \/>\n<meta property=\"article:publisher\" content=\"https:\/\/www.facebook.com\/HaraldChocolates\/\" \/>\n<meta property=\"article:published_time\" content=\"2024-07-17T18:21:39+00:00\" \/>\n<meta property=\"og:image\" content=\"https:\/\/homolog.harald.com.br\/site-2026\/wp-content\/uploads\/2024\/07\/pizza.jpg\" \/>\n\t<meta property=\"og:image:width\" content=\"1920\" \/>\n\t<meta property=\"og:image:height\" content=\"1080\" \/>\n\t<meta property=\"og:image:type\" content=\"image\/jpeg\" \/>\n<meta name=\"author\" content=\"CROWD\" \/>\n<meta name=\"twitter:card\" content=\"summary_large_image\" \/>\n<meta name=\"twitter:label1\" content=\"Escrito por\" \/>\n\t<meta name=\"twitter:data1\" content=\"CROWD\" \/>\n\t<meta name=\"twitter:label2\" content=\"Est. tempo de leitura\" \/>\n\t<meta name=\"twitter:data2\" content=\"3 minutos\" \/>\n<script type=\"application\/ld+json\" class=\"yoast-schema-graph\">{\"@context\":\"https:\/\/schema.org\",\"@graph\":[{\"@type\":\"Article\",\"@id\":\"https:\/\/homolog.harald.com.br\/site-2026\/blog\/harald-lanca-embalagem-de-2kg-do-recheio-confeiteiro\/#article\",\"isPartOf\":{\"@id\":\"https:\/\/homolog.harald.com.br\/site-2026\/blog\/harald-lanca-embalagem-de-2kg-do-recheio-confeiteiro\/\"},\"author\":{\"name\":\"CROWD\",\"@id\":\"https:\/\/homolog.harald.com.br\/site-2026\/#\/schema\/person\/474c783c0a4a997b6352b8b626175b12\"},\"headline\":\"Harald Lan\u00e7a Embalagem de 2kg do Recheio Confeiteiro\",\"datePublished\":\"2024-07-17T18:21:39+00:00\",\"mainEntityOfPage\":{\"@id\":\"https:\/\/homolog.harald.com.br\/site-2026\/blog\/harald-lanca-embalagem-de-2kg-do-recheio-confeiteiro\/\"},\"wordCount\":341,\"publisher\":{\"@id\":\"https:\/\/homolog.harald.com.br\/site-2026\/#organization\"},\"image\":{\"@id\":\"https:\/\/homolog.harald.com.br\/site-2026\/blog\/harald-lanca-embalagem-de-2kg-do-recheio-confeiteiro\/#primaryimage\"},\"thumbnailUrl\":\"https:\/\/homolog.harald.com.br\/site-2026\/wp-content\/uploads\/2024\/07\/pizza.jpg\",\"articleSection\":[\"Not\u00edcias\"],\"inLanguage\":\"pt-BR\"},{\"@type\":\"WebPage\",\"@id\":\"https:\/\/homolog.harald.com.br\/site-2026\/blog\/harald-lanca-embalagem-de-2kg-do-recheio-confeiteiro\/\",\"url\":\"https:\/\/homolog.harald.com.br\/site-2026\/blog\/harald-lanca-embalagem-de-2kg-do-recheio-confeiteiro\/\",\"name\":\"Harald Lan\u00e7a Embalagem de 2kg do Recheio Confeiteiro - Harald\",\"isPartOf\":{\"@id\":\"https:\/\/homolog.harald.com.br\/site-2026\/#website\"},\"primaryImageOfPage\":{\"@id\":\"https:\/\/homolog.harald.com.br\/site-2026\/blog\/harald-lanca-embalagem-de-2kg-do-recheio-confeiteiro\/#primaryimage\"},\"image\":{\"@id\":\"https:\/\/homolog.harald.com.br\/site-2026\/blog\/harald-lanca-embalagem-de-2kg-do-recheio-confeiteiro\/#primaryimage\"},\"thumbnailUrl\":\"https:\/\/homolog.harald.com.br\/site-2026\/wp-content\/uploads\/2024\/07\/pizza.jpg\",\"datePublished\":\"2024-07-17T18:21:39+00:00\",\"description\":\"Descubra a nova embalagem de 2kg do Recheio Forne\u00e1vel Confeiteiro da Harald. Ideal para pizzarias e food service!\",\"breadcrumb\":{\"@id\":\"https:\/\/homolog.harald.com.br\/site-2026\/blog\/harald-lanca-embalagem-de-2kg-do-recheio-confeiteiro\/#breadcrumb\"},\"inLanguage\":\"pt-BR\",\"potentialAction\":[{\"@type\":\"ReadAction\",\"target\":[\"https:\/\/homolog.harald.com.br\/site-2026\/blog\/harald-lanca-embalagem-de-2kg-do-recheio-confeiteiro\/\"]}]},{\"@type\":\"ImageObject\",\"inLanguage\":\"pt-BR\",\"@id\":\"https:\/\/homolog.harald.com.br\/site-2026\/blog\/harald-lanca-embalagem-de-2kg-do-recheio-confeiteiro\/#primaryimage\",\"url\":\"https:\/\/homolog.harald.com.br\/site-2026\/wp-content\/uploads\/2024\/07\/pizza.jpg\",\"contentUrl\":\"https:\/\/homolog.harald.com.br\/site-2026\/wp-content\/uploads\/2024\/07\/pizza.jpg\",\"width\":1920,\"height\":1080,\"caption\":\"Recheio Forne\u00e1vel Confeiteiro\"},{\"@type\":\"BreadcrumbList\",\"@id\":\"https:\/\/homolog.harald.com.br\/site-2026\/blog\/harald-lanca-embalagem-de-2kg-do-recheio-confeiteiro\/#breadcrumb\",\"itemListElement\":[{\"@type\":\"ListItem\",\"position\":1,\"name\":\"In\u00edcio\",\"item\":\"https:\/\/homolog.harald.com.br\/site-2026\/\"},{\"@type\":\"ListItem\",\"position\":2,\"name\":\"Harald Lan\u00e7a Embalagem de 2kg do Recheio Confeiteiro\"}]},{\"@type\":\"WebSite\",\"@id\":\"https:\/\/homolog.harald.com.br\/site-2026\/#website\",\"url\":\"https:\/\/homolog.harald.com.br\/site-2026\/\",\"name\":\"Harald\",\"description\":\"Fazer melhor \u00e9 fazer com paix\u00e3o\",\"publisher\":{\"@id\":\"https:\/\/homolog.harald.com.br\/site-2026\/#organization\"},\"potentialAction\":[{\"@type\":\"SearchAction\",\"target\":{\"@type\":\"EntryPoint\",\"urlTemplate\":\"https:\/\/homolog.harald.com.br\/site-2026\/?s={search_term_string}\"},\"query-input\":{\"@type\":\"PropertyValueSpecification\",\"valueRequired\":true,\"valueName\":\"search_term_string\"}}],\"inLanguage\":\"pt-BR\"},{\"@type\":\"Organization\",\"@id\":\"https:\/\/homolog.harald.com.br\/site-2026\/#organization\",\"name\":\"Harald\",\"url\":\"https:\/\/homolog.harald.com.br\/site-2026\/\",\"logo\":{\"@type\":\"ImageObject\",\"inLanguage\":\"pt-BR\",\"@id\":\"https:\/\/homolog.harald.com.br\/site-2026\/#\/schema\/logo\/image\/\",\"url\":\"https:\/\/homolog.harald.com.br\/site-2026\/wp-content\/uploads\/2022\/09\/logo-harald-cmyk-ss.png\",\"contentUrl\":\"https:\/\/homolog.harald.com.br\/site-2026\/wp-content\/uploads\/2022\/09\/logo-harald-cmyk-ss.png\",\"width\":1948,\"height\":1051,\"caption\":\"Harald\"},\"image\":{\"@id\":\"https:\/\/homolog.harald.com.br\/site-2026\/#\/schema\/logo\/image\/\"},\"sameAs\":[\"https:\/\/www.facebook.com\/HaraldChocolates\/\",\"https:\/\/www.youtube.com\/user\/HaraldChocolates\"]},{\"@type\":\"Person\",\"@id\":\"https:\/\/homolog.harald.com.br\/site-2026\/#\/schema\/person\/474c783c0a4a997b6352b8b626175b12\",\"name\":\"CROWD\",\"image\":{\"@type\":\"ImageObject\",\"inLanguage\":\"pt-BR\",\"@id\":\"https:\/\/homolog.harald.com.br\/site-2026\/#\/schema\/person\/image\/\",\"url\":\"https:\/\/secure.gravatar.com\/avatar\/4d8c1df2b3db7e6270e2d04115410a036e98bb8f8dd59ca3c343e438750c76b9?s=96&d=mm&r=g\",\"contentUrl\":\"https:\/\/secure.gravatar.com\/avatar\/4d8c1df2b3db7e6270e2d04115410a036e98bb8f8dd59ca3c343e438750c76b9?s=96&d=mm&r=g\",\"caption\":\"CROWD\"},\"url\":\"https:\/\/homolog.harald.com.br\/site-2026\/blog\/author\/crowd\/\"}]}<\/script>\n<!-- \/ Yoast SEO plugin. -->","yoast_head_json":{"title":"Harald Lan\u00e7a Embalagem de 2kg do Recheio Confeiteiro - Harald","description":"Descubra a nova embalagem de 2kg do Recheio Forne\u00e1vel Confeiteiro da Harald. Ideal para pizzarias e food service!","robots":{"index":"noindex","follow":"follow","max-snippet":"max-snippet:-1","max-image-preview":"max-image-preview:large","max-video-preview":"max-video-preview:-1"},"og_locale":"pt_BR","og_type":"article","og_title":"Harald Lan\u00e7a Embalagem de 2kg do Recheio Confeiteiro - Harald","og_description":"Descubra a nova embalagem de 2kg do Recheio Forne\u00e1vel Confeiteiro da Harald. Ideal para pizzarias e food service!","og_url":"https:\/\/homolog.harald.com.br\/site-2026\/blog\/harald-lanca-embalagem-de-2kg-do-recheio-confeiteiro\/","og_site_name":"Harald","article_publisher":"https:\/\/www.facebook.com\/HaraldChocolates\/","article_published_time":"2024-07-17T18:21:39+00:00","og_image":[{"width":1920,"height":1080,"url":"https:\/\/homolog.harald.com.br\/site-2026\/wp-content\/uploads\/2024\/07\/pizza.jpg","type":"image\/jpeg"}],"author":"CROWD","twitter_card":"summary_large_image","twitter_misc":{"Escrito por":"CROWD","Est. tempo de leitura":"3 minutos"},"schema":{"@context":"https:\/\/schema.org","@graph":[{"@type":"Article","@id":"https:\/\/homolog.harald.com.br\/site-2026\/blog\/harald-lanca-embalagem-de-2kg-do-recheio-confeiteiro\/#article","isPartOf":{"@id":"https:\/\/homolog.harald.com.br\/site-2026\/blog\/harald-lanca-embalagem-de-2kg-do-recheio-confeiteiro\/"},"author":{"name":"CROWD","@id":"https:\/\/homolog.harald.com.br\/site-2026\/#\/schema\/person\/474c783c0a4a997b6352b8b626175b12"},"headline":"Harald Lan\u00e7a Embalagem de 2kg do Recheio Confeiteiro","datePublished":"2024-07-17T18:21:39+00:00","mainEntityOfPage":{"@id":"https:\/\/homolog.harald.com.br\/site-2026\/blog\/harald-lanca-embalagem-de-2kg-do-recheio-confeiteiro\/"},"wordCount":341,"publisher":{"@id":"https:\/\/homolog.harald.com.br\/site-2026\/#organization"},"image":{"@id":"https:\/\/homolog.harald.com.br\/site-2026\/blog\/harald-lanca-embalagem-de-2kg-do-recheio-confeiteiro\/#primaryimage"},"thumbnailUrl":"https:\/\/homolog.harald.com.br\/site-2026\/wp-content\/uploads\/2024\/07\/pizza.jpg","articleSection":["Not\u00edcias"],"inLanguage":"pt-BR"},{"@type":"WebPage","@id":"https:\/\/homolog.harald.com.br\/site-2026\/blog\/harald-lanca-embalagem-de-2kg-do-recheio-confeiteiro\/","url":"https:\/\/homolog.harald.com.br\/site-2026\/blog\/harald-lanca-embalagem-de-2kg-do-recheio-confeiteiro\/","name":"Harald Lan\u00e7a Embalagem de 2kg do Recheio Confeiteiro - Harald","isPartOf":{"@id":"https:\/\/homolog.harald.com.br\/site-2026\/#website"},"primaryImageOfPage":{"@id":"https:\/\/homolog.harald.com.br\/site-2026\/blog\/harald-lanca-embalagem-de-2kg-do-recheio-confeiteiro\/#primaryimage"},"image":{"@id":"https:\/\/homolog.harald.com.br\/site-2026\/blog\/harald-lanca-embalagem-de-2kg-do-recheio-confeiteiro\/#primaryimage"},"thumbnailUrl":"https:\/\/homolog.harald.com.br\/site-2026\/wp-content\/uploads\/2024\/07\/pizza.jpg","datePublished":"2024-07-17T18:21:39+00:00","description":"Descubra a nova embalagem de 2kg do Recheio Forne\u00e1vel Confeiteiro da Harald. Ideal para pizzarias e food service!","breadcrumb":{"@id":"https:\/\/homolog.harald.com.br\/site-2026\/blog\/harald-lanca-embalagem-de-2kg-do-recheio-confeiteiro\/#breadcrumb"},"inLanguage":"pt-BR","potentialAction":[{"@type":"ReadAction","target":["https:\/\/homolog.harald.com.br\/site-2026\/blog\/harald-lanca-embalagem-de-2kg-do-recheio-confeiteiro\/"]}]},{"@type":"ImageObject","inLanguage":"pt-BR","@id":"https:\/\/homolog.harald.com.br\/site-2026\/blog\/harald-lanca-embalagem-de-2kg-do-recheio-confeiteiro\/#primaryimage","url":"https:\/\/homolog.harald.com.br\/site-2026\/wp-content\/uploads\/2024\/07\/pizza.jpg","contentUrl":"https:\/\/homolog.harald.com.br\/site-2026\/wp-content\/uploads\/2024\/07\/pizza.jpg","width":1920,"height":1080,"caption":"Recheio Forne\u00e1vel Confeiteiro"},{"@type":"BreadcrumbList","@id":"https:\/\/homolog.harald.com.br\/site-2026\/blog\/harald-lanca-embalagem-de-2kg-do-recheio-confeiteiro\/#breadcrumb","itemListElement":[{"@type":"ListItem","position":1,"name":"In\u00edcio","item":"https:\/\/homolog.harald.com.br\/site-2026\/"},{"@type":"ListItem","position":2,"name":"Harald Lan\u00e7a Embalagem de 2kg do Recheio Confeiteiro"}]},{"@type":"WebSite","@id":"https:\/\/homolog.harald.com.br\/site-2026\/#website","url":"https:\/\/homolog.harald.com.br\/site-2026\/","name":"Harald","description":"Fazer melhor \u00e9 fazer com paix\u00e3o","publisher":{"@id":"https:\/\/homolog.harald.com.br\/site-2026\/#organization"},"potentialAction":[{"@type":"SearchAction","target":{"@type":"EntryPoint","urlTemplate":"https:\/\/homolog.harald.com.br\/site-2026\/?s={search_term_string}"},"query-input":{"@type":"PropertyValueSpecification","valueRequired":true,"valueName":"search_term_string"}}],"inLanguage":"pt-BR"},{"@type":"Organization","@id":"https:\/\/homolog.harald.com.br\/site-2026\/#organization","name":"Harald","url":"https:\/\/homolog.harald.com.br\/site-2026\/","logo":{"@type":"ImageObject","inLanguage":"pt-BR","@id":"https:\/\/homolog.harald.com.br\/site-2026\/#\/schema\/logo\/image\/","url":"https:\/\/homolog.harald.com.br\/site-2026\/wp-content\/uploads\/2022\/09\/logo-harald-cmyk-ss.png","contentUrl":"https:\/\/homolog.harald.com.br\/site-2026\/wp-content\/uploads\/2022\/09\/logo-harald-cmyk-ss.png","width":1948,"height":1051,"caption":"Harald"},"image":{"@id":"https:\/\/homolog.harald.com.br\/site-2026\/#\/schema\/logo\/image\/"},"sameAs":["https:\/\/www.facebook.com\/HaraldChocolates\/","https:\/\/www.youtube.com\/user\/HaraldChocolates"]},{"@type":"Person","@id":"https:\/\/homolog.harald.com.br\/site-2026\/#\/schema\/person\/474c783c0a4a997b6352b8b626175b12","name":"CROWD","image":{"@type":"ImageObject","inLanguage":"pt-BR","@id":"https:\/\/homolog.harald.com.br\/site-2026\/#\/schema\/person\/image\/","url":"https:\/\/secure.gravatar.com\/avatar\/4d8c1df2b3db7e6270e2d04115410a036e98bb8f8dd59ca3c343e438750c76b9?s=96&d=mm&r=g","contentUrl":"https:\/\/secure.gravatar.com\/avatar\/4d8c1df2b3db7e6270e2d04115410a036e98bb8f8dd59ca3c343e438750c76b9?s=96&d=mm&r=g","caption":"CROWD"},"url":"https:\/\/homolog.harald.com.br\/site-2026\/blog\/author\/crowd\/"}]}},"uagb_featured_image_src":{"full":["https:\/\/homolog.harald.com.br\/site-2026\/wp-content\/uploads\/2024\/07\/pizza.jpg",1920,1080,false],"thumbnail":["https:\/\/homolog.harald.com.br\/site-2026\/wp-content\/uploads\/2024\/07\/pizza-150x150.jpg",150,150,true],"medium":["https:\/\/homolog.harald.com.br\/site-2026\/wp-content\/uploads\/2024\/07\/pizza-300x169.jpg",300,169,true],"medium_large":["https:\/\/homolog.harald.com.br\/site-2026\/wp-content\/uploads\/2024\/07\/pizza-768x432.jpg",768,432,true],"large":["https:\/\/homolog.harald.com.br\/site-2026\/wp-content\/uploads\/2024\/07\/pizza-1024x576.jpg",1024,576,true],"1536x1536":["https:\/\/homolog.harald.com.br\/site-2026\/wp-content\/uploads\/2024\/07\/pizza-1536x864.jpg",1536,864,true],"2048x2048":["https:\/\/homolog.harald.com.br\/site-2026\/wp-content\/uploads\/2024\/07\/pizza.jpg",1920,1080,false],"full-width":["https:\/\/homolog.harald.com.br\/site-2026\/wp-content\/uploads\/2024\/07\/pizza.jpg",1920,1080,false],"gform-image-choice-sm":["https:\/\/homolog.harald.com.br\/site-2026\/wp-content\/uploads\/2024\/07\/pizza.jpg",300,169,false],"gform-image-choice-md":["https:\/\/homolog.harald.com.br\/site-2026\/wp-content\/uploads\/2024\/07\/pizza.jpg",400,225,false],"gform-image-choice-lg":["https:\/\/homolog.harald.com.br\/site-2026\/wp-content\/uploads\/2024\/07\/pizza.jpg",600,338,false]},"uagb_author_info":{"display_name":"CROWD","author_link":"https:\/\/homolog.harald.com.br\/site-2026\/blog\/author\/crowd\/"},"uagb_comment_info":0,"uagb_excerpt":"Harald Lan\u00e7a Embalagem de 2kg do Recheio Confeiteiro A Harald, l\u00edder em coberturas e chocolates para confeitaria e pioneira no mercado de recheios forne\u00e1veis doces, anuncia a extens\u00e3o da linha Confeiteiro com o lan\u00e7amento da embalagem de 2kg do Recheio Forne\u00e1vel Confeiteiro sabor Chocolate Ao Leite. Assim, essa nova embalagem visa atender uma demanda que&hellip;","_links":{"self":[{"href":"https:\/\/homolog.harald.com.br\/site-2026\/wp-json\/wp\/v2\/posts\/199050","targetHints":{"allow":["GET"]}}],"collection":[{"href":"https:\/\/homolog.harald.com.br\/site-2026\/wp-json\/wp\/v2\/posts"}],"about":[{"href":"https:\/\/homolog.harald.com.br\/site-2026\/wp-json\/wp\/v2\/types\/post"}],"author":[{"embeddable":true,"href":"https:\/\/homolog.harald.com.br\/site-2026\/wp-json\/wp\/v2\/users\/9"}],"replies":[{"embeddable":true,"href":"https:\/\/homolog.harald.com.br\/site-2026\/wp-json\/wp\/v2\/comments?post=199050"}],"version-history":[{"count":1,"href":"https:\/\/homolog.harald.com.br\/site-2026\/wp-json\/wp\/v2\/posts\/199050\/revisions"}],"predecessor-version":[{"id":199085,"href":"https:\/\/homolog.harald.com.br\/site-2026\/wp-json\/wp\/v2\/posts\/199050\/revisions\/199085"}],"wp:featuredmedia":[{"embeddable":true,"href":"https:\/\/homolog.harald.com.br\/site-2026\/wp-json\/wp\/v2\/media\/199070"}],"wp:attachment":[{"href":"https:\/\/homolog.harald.com.br\/site-2026\/wp-json\/wp\/v2\/media?parent=199050"}],"wp:term":[{"taxonomy":"category","embeddable":true,"href":"https:\/\/homolog.harald.com.br\/site-2026\/wp-json\/wp\/v2\/categories?post=199050"},{"taxonomy":"post_tag","embeddable":true,"href":"https:\/\/homolog.harald.com.br\/site-2026\/wp-json\/wp\/v2\/tags?post=199050"},{"taxonomy":"para-seu-negocio","embeddable":true,"href":"https:\/\/homolog.harald.com.br\/site-2026\/wp-json\/wp\/v2\/para-seu-negocio?post=199050"}],"curies":[{"name":"wp","href":"https:\/\/api.w.org\/{rel}","templated":true}]}}