{"id":197967,"date":"2024-07-04T11:13:33","date_gmt":"2024-07-04T14:13:33","guid":{"rendered":"https:\/\/homolog.harald.com.br\/site-2026\/?p=197967"},"modified":"2024-07-11T11:52:03","modified_gmt":"2024-07-11T14:52:03","slug":"vagas-na-harald-para-separador-em-santana-de-parnaiba","status":"publish","type":"post","link":"https:\/\/homolog.harald.com.br\/site-2026\/blog\/vagas-na-harald-para-separador-em-santana-de-parnaiba\/","title":{"rendered":"Vagas na Harald para Separador em Santana de Parna\u00edba"},"content":{"rendered":"<h3>Harald Abre Vagas para Separador na F\u00e1brica da Fazendinha em Santana de Parna\u00edba<\/h3>\n<p>A Harald divulgou nesta quinta-feira (4) novas oportunidades para o cargo de separador em sua unidade localizada no bairro da Fazendinha, em Santana de Parna\u00edba. Portanto, as fun\u00e7\u00f5es incluem a separa\u00e7\u00e3o de produtos acabados utilizando coletor de dados e meios de transporte como carrinhos hidr\u00e1ulicos e paleteiras el\u00e9tricas. Essa atividade visa a estocagem adequada dos produtos e sua posterior expedi\u00e7\u00e3o.<\/p>\n<p><strong>Detalhes da Vaga e Como Se Candidatar:<\/strong><\/p>\n<p>Interessados podem obter mais informa\u00e7\u00f5es sobre a vaga e cadastrar seus curr\u00edculos diretamente no site da empresa, as inscri\u00e7\u00f5es estar\u00e3o abertas at\u00e9 20 de julho.<\/p>\n<p><strong>Responsabilidades e Atribui\u00e7\u00f5es:<\/strong><\/p>\n<ul>\n<li>Realizar a separa\u00e7\u00e3o de produtos acabados utilizando coletor de dados e meios de transporte como carrinhos hidr\u00e1ulicos e paleteiras el\u00e9tricas para estocagem e expedi\u00e7\u00e3o.<\/li>\n<li>Apoiar opera\u00e7\u00f5es de invent\u00e1rio.<\/li>\n<li>Carregar e descarregar de acordo com a transfer\u00eancia de produtos acabados e mat\u00e9ria-prima.<\/li>\n<li>Organizar e manter limpos os Armaz\u00e9ns de Produto Acabado e Mat\u00e9ria-Prima.<\/li>\n<li>Seguir orienta\u00e7\u00f5es e procedimentos de qualidade, Boas Pr\u00e1ticas de Fabrica\u00e7\u00e3o (BPF) e seguran\u00e7a alimentar.<\/li>\n<li>Preencher formul\u00e1rios e check-lists de acompanhamento do processo e qualidade, visando melhorar continuamente os resultados e a satisfa\u00e7\u00e3o do cliente.<\/li>\n<li>Monitorar dispositivos de medi\u00e7\u00e3o e monitoramento espec\u00edficos para garantir a seguran\u00e7a dos alimentos.<\/li>\n<\/ul>\n<p>Assim, n\u00e3o perca a oportunidade de se candidatar das vagas da <a href=\"https:\/\/homolog.harald.com.br\/site-2026\/\">Harald<\/a> \u00e9 fazer parte da equipe na Fazendinha em Santana de Parna\u00edba. Acesse o site da empresa para mais detalhes e inscri\u00e7\u00e3o.<\/p>\n","protected":false},"excerpt":{"rendered":"<p>Harald Abre Vagas para Separador na F\u00e1brica da Fazendinha em Santana de Parna\u00edba A Harald divulgou nesta quinta-feira (4) novas oportunidades para o cargo de separador em sua unidade localizada no bairro da Fazendinha, em Santana de Parna\u00edba. Portanto, as fun\u00e7\u00f5es incluem a separa\u00e7\u00e3o de produtos acabados utilizando coletor de dados e meios de transporte <a class=\"more-link\" href=\"https:\/\/homolog.harald.com.br\/site-2026\/blog\/vagas-na-harald-para-separador-em-santana-de-parnaiba\/\">Read more&#8230;<\/a><\/p>\n","protected":false},"author":9,"featured_media":198000,"comment_status":"closed","ping_status":"closed","sticky":false,"template":"","format":"standard","meta":{"_acf_changed":false,"_uag_custom_page_level_css":"","footnotes":""},"categories":[158],"tags":[],"para-seu-negocio":[],"class_list":["post-197967","post","type-post","status-publish","format-standard","has-post-thumbnail","hentry","category-noticias"],"acf":[],"yoast_head":"<!-- This site is optimized with the Yoast SEO plugin v26.3 - https:\/\/yoast.com\/wordpress\/plugins\/seo\/ -->\n<title>Vagas na Harald para Separador em Santana de Parna\u00edba - Harald<\/title>\n<meta name=\"description\" content=\"Descubra as novas oportunidades de vagas na Harald, para separador na f\u00e1brica da Fazendinha em Santana de Parna\u00edba.\" \/>\n<meta name=\"robots\" content=\"noindex, follow, max-snippet:-1, max-image-preview:large, max-video-preview:-1\" \/>\n<meta property=\"og:locale\" content=\"pt_BR\" \/>\n<meta property=\"og:type\" content=\"article\" \/>\n<meta property=\"og:title\" content=\"Vagas na Harald para Separador em Santana de Parna\u00edba - Harald\" \/>\n<meta property=\"og:description\" content=\"Descubra as novas oportunidades de vagas na Harald, para separador na f\u00e1brica da Fazendinha em Santana de Parna\u00edba.\" \/>\n<meta property=\"og:url\" content=\"https:\/\/homolog.harald.com.br\/site-2026\/blog\/vagas-na-harald-para-separador-em-santana-de-parnaiba\/\" \/>\n<meta property=\"og:site_name\" content=\"Harald\" \/>\n<meta property=\"article:publisher\" content=\"https:\/\/www.facebook.com\/HaraldChocolates\/\" \/>\n<meta property=\"article:published_time\" content=\"2024-07-04T14:13:33+00:00\" \/>\n<meta property=\"article:modified_time\" content=\"2024-07-11T14:52:03+00:00\" \/>\n<meta property=\"og:image\" content=\"https:\/\/homolog.harald.com.br\/site-2026\/wp-content\/uploads\/2024\/07\/vagas-harald.jpg\" \/>\n\t<meta property=\"og:image:width\" content=\"826\" \/>\n\t<meta property=\"og:image:height\" content=\"465\" \/>\n\t<meta property=\"og:image:type\" content=\"image\/jpeg\" \/>\n<meta name=\"author\" content=\"CROWD\" \/>\n<meta name=\"twitter:card\" content=\"summary_large_image\" \/>\n<meta name=\"twitter:label1\" content=\"Escrito por\" \/>\n\t<meta name=\"twitter:data1\" content=\"CROWD\" \/>\n\t<meta name=\"twitter:label2\" content=\"Est. tempo de leitura\" \/>\n\t<meta name=\"twitter:data2\" content=\"2 minutos\" \/>\n<script type=\"application\/ld+json\" class=\"yoast-schema-graph\">{\"@context\":\"https:\/\/schema.org\",\"@graph\":[{\"@type\":\"Article\",\"@id\":\"https:\/\/homolog.harald.com.br\/site-2026\/blog\/vagas-na-harald-para-separador-em-santana-de-parnaiba\/#article\",\"isPartOf\":{\"@id\":\"https:\/\/homolog.harald.com.br\/site-2026\/blog\/vagas-na-harald-para-separador-em-santana-de-parnaiba\/\"},\"author\":{\"name\":\"CROWD\",\"@id\":\"https:\/\/homolog.harald.com.br\/site-2026\/#\/schema\/person\/474c783c0a4a997b6352b8b626175b12\"},\"headline\":\"Vagas na Harald para Separador em Santana de Parna\u00edba\",\"datePublished\":\"2024-07-04T14:13:33+00:00\",\"dateModified\":\"2024-07-11T14:52:03+00:00\",\"mainEntityOfPage\":{\"@id\":\"https:\/\/homolog.harald.com.br\/site-2026\/blog\/vagas-na-harald-para-separador-em-santana-de-parnaiba\/\"},\"wordCount\":282,\"publisher\":{\"@id\":\"https:\/\/homolog.harald.com.br\/site-2026\/#organization\"},\"image\":{\"@id\":\"https:\/\/homolog.harald.com.br\/site-2026\/blog\/vagas-na-harald-para-separador-em-santana-de-parnaiba\/#primaryimage\"},\"thumbnailUrl\":\"https:\/\/homolog.harald.com.br\/site-2026\/wp-content\/uploads\/2024\/07\/vagas-harald.jpg\",\"articleSection\":[\"Not\u00edcias\"],\"inLanguage\":\"pt-BR\"},{\"@type\":\"WebPage\",\"@id\":\"https:\/\/homolog.harald.com.br\/site-2026\/blog\/vagas-na-harald-para-separador-em-santana-de-parnaiba\/\",\"url\":\"https:\/\/homolog.harald.com.br\/site-2026\/blog\/vagas-na-harald-para-separador-em-santana-de-parnaiba\/\",\"name\":\"Vagas na Harald para Separador em Santana de Parna\u00edba - Harald\",\"isPartOf\":{\"@id\":\"https:\/\/homolog.harald.com.br\/site-2026\/#website\"},\"primaryImageOfPage\":{\"@id\":\"https:\/\/homolog.harald.com.br\/site-2026\/blog\/vagas-na-harald-para-separador-em-santana-de-parnaiba\/#primaryimage\"},\"image\":{\"@id\":\"https:\/\/homolog.harald.com.br\/site-2026\/blog\/vagas-na-harald-para-separador-em-santana-de-parnaiba\/#primaryimage\"},\"thumbnailUrl\":\"https:\/\/homolog.harald.com.br\/site-2026\/wp-content\/uploads\/2024\/07\/vagas-harald.jpg\",\"datePublished\":\"2024-07-04T14:13:33+00:00\",\"dateModified\":\"2024-07-11T14:52:03+00:00\",\"description\":\"Descubra as novas oportunidades de vagas na Harald, para separador na f\u00e1brica da Fazendinha em Santana de Parna\u00edba.\",\"breadcrumb\":{\"@id\":\"https:\/\/homolog.harald.com.br\/site-2026\/blog\/vagas-na-harald-para-separador-em-santana-de-parnaiba\/#breadcrumb\"},\"inLanguage\":\"pt-BR\",\"potentialAction\":[{\"@type\":\"ReadAction\",\"target\":[\"https:\/\/homolog.harald.com.br\/site-2026\/blog\/vagas-na-harald-para-separador-em-santana-de-parnaiba\/\"]}]},{\"@type\":\"ImageObject\",\"inLanguage\":\"pt-BR\",\"@id\":\"https:\/\/homolog.harald.com.br\/site-2026\/blog\/vagas-na-harald-para-separador-em-santana-de-parnaiba\/#primaryimage\",\"url\":\"https:\/\/homolog.harald.com.br\/site-2026\/wp-content\/uploads\/2024\/07\/vagas-harald.jpg\",\"contentUrl\":\"https:\/\/homolog.harald.com.br\/site-2026\/wp-content\/uploads\/2024\/07\/vagas-harald.jpg\",\"width\":826,\"height\":465,\"caption\":\"vagas harald\"},{\"@type\":\"BreadcrumbList\",\"@id\":\"https:\/\/homolog.harald.com.br\/site-2026\/blog\/vagas-na-harald-para-separador-em-santana-de-parnaiba\/#breadcrumb\",\"itemListElement\":[{\"@type\":\"ListItem\",\"position\":1,\"name\":\"In\u00edcio\",\"item\":\"https:\/\/homolog.harald.com.br\/site-2026\/\"},{\"@type\":\"ListItem\",\"position\":2,\"name\":\"Vagas na Harald para Separador em Santana de Parna\u00edba\"}]},{\"@type\":\"WebSite\",\"@id\":\"https:\/\/homolog.harald.com.br\/site-2026\/#website\",\"url\":\"https:\/\/homolog.harald.com.br\/site-2026\/\",\"name\":\"Harald\",\"description\":\"Fazer melhor \u00e9 fazer com paix\u00e3o\",\"publisher\":{\"@id\":\"https:\/\/homolog.harald.com.br\/site-2026\/#organization\"},\"potentialAction\":[{\"@type\":\"SearchAction\",\"target\":{\"@type\":\"EntryPoint\",\"urlTemplate\":\"https:\/\/homolog.harald.com.br\/site-2026\/?s={search_term_string}\"},\"query-input\":{\"@type\":\"PropertyValueSpecification\",\"valueRequired\":true,\"valueName\":\"search_term_string\"}}],\"inLanguage\":\"pt-BR\"},{\"@type\":\"Organization\",\"@id\":\"https:\/\/homolog.harald.com.br\/site-2026\/#organization\",\"name\":\"Harald\",\"url\":\"https:\/\/homolog.harald.com.br\/site-2026\/\",\"logo\":{\"@type\":\"ImageObject\",\"inLanguage\":\"pt-BR\",\"@id\":\"https:\/\/homolog.harald.com.br\/site-2026\/#\/schema\/logo\/image\/\",\"url\":\"https:\/\/homolog.harald.com.br\/site-2026\/wp-content\/uploads\/2022\/09\/logo-harald-cmyk-ss.png\",\"contentUrl\":\"https:\/\/homolog.harald.com.br\/site-2026\/wp-content\/uploads\/2022\/09\/logo-harald-cmyk-ss.png\",\"width\":1948,\"height\":1051,\"caption\":\"Harald\"},\"image\":{\"@id\":\"https:\/\/homolog.harald.com.br\/site-2026\/#\/schema\/logo\/image\/\"},\"sameAs\":[\"https:\/\/www.facebook.com\/HaraldChocolates\/\",\"https:\/\/www.youtube.com\/user\/HaraldChocolates\"]},{\"@type\":\"Person\",\"@id\":\"https:\/\/homolog.harald.com.br\/site-2026\/#\/schema\/person\/474c783c0a4a997b6352b8b626175b12\",\"name\":\"CROWD\",\"image\":{\"@type\":\"ImageObject\",\"inLanguage\":\"pt-BR\",\"@id\":\"https:\/\/homolog.harald.com.br\/site-2026\/#\/schema\/person\/image\/\",\"url\":\"https:\/\/secure.gravatar.com\/avatar\/4d8c1df2b3db7e6270e2d04115410a036e98bb8f8dd59ca3c343e438750c76b9?s=96&d=mm&r=g\",\"contentUrl\":\"https:\/\/secure.gravatar.com\/avatar\/4d8c1df2b3db7e6270e2d04115410a036e98bb8f8dd59ca3c343e438750c76b9?s=96&d=mm&r=g\",\"caption\":\"CROWD\"},\"url\":\"https:\/\/homolog.harald.com.br\/site-2026\/blog\/author\/crowd\/\"}]}<\/script>\n<!-- \/ Yoast SEO plugin. -->","yoast_head_json":{"title":"Vagas na Harald para Separador em Santana de Parna\u00edba - Harald","description":"Descubra as novas oportunidades de vagas na Harald, para separador na f\u00e1brica da Fazendinha em Santana de Parna\u00edba.","robots":{"index":"noindex","follow":"follow","max-snippet":"max-snippet:-1","max-image-preview":"max-image-preview:large","max-video-preview":"max-video-preview:-1"},"og_locale":"pt_BR","og_type":"article","og_title":"Vagas na Harald para Separador em Santana de Parna\u00edba - Harald","og_description":"Descubra as novas oportunidades de vagas na Harald, para separador na f\u00e1brica da Fazendinha em Santana de Parna\u00edba.","og_url":"https:\/\/homolog.harald.com.br\/site-2026\/blog\/vagas-na-harald-para-separador-em-santana-de-parnaiba\/","og_site_name":"Harald","article_publisher":"https:\/\/www.facebook.com\/HaraldChocolates\/","article_published_time":"2024-07-04T14:13:33+00:00","article_modified_time":"2024-07-11T14:52:03+00:00","og_image":[{"width":826,"height":465,"url":"https:\/\/homolog.harald.com.br\/site-2026\/wp-content\/uploads\/2024\/07\/vagas-harald.jpg","type":"image\/jpeg"}],"author":"CROWD","twitter_card":"summary_large_image","twitter_misc":{"Escrito por":"CROWD","Est. tempo de leitura":"2 minutos"},"schema":{"@context":"https:\/\/schema.org","@graph":[{"@type":"Article","@id":"https:\/\/homolog.harald.com.br\/site-2026\/blog\/vagas-na-harald-para-separador-em-santana-de-parnaiba\/#article","isPartOf":{"@id":"https:\/\/homolog.harald.com.br\/site-2026\/blog\/vagas-na-harald-para-separador-em-santana-de-parnaiba\/"},"author":{"name":"CROWD","@id":"https:\/\/homolog.harald.com.br\/site-2026\/#\/schema\/person\/474c783c0a4a997b6352b8b626175b12"},"headline":"Vagas na Harald para Separador em Santana de Parna\u00edba","datePublished":"2024-07-04T14:13:33+00:00","dateModified":"2024-07-11T14:52:03+00:00","mainEntityOfPage":{"@id":"https:\/\/homolog.harald.com.br\/site-2026\/blog\/vagas-na-harald-para-separador-em-santana-de-parnaiba\/"},"wordCount":282,"publisher":{"@id":"https:\/\/homolog.harald.com.br\/site-2026\/#organization"},"image":{"@id":"https:\/\/homolog.harald.com.br\/site-2026\/blog\/vagas-na-harald-para-separador-em-santana-de-parnaiba\/#primaryimage"},"thumbnailUrl":"https:\/\/homolog.harald.com.br\/site-2026\/wp-content\/uploads\/2024\/07\/vagas-harald.jpg","articleSection":["Not\u00edcias"],"inLanguage":"pt-BR"},{"@type":"WebPage","@id":"https:\/\/homolog.harald.com.br\/site-2026\/blog\/vagas-na-harald-para-separador-em-santana-de-parnaiba\/","url":"https:\/\/homolog.harald.com.br\/site-2026\/blog\/vagas-na-harald-para-separador-em-santana-de-parnaiba\/","name":"Vagas na Harald para Separador em Santana de Parna\u00edba - Harald","isPartOf":{"@id":"https:\/\/homolog.harald.com.br\/site-2026\/#website"},"primaryImageOfPage":{"@id":"https:\/\/homolog.harald.com.br\/site-2026\/blog\/vagas-na-harald-para-separador-em-santana-de-parnaiba\/#primaryimage"},"image":{"@id":"https:\/\/homolog.harald.com.br\/site-2026\/blog\/vagas-na-harald-para-separador-em-santana-de-parnaiba\/#primaryimage"},"thumbnailUrl":"https:\/\/homolog.harald.com.br\/site-2026\/wp-content\/uploads\/2024\/07\/vagas-harald.jpg","datePublished":"2024-07-04T14:13:33+00:00","dateModified":"2024-07-11T14:52:03+00:00","description":"Descubra as novas oportunidades de vagas na Harald, para separador na f\u00e1brica da Fazendinha em Santana de Parna\u00edba.","breadcrumb":{"@id":"https:\/\/homolog.harald.com.br\/site-2026\/blog\/vagas-na-harald-para-separador-em-santana-de-parnaiba\/#breadcrumb"},"inLanguage":"pt-BR","potentialAction":[{"@type":"ReadAction","target":["https:\/\/homolog.harald.com.br\/site-2026\/blog\/vagas-na-harald-para-separador-em-santana-de-parnaiba\/"]}]},{"@type":"ImageObject","inLanguage":"pt-BR","@id":"https:\/\/homolog.harald.com.br\/site-2026\/blog\/vagas-na-harald-para-separador-em-santana-de-parnaiba\/#primaryimage","url":"https:\/\/homolog.harald.com.br\/site-2026\/wp-content\/uploads\/2024\/07\/vagas-harald.jpg","contentUrl":"https:\/\/homolog.harald.com.br\/site-2026\/wp-content\/uploads\/2024\/07\/vagas-harald.jpg","width":826,"height":465,"caption":"vagas harald"},{"@type":"BreadcrumbList","@id":"https:\/\/homolog.harald.com.br\/site-2026\/blog\/vagas-na-harald-para-separador-em-santana-de-parnaiba\/#breadcrumb","itemListElement":[{"@type":"ListItem","position":1,"name":"In\u00edcio","item":"https:\/\/homolog.harald.com.br\/site-2026\/"},{"@type":"ListItem","position":2,"name":"Vagas na Harald para Separador em Santana de Parna\u00edba"}]},{"@type":"WebSite","@id":"https:\/\/homolog.harald.com.br\/site-2026\/#website","url":"https:\/\/homolog.harald.com.br\/site-2026\/","name":"Harald","description":"Fazer melhor \u00e9 fazer com paix\u00e3o","publisher":{"@id":"https:\/\/homolog.harald.com.br\/site-2026\/#organization"},"potentialAction":[{"@type":"SearchAction","target":{"@type":"EntryPoint","urlTemplate":"https:\/\/homolog.harald.com.br\/site-2026\/?s={search_term_string}"},"query-input":{"@type":"PropertyValueSpecification","valueRequired":true,"valueName":"search_term_string"}}],"inLanguage":"pt-BR"},{"@type":"Organization","@id":"https:\/\/homolog.harald.com.br\/site-2026\/#organization","name":"Harald","url":"https:\/\/homolog.harald.com.br\/site-2026\/","logo":{"@type":"ImageObject","inLanguage":"pt-BR","@id":"https:\/\/homolog.harald.com.br\/site-2026\/#\/schema\/logo\/image\/","url":"https:\/\/homolog.harald.com.br\/site-2026\/wp-content\/uploads\/2022\/09\/logo-harald-cmyk-ss.png","contentUrl":"https:\/\/homolog.harald.com.br\/site-2026\/wp-content\/uploads\/2022\/09\/logo-harald-cmyk-ss.png","width":1948,"height":1051,"caption":"Harald"},"image":{"@id":"https:\/\/homolog.harald.com.br\/site-2026\/#\/schema\/logo\/image\/"},"sameAs":["https:\/\/www.facebook.com\/HaraldChocolates\/","https:\/\/www.youtube.com\/user\/HaraldChocolates"]},{"@type":"Person","@id":"https:\/\/homolog.harald.com.br\/site-2026\/#\/schema\/person\/474c783c0a4a997b6352b8b626175b12","name":"CROWD","image":{"@type":"ImageObject","inLanguage":"pt-BR","@id":"https:\/\/homolog.harald.com.br\/site-2026\/#\/schema\/person\/image\/","url":"https:\/\/secure.gravatar.com\/avatar\/4d8c1df2b3db7e6270e2d04115410a036e98bb8f8dd59ca3c343e438750c76b9?s=96&d=mm&r=g","contentUrl":"https:\/\/secure.gravatar.com\/avatar\/4d8c1df2b3db7e6270e2d04115410a036e98bb8f8dd59ca3c343e438750c76b9?s=96&d=mm&r=g","caption":"CROWD"},"url":"https:\/\/homolog.harald.com.br\/site-2026\/blog\/author\/crowd\/"}]}},"uagb_featured_image_src":{"full":["https:\/\/homolog.harald.com.br\/site-2026\/wp-content\/uploads\/2024\/07\/vagas-harald.jpg",826,465,false],"thumbnail":["https:\/\/homolog.harald.com.br\/site-2026\/wp-content\/uploads\/2024\/07\/vagas-harald-150x150.jpg",150,150,true],"medium":["https:\/\/homolog.harald.com.br\/site-2026\/wp-content\/uploads\/2024\/07\/vagas-harald-300x169.jpg",300,169,true],"medium_large":["https:\/\/homolog.harald.com.br\/site-2026\/wp-content\/uploads\/2024\/07\/vagas-harald-768x432.jpg",768,432,true],"large":["https:\/\/homolog.harald.com.br\/site-2026\/wp-content\/uploads\/2024\/07\/vagas-harald.jpg",826,465,false],"1536x1536":["https:\/\/homolog.harald.com.br\/site-2026\/wp-content\/uploads\/2024\/07\/vagas-harald.jpg",826,465,false],"2048x2048":["https:\/\/homolog.harald.com.br\/site-2026\/wp-content\/uploads\/2024\/07\/vagas-harald.jpg",826,465,false],"full-width":["https:\/\/homolog.harald.com.br\/site-2026\/wp-content\/uploads\/2024\/07\/vagas-harald.jpg",826,465,false],"gform-image-choice-sm":["https:\/\/homolog.harald.com.br\/site-2026\/wp-content\/uploads\/2024\/07\/vagas-harald.jpg",300,169,false],"gform-image-choice-md":["https:\/\/homolog.harald.com.br\/site-2026\/wp-content\/uploads\/2024\/07\/vagas-harald.jpg",400,225,false],"gform-image-choice-lg":["https:\/\/homolog.harald.com.br\/site-2026\/wp-content\/uploads\/2024\/07\/vagas-harald.jpg",600,338,false]},"uagb_author_info":{"display_name":"CROWD","author_link":"https:\/\/homolog.harald.com.br\/site-2026\/blog\/author\/crowd\/"},"uagb_comment_info":0,"uagb_excerpt":"Harald Abre Vagas para Separador na F\u00e1brica da Fazendinha em Santana de Parna\u00edba A Harald divulgou nesta quinta-feira (4) novas oportunidades para o cargo de separador em sua unidade localizada no bairro da Fazendinha, em Santana de Parna\u00edba. Portanto, as fun\u00e7\u00f5es incluem a separa\u00e7\u00e3o de produtos acabados utilizando coletor de dados e meios de transporte&hellip;","_links":{"self":[{"href":"https:\/\/homolog.harald.com.br\/site-2026\/wp-json\/wp\/v2\/posts\/197967","targetHints":{"allow":["GET"]}}],"collection":[{"href":"https:\/\/homolog.harald.com.br\/site-2026\/wp-json\/wp\/v2\/posts"}],"about":[{"href":"https:\/\/homolog.harald.com.br\/site-2026\/wp-json\/wp\/v2\/types\/post"}],"author":[{"embeddable":true,"href":"https:\/\/homolog.harald.com.br\/site-2026\/wp-json\/wp\/v2\/users\/9"}],"replies":[{"embeddable":true,"href":"https:\/\/homolog.harald.com.br\/site-2026\/wp-json\/wp\/v2\/comments?post=197967"}],"version-history":[{"count":2,"href":"https:\/\/homolog.harald.com.br\/site-2026\/wp-json\/wp\/v2\/posts\/197967\/revisions"}],"predecessor-version":[{"id":198008,"href":"https:\/\/homolog.harald.com.br\/site-2026\/wp-json\/wp\/v2\/posts\/197967\/revisions\/198008"}],"wp:featuredmedia":[{"embeddable":true,"href":"https:\/\/homolog.harald.com.br\/site-2026\/wp-json\/wp\/v2\/media\/198000"}],"wp:attachment":[{"href":"https:\/\/homolog.harald.com.br\/site-2026\/wp-json\/wp\/v2\/media?parent=197967"}],"wp:term":[{"taxonomy":"category","embeddable":true,"href":"https:\/\/homolog.harald.com.br\/site-2026\/wp-json\/wp\/v2\/categories?post=197967"},{"taxonomy":"post_tag","embeddable":true,"href":"https:\/\/homolog.harald.com.br\/site-2026\/wp-json\/wp\/v2\/tags?post=197967"},{"taxonomy":"para-seu-negocio","embeddable":true,"href":"https:\/\/homolog.harald.com.br\/site-2026\/wp-json\/wp\/v2\/para-seu-negocio?post=197967"}],"curies":[{"name":"wp","href":"https:\/\/api.w.org\/{rel}","templated":true}]}}