{"id":196772,"date":"2024-07-02T16:29:35","date_gmt":"2024-07-02T19:29:35","guid":{"rendered":"https:\/\/homolog.harald.com.br\/site-2026\/?p=196772"},"modified":"2024-07-03T16:44:23","modified_gmt":"2024-07-03T19:44:23","slug":"receitas-praticas-para-festival-de-inverno","status":"publish","type":"post","link":"https:\/\/homolog.harald.com.br\/site-2026\/blog\/receitas-praticas-para-festival-de-inverno\/","title":{"rendered":"Receitas Pr\u00e1ticas para Festival de Inverno"},"content":{"rendered":"<h2>Receitas Pr\u00e1ticas para Festival de Inverno<\/h2>\n<h3>Del\u00edcias de Inverno: Fondue, Cookies e Chocolate Quente<\/h3>\n<p>O inverno \u00e9 a esta\u00e7\u00e3o perfeita para saborear comidas quentinhas e reconfortantes. Aproveitando essa \u00e9poca, a Harald, l\u00edder em chocolate e cobertura para confeitaria, convidou a chef parceira Vivian Feldman para compartilhar dicas incr\u00edveis para um festival de inverno. Assim com receitas pr\u00e1ticas e deliciosas, voc\u00ea pode reunir amigos e at\u00e9 mesmo empreender, gerando uma renda extra. Confira as sugest\u00f5es:<\/p>\n<h3>Fondue de Chocolate<\/h3>\n<p>O Fondue de Chocolate \u00e9 uma excelente op\u00e7\u00e3o para um bate-papo agrad\u00e1vel entre convidados. Al\u00e9m disso \u00e9 muito pr\u00e1tico e r\u00e1pido de preparar, ele pode ser acompanhado de frutas da esta\u00e7\u00e3o, marshmallows e biscoitos. Utilize o Chocolate Melken Meio Amargo ou ao Leite, creme de leite e frutas variadas como morango, banana, uva e abacaxi.<\/p>\n<p>A chef Vivian Feldman ensina o preparo: \u201cDerreta o chocolate com creme de leite em banho-maria, coloque no aparelho de fondue e sirva com os acompanhamentos de sua prefer\u00eancia.\u201d<\/p>\n<h3>Chocolate Quente Cremoso<\/h3>\n<p>Outra del\u00edcia imperd\u00edvel para o inverno \u00e9 o Chocolate Quente Cremoso. Leve ao fogo brando leite, Chocolate Melken Meio Amargo e amido de milho. Em pouco tempo, voc\u00ea ter\u00e1 uma bebida quentinha e saborosa. Para decorar, utilize canela (opcional) e chantilly.<\/p>\n<h3>Cookies de Chocolate<\/h3>\n<p>A chef Vivian tamb\u00e9m sugere a confec\u00e7\u00e3o de Cookies de Chocolate. Com ingredientes simples, voc\u00ea pode preparar esses biscoitos rapidamente. Junte farinha de trigo, manteiga, a\u00e7\u00facar mascavo, a\u00e7\u00facar refinado, ovos, baunilha, bicarbonato de s\u00f3dio, sal e Chipshow TOP. \u201cMisture todos os ingredientes, forme bolinhas e asse em forno pr\u00e9-aquecido a 180\u00b0C. Em aproximadamente 12 minutos, voc\u00ea ter\u00e1 cookies deliciosos\u201d, orienta a chef.<\/p>\n<h3>Dicas para Empreender<\/h3>\n<p>Portanto, para quem deseja aproveitar o per\u00edodo de inverno para gerar renda extra, a chef Vivian recomenda investir em embalagens atrativas. \u201cAs embalagens s\u00e3o essenciais para alavancar as vendas. Elas t\u00eam um apelo visual importante, por isso vale a pena visitar lojas especializadas e investir nesses itens, que contribuem para fidelizar e conquistar novos clientes\u201d, explica a chef.<\/p>\n<h3>Conhe\u00e7a os Produtos Harald<\/h3>\n<p><strong>TOP:<\/strong> Primeira marca de coberturas fracionadas do Brasil, lan\u00e7ada em 1993. TOP oferece facilidade de uso, sem abrir m\u00e3o do sabor e da qualidade. Ideal para cobrir superf\u00edcies com uma camada fina, destacando o sabor do recheio. A marca \u00e9 parte do portf\u00f3lio da Harald, reconhecida pela praticidade e rendimento.<\/p>\n<p><strong>Melken:<\/strong> Marca de chocolates nobres da Harald, recomendada por confeiteiros de todo o pa\u00eds. Ideal para qualquer receita, o chocolate Melken \u00e9 f\u00e1cil de derreter e temperar, possui alto rendimento e brilho. Dispon\u00edvel em diversos formatos, como barras, gotas, p\u00f3 e para decora\u00e7\u00e3o, al\u00e9m de produtos prontos para uso como ganaches, docinhos e recheios.<\/p>\n<p><a href=\"https:\/\/homolog.harald.com.br\/site-2026\/\"><strong>Harald:<\/strong><\/a> L\u00edder em chocolate e cobertura para confeitaria, a Harald \u00e9 refer\u00eancia no mercado especializado. Fundada em 1982 e parte do grupo Fuji Oil desde 2015, a empresa oferece marcas como Unique, Melken, TOP e Confeiteiro, atendendo a diferentes segmentos do mercado.<\/p>\n<p>Prepare-se para um festival de inverno delicioso e cheio de oportunidades com as dicas da chef Vivian Feldman e os produtos Harald!<\/p>\n","protected":false},"excerpt":{"rendered":"<p>Receitas Pr\u00e1ticas para Festival de Inverno Del\u00edcias de Inverno: Fondue, Cookies e Chocolate Quente O inverno \u00e9 a esta\u00e7\u00e3o perfeita para saborear comidas quentinhas e reconfortantes. Aproveitando essa \u00e9poca, a Harald, l\u00edder em chocolate e cobertura para confeitaria, convidou a chef parceira Vivian Feldman para compartilhar dicas incr\u00edveis para um festival de inverno. Assim com <a class=\"more-link\" href=\"https:\/\/homolog.harald.com.br\/site-2026\/blog\/receitas-praticas-para-festival-de-inverno\/\">Read more&#8230;<\/a><\/p>\n","protected":false},"author":9,"featured_media":196777,"comment_status":"closed","ping_status":"closed","sticky":false,"template":"","format":"standard","meta":{"_acf_changed":false,"_uag_custom_page_level_css":"","footnotes":""},"categories":[158],"tags":[],"para-seu-negocio":[],"class_list":["post-196772","post","type-post","status-publish","format-standard","has-post-thumbnail","hentry","category-noticias"],"acf":[],"yoast_head":"<!-- This site is optimized with the Yoast SEO plugin v26.3 - https:\/\/yoast.com\/wordpress\/plugins\/seo\/ -->\n<title>Receitas Pr\u00e1ticas para Festival de Inverno - Harald<\/title>\n<meta name=\"description\" content=\"Confira Receitas Pr\u00e1ticas para Festival de Inverno. Dicas da chef Vivian Feldman e produtos Harald para degustar e empreender!\" \/>\n<meta name=\"robots\" content=\"noindex, follow, max-snippet:-1, max-image-preview:large, max-video-preview:-1\" \/>\n<meta property=\"og:locale\" content=\"pt_BR\" \/>\n<meta property=\"og:type\" content=\"article\" \/>\n<meta property=\"og:title\" content=\"Receitas Pr\u00e1ticas para Festival de Inverno - Harald\" \/>\n<meta property=\"og:description\" content=\"Confira Receitas Pr\u00e1ticas para Festival de Inverno. Dicas da chef Vivian Feldman e produtos Harald para degustar e empreender!\" \/>\n<meta property=\"og:url\" content=\"https:\/\/homolog.harald.com.br\/site-2026\/blog\/receitas-praticas-para-festival-de-inverno\/\" \/>\n<meta property=\"og:site_name\" content=\"Harald\" \/>\n<meta property=\"article:publisher\" content=\"https:\/\/www.facebook.com\/HaraldChocolates\/\" \/>\n<meta property=\"article:published_time\" content=\"2024-07-02T19:29:35+00:00\" \/>\n<meta property=\"article:modified_time\" content=\"2024-07-03T19:44:23+00:00\" \/>\n<meta property=\"og:image\" content=\"https:\/\/homolog.harald.com.br\/site-2026\/wp-content\/uploads\/2022\/07\/banner-bg-12-m.png\" \/>\n\t<meta property=\"og:image:width\" content=\"1000\" \/>\n\t<meta property=\"og:image:height\" content=\"666\" \/>\n\t<meta property=\"og:image:type\" content=\"image\/png\" \/>\n<meta name=\"author\" content=\"CROWD\" \/>\n<meta name=\"twitter:card\" content=\"summary_large_image\" \/>\n<meta name=\"twitter:label1\" content=\"Escrito por\" \/>\n\t<meta name=\"twitter:data1\" content=\"CROWD\" \/>\n\t<meta name=\"twitter:label2\" content=\"Est. tempo de leitura\" \/>\n\t<meta name=\"twitter:data2\" content=\"3 minutos\" \/>\n<script type=\"application\/ld+json\" class=\"yoast-schema-graph\">{\"@context\":\"https:\/\/schema.org\",\"@graph\":[{\"@type\":\"Article\",\"@id\":\"https:\/\/homolog.harald.com.br\/site-2026\/blog\/receitas-praticas-para-festival-de-inverno\/#article\",\"isPartOf\":{\"@id\":\"https:\/\/homolog.harald.com.br\/site-2026\/blog\/receitas-praticas-para-festival-de-inverno\/\"},\"author\":{\"name\":\"CROWD\",\"@id\":\"https:\/\/homolog.harald.com.br\/site-2026\/#\/schema\/person\/474c783c0a4a997b6352b8b626175b12\"},\"headline\":\"Receitas Pr\u00e1ticas para Festival de Inverno\",\"datePublished\":\"2024-07-02T19:29:35+00:00\",\"dateModified\":\"2024-07-03T19:44:23+00:00\",\"mainEntityOfPage\":{\"@id\":\"https:\/\/homolog.harald.com.br\/site-2026\/blog\/receitas-praticas-para-festival-de-inverno\/\"},\"wordCount\":536,\"publisher\":{\"@id\":\"https:\/\/homolog.harald.com.br\/site-2026\/#organization\"},\"image\":{\"@id\":\"https:\/\/homolog.harald.com.br\/site-2026\/blog\/receitas-praticas-para-festival-de-inverno\/#primaryimage\"},\"thumbnailUrl\":\"https:\/\/homolog.harald.com.br\/site-2026\/wp-content\/uploads\/2024\/07\/inverno-festival.avif\",\"articleSection\":[\"Not\u00edcias\"],\"inLanguage\":\"pt-BR\"},{\"@type\":\"WebPage\",\"@id\":\"https:\/\/homolog.harald.com.br\/site-2026\/blog\/receitas-praticas-para-festival-de-inverno\/\",\"url\":\"https:\/\/homolog.harald.com.br\/site-2026\/blog\/receitas-praticas-para-festival-de-inverno\/\",\"name\":\"Receitas Pr\u00e1ticas para Festival de Inverno - Harald\",\"isPartOf\":{\"@id\":\"https:\/\/homolog.harald.com.br\/site-2026\/#website\"},\"primaryImageOfPage\":{\"@id\":\"https:\/\/homolog.harald.com.br\/site-2026\/blog\/receitas-praticas-para-festival-de-inverno\/#primaryimage\"},\"image\":{\"@id\":\"https:\/\/homolog.harald.com.br\/site-2026\/blog\/receitas-praticas-para-festival-de-inverno\/#primaryimage\"},\"thumbnailUrl\":\"https:\/\/homolog.harald.com.br\/site-2026\/wp-content\/uploads\/2024\/07\/inverno-festival.avif\",\"datePublished\":\"2024-07-02T19:29:35+00:00\",\"dateModified\":\"2024-07-03T19:44:23+00:00\",\"description\":\"Confira Receitas Pr\u00e1ticas para Festival de Inverno. Dicas da chef Vivian Feldman e produtos Harald para degustar e empreender!\",\"breadcrumb\":{\"@id\":\"https:\/\/homolog.harald.com.br\/site-2026\/blog\/receitas-praticas-para-festival-de-inverno\/#breadcrumb\"},\"inLanguage\":\"pt-BR\",\"potentialAction\":[{\"@type\":\"ReadAction\",\"target\":[\"https:\/\/homolog.harald.com.br\/site-2026\/blog\/receitas-praticas-para-festival-de-inverno\/\"]}]},{\"@type\":\"ImageObject\",\"inLanguage\":\"pt-BR\",\"@id\":\"https:\/\/homolog.harald.com.br\/site-2026\/blog\/receitas-praticas-para-festival-de-inverno\/#primaryimage\",\"url\":\"https:\/\/homolog.harald.com.br\/site-2026\/wp-content\/uploads\/2024\/07\/inverno-festival.avif\",\"contentUrl\":\"https:\/\/homolog.harald.com.br\/site-2026\/wp-content\/uploads\/2024\/07\/inverno-festival.avif\",\"width\":740,\"height\":494,\"caption\":\"Receitas Pr\u00e1ticas para Festival de Inverno\"},{\"@type\":\"BreadcrumbList\",\"@id\":\"https:\/\/homolog.harald.com.br\/site-2026\/blog\/receitas-praticas-para-festival-de-inverno\/#breadcrumb\",\"itemListElement\":[{\"@type\":\"ListItem\",\"position\":1,\"name\":\"In\u00edcio\",\"item\":\"https:\/\/homolog.harald.com.br\/site-2026\/\"},{\"@type\":\"ListItem\",\"position\":2,\"name\":\"Receitas Pr\u00e1ticas para Festival de Inverno\"}]},{\"@type\":\"WebSite\",\"@id\":\"https:\/\/homolog.harald.com.br\/site-2026\/#website\",\"url\":\"https:\/\/homolog.harald.com.br\/site-2026\/\",\"name\":\"Harald\",\"description\":\"Fazer melhor \u00e9 fazer com paix\u00e3o\",\"publisher\":{\"@id\":\"https:\/\/homolog.harald.com.br\/site-2026\/#organization\"},\"potentialAction\":[{\"@type\":\"SearchAction\",\"target\":{\"@type\":\"EntryPoint\",\"urlTemplate\":\"https:\/\/homolog.harald.com.br\/site-2026\/?s={search_term_string}\"},\"query-input\":{\"@type\":\"PropertyValueSpecification\",\"valueRequired\":true,\"valueName\":\"search_term_string\"}}],\"inLanguage\":\"pt-BR\"},{\"@type\":\"Organization\",\"@id\":\"https:\/\/homolog.harald.com.br\/site-2026\/#organization\",\"name\":\"Harald\",\"url\":\"https:\/\/homolog.harald.com.br\/site-2026\/\",\"logo\":{\"@type\":\"ImageObject\",\"inLanguage\":\"pt-BR\",\"@id\":\"https:\/\/homolog.harald.com.br\/site-2026\/#\/schema\/logo\/image\/\",\"url\":\"https:\/\/homolog.harald.com.br\/site-2026\/wp-content\/uploads\/2022\/09\/logo-harald-cmyk-ss.png\",\"contentUrl\":\"https:\/\/homolog.harald.com.br\/site-2026\/wp-content\/uploads\/2022\/09\/logo-harald-cmyk-ss.png\",\"width\":1948,\"height\":1051,\"caption\":\"Harald\"},\"image\":{\"@id\":\"https:\/\/homolog.harald.com.br\/site-2026\/#\/schema\/logo\/image\/\"},\"sameAs\":[\"https:\/\/www.facebook.com\/HaraldChocolates\/\",\"https:\/\/www.youtube.com\/user\/HaraldChocolates\"]},{\"@type\":\"Person\",\"@id\":\"https:\/\/homolog.harald.com.br\/site-2026\/#\/schema\/person\/474c783c0a4a997b6352b8b626175b12\",\"name\":\"CROWD\",\"image\":{\"@type\":\"ImageObject\",\"inLanguage\":\"pt-BR\",\"@id\":\"https:\/\/homolog.harald.com.br\/site-2026\/#\/schema\/person\/image\/\",\"url\":\"https:\/\/secure.gravatar.com\/avatar\/4d8c1df2b3db7e6270e2d04115410a036e98bb8f8dd59ca3c343e438750c76b9?s=96&d=mm&r=g\",\"contentUrl\":\"https:\/\/secure.gravatar.com\/avatar\/4d8c1df2b3db7e6270e2d04115410a036e98bb8f8dd59ca3c343e438750c76b9?s=96&d=mm&r=g\",\"caption\":\"CROWD\"},\"url\":\"https:\/\/homolog.harald.com.br\/site-2026\/blog\/author\/crowd\/\"}]}<\/script>\n<!-- \/ Yoast SEO plugin. -->","yoast_head_json":{"title":"Receitas Pr\u00e1ticas para Festival de Inverno - Harald","description":"Confira Receitas Pr\u00e1ticas para Festival de Inverno. Dicas da chef Vivian Feldman e produtos Harald para degustar e empreender!","robots":{"index":"noindex","follow":"follow","max-snippet":"max-snippet:-1","max-image-preview":"max-image-preview:large","max-video-preview":"max-video-preview:-1"},"og_locale":"pt_BR","og_type":"article","og_title":"Receitas Pr\u00e1ticas para Festival de Inverno - Harald","og_description":"Confira Receitas Pr\u00e1ticas para Festival de Inverno. Dicas da chef Vivian Feldman e produtos Harald para degustar e empreender!","og_url":"https:\/\/homolog.harald.com.br\/site-2026\/blog\/receitas-praticas-para-festival-de-inverno\/","og_site_name":"Harald","article_publisher":"https:\/\/www.facebook.com\/HaraldChocolates\/","article_published_time":"2024-07-02T19:29:35+00:00","article_modified_time":"2024-07-03T19:44:23+00:00","og_image":[{"width":1000,"height":666,"url":"https:\/\/homolog.harald.com.br\/site-2026\/wp-content\/uploads\/2022\/07\/banner-bg-12-m.png","type":"image\/png"}],"author":"CROWD","twitter_card":"summary_large_image","twitter_misc":{"Escrito por":"CROWD","Est. tempo de leitura":"3 minutos"},"schema":{"@context":"https:\/\/schema.org","@graph":[{"@type":"Article","@id":"https:\/\/homolog.harald.com.br\/site-2026\/blog\/receitas-praticas-para-festival-de-inverno\/#article","isPartOf":{"@id":"https:\/\/homolog.harald.com.br\/site-2026\/blog\/receitas-praticas-para-festival-de-inverno\/"},"author":{"name":"CROWD","@id":"https:\/\/homolog.harald.com.br\/site-2026\/#\/schema\/person\/474c783c0a4a997b6352b8b626175b12"},"headline":"Receitas Pr\u00e1ticas para Festival de Inverno","datePublished":"2024-07-02T19:29:35+00:00","dateModified":"2024-07-03T19:44:23+00:00","mainEntityOfPage":{"@id":"https:\/\/homolog.harald.com.br\/site-2026\/blog\/receitas-praticas-para-festival-de-inverno\/"},"wordCount":536,"publisher":{"@id":"https:\/\/homolog.harald.com.br\/site-2026\/#organization"},"image":{"@id":"https:\/\/homolog.harald.com.br\/site-2026\/blog\/receitas-praticas-para-festival-de-inverno\/#primaryimage"},"thumbnailUrl":"https:\/\/homolog.harald.com.br\/site-2026\/wp-content\/uploads\/2024\/07\/inverno-festival.avif","articleSection":["Not\u00edcias"],"inLanguage":"pt-BR"},{"@type":"WebPage","@id":"https:\/\/homolog.harald.com.br\/site-2026\/blog\/receitas-praticas-para-festival-de-inverno\/","url":"https:\/\/homolog.harald.com.br\/site-2026\/blog\/receitas-praticas-para-festival-de-inverno\/","name":"Receitas Pr\u00e1ticas para Festival de Inverno - Harald","isPartOf":{"@id":"https:\/\/homolog.harald.com.br\/site-2026\/#website"},"primaryImageOfPage":{"@id":"https:\/\/homolog.harald.com.br\/site-2026\/blog\/receitas-praticas-para-festival-de-inverno\/#primaryimage"},"image":{"@id":"https:\/\/homolog.harald.com.br\/site-2026\/blog\/receitas-praticas-para-festival-de-inverno\/#primaryimage"},"thumbnailUrl":"https:\/\/homolog.harald.com.br\/site-2026\/wp-content\/uploads\/2024\/07\/inverno-festival.avif","datePublished":"2024-07-02T19:29:35+00:00","dateModified":"2024-07-03T19:44:23+00:00","description":"Confira Receitas Pr\u00e1ticas para Festival de Inverno. Dicas da chef Vivian Feldman e produtos Harald para degustar e empreender!","breadcrumb":{"@id":"https:\/\/homolog.harald.com.br\/site-2026\/blog\/receitas-praticas-para-festival-de-inverno\/#breadcrumb"},"inLanguage":"pt-BR","potentialAction":[{"@type":"ReadAction","target":["https:\/\/homolog.harald.com.br\/site-2026\/blog\/receitas-praticas-para-festival-de-inverno\/"]}]},{"@type":"ImageObject","inLanguage":"pt-BR","@id":"https:\/\/homolog.harald.com.br\/site-2026\/blog\/receitas-praticas-para-festival-de-inverno\/#primaryimage","url":"https:\/\/homolog.harald.com.br\/site-2026\/wp-content\/uploads\/2024\/07\/inverno-festival.avif","contentUrl":"https:\/\/homolog.harald.com.br\/site-2026\/wp-content\/uploads\/2024\/07\/inverno-festival.avif","width":740,"height":494,"caption":"Receitas Pr\u00e1ticas para Festival de Inverno"},{"@type":"BreadcrumbList","@id":"https:\/\/homolog.harald.com.br\/site-2026\/blog\/receitas-praticas-para-festival-de-inverno\/#breadcrumb","itemListElement":[{"@type":"ListItem","position":1,"name":"In\u00edcio","item":"https:\/\/homolog.harald.com.br\/site-2026\/"},{"@type":"ListItem","position":2,"name":"Receitas Pr\u00e1ticas para Festival de Inverno"}]},{"@type":"WebSite","@id":"https:\/\/homolog.harald.com.br\/site-2026\/#website","url":"https:\/\/homolog.harald.com.br\/site-2026\/","name":"Harald","description":"Fazer melhor \u00e9 fazer com paix\u00e3o","publisher":{"@id":"https:\/\/homolog.harald.com.br\/site-2026\/#organization"},"potentialAction":[{"@type":"SearchAction","target":{"@type":"EntryPoint","urlTemplate":"https:\/\/homolog.harald.com.br\/site-2026\/?s={search_term_string}"},"query-input":{"@type":"PropertyValueSpecification","valueRequired":true,"valueName":"search_term_string"}}],"inLanguage":"pt-BR"},{"@type":"Organization","@id":"https:\/\/homolog.harald.com.br\/site-2026\/#organization","name":"Harald","url":"https:\/\/homolog.harald.com.br\/site-2026\/","logo":{"@type":"ImageObject","inLanguage":"pt-BR","@id":"https:\/\/homolog.harald.com.br\/site-2026\/#\/schema\/logo\/image\/","url":"https:\/\/homolog.harald.com.br\/site-2026\/wp-content\/uploads\/2022\/09\/logo-harald-cmyk-ss.png","contentUrl":"https:\/\/homolog.harald.com.br\/site-2026\/wp-content\/uploads\/2022\/09\/logo-harald-cmyk-ss.png","width":1948,"height":1051,"caption":"Harald"},"image":{"@id":"https:\/\/homolog.harald.com.br\/site-2026\/#\/schema\/logo\/image\/"},"sameAs":["https:\/\/www.facebook.com\/HaraldChocolates\/","https:\/\/www.youtube.com\/user\/HaraldChocolates"]},{"@type":"Person","@id":"https:\/\/homolog.harald.com.br\/site-2026\/#\/schema\/person\/474c783c0a4a997b6352b8b626175b12","name":"CROWD","image":{"@type":"ImageObject","inLanguage":"pt-BR","@id":"https:\/\/homolog.harald.com.br\/site-2026\/#\/schema\/person\/image\/","url":"https:\/\/secure.gravatar.com\/avatar\/4d8c1df2b3db7e6270e2d04115410a036e98bb8f8dd59ca3c343e438750c76b9?s=96&d=mm&r=g","contentUrl":"https:\/\/secure.gravatar.com\/avatar\/4d8c1df2b3db7e6270e2d04115410a036e98bb8f8dd59ca3c343e438750c76b9?s=96&d=mm&r=g","caption":"CROWD"},"url":"https:\/\/homolog.harald.com.br\/site-2026\/blog\/author\/crowd\/"}]}},"uagb_featured_image_src":{"full":["https:\/\/homolog.harald.com.br\/site-2026\/wp-content\/uploads\/2024\/07\/inverno-festival.avif",740,494,false],"thumbnail":["https:\/\/homolog.harald.com.br\/site-2026\/wp-content\/uploads\/2024\/07\/inverno-festival.avif",150,100,false],"medium":["https:\/\/homolog.harald.com.br\/site-2026\/wp-content\/uploads\/2024\/07\/inverno-festival.avif",300,200,false],"medium_large":["https:\/\/homolog.harald.com.br\/site-2026\/wp-content\/uploads\/2024\/07\/inverno-festival.avif",740,494,false],"large":["https:\/\/homolog.harald.com.br\/site-2026\/wp-content\/uploads\/2024\/07\/inverno-festival.avif",740,494,false],"1536x1536":["https:\/\/homolog.harald.com.br\/site-2026\/wp-content\/uploads\/2024\/07\/inverno-festival.avif",740,494,false],"2048x2048":["https:\/\/homolog.harald.com.br\/site-2026\/wp-content\/uploads\/2024\/07\/inverno-festival.avif",740,494,false],"full-width":["https:\/\/homolog.harald.com.br\/site-2026\/wp-content\/uploads\/2024\/07\/inverno-festival.avif",740,494,false],"gform-image-choice-sm":["https:\/\/homolog.harald.com.br\/site-2026\/wp-content\/uploads\/2024\/07\/inverno-festival.avif",300,200,false],"gform-image-choice-md":["https:\/\/homolog.harald.com.br\/site-2026\/wp-content\/uploads\/2024\/07\/inverno-festival.avif",400,267,false],"gform-image-choice-lg":["https:\/\/homolog.harald.com.br\/site-2026\/wp-content\/uploads\/2024\/07\/inverno-festival.avif",600,401,false]},"uagb_author_info":{"display_name":"CROWD","author_link":"https:\/\/homolog.harald.com.br\/site-2026\/blog\/author\/crowd\/"},"uagb_comment_info":0,"uagb_excerpt":"Receitas Pr\u00e1ticas para Festival de Inverno Del\u00edcias de Inverno: Fondue, Cookies e Chocolate Quente O inverno \u00e9 a esta\u00e7\u00e3o perfeita para saborear comidas quentinhas e reconfortantes. Aproveitando essa \u00e9poca, a Harald, l\u00edder em chocolate e cobertura para confeitaria, convidou a chef parceira Vivian Feldman para compartilhar dicas incr\u00edveis para um festival de inverno. Assim com&hellip;","_links":{"self":[{"href":"https:\/\/homolog.harald.com.br\/site-2026\/wp-json\/wp\/v2\/posts\/196772","targetHints":{"allow":["GET"]}}],"collection":[{"href":"https:\/\/homolog.harald.com.br\/site-2026\/wp-json\/wp\/v2\/posts"}],"about":[{"href":"https:\/\/homolog.harald.com.br\/site-2026\/wp-json\/wp\/v2\/types\/post"}],"author":[{"embeddable":true,"href":"https:\/\/homolog.harald.com.br\/site-2026\/wp-json\/wp\/v2\/users\/9"}],"replies":[{"embeddable":true,"href":"https:\/\/homolog.harald.com.br\/site-2026\/wp-json\/wp\/v2\/comments?post=196772"}],"version-history":[{"count":2,"href":"https:\/\/homolog.harald.com.br\/site-2026\/wp-json\/wp\/v2\/posts\/196772\/revisions"}],"predecessor-version":[{"id":196782,"href":"https:\/\/homolog.harald.com.br\/site-2026\/wp-json\/wp\/v2\/posts\/196772\/revisions\/196782"}],"wp:featuredmedia":[{"embeddable":true,"href":"https:\/\/homolog.harald.com.br\/site-2026\/wp-json\/wp\/v2\/media\/196777"}],"wp:attachment":[{"href":"https:\/\/homolog.harald.com.br\/site-2026\/wp-json\/wp\/v2\/media?parent=196772"}],"wp:term":[{"taxonomy":"category","embeddable":true,"href":"https:\/\/homolog.harald.com.br\/site-2026\/wp-json\/wp\/v2\/categories?post=196772"},{"taxonomy":"post_tag","embeddable":true,"href":"https:\/\/homolog.harald.com.br\/site-2026\/wp-json\/wp\/v2\/tags?post=196772"},{"taxonomy":"para-seu-negocio","embeddable":true,"href":"https:\/\/homolog.harald.com.br\/site-2026\/wp-json\/wp\/v2\/para-seu-negocio?post=196772"}],"curies":[{"name":"wp","href":"https:\/\/api.w.org\/{rel}","templated":true}]}}