{"id":194908,"date":"2024-06-25T11:43:49","date_gmt":"2024-06-25T14:43:49","guid":{"rendered":"https:\/\/homolog.harald.com.br\/site-2026\/?p=194908"},"modified":"2024-06-25T11:43:49","modified_gmt":"2024-06-25T14:43:49","slug":"curso-de-panificacao-e-confeitaria-gratuito-abre-inscricoes","status":"publish","type":"post","link":"https:\/\/homolog.harald.com.br\/site-2026\/blog\/curso-de-panificacao-e-confeitaria-gratuito-abre-inscricoes\/","title":{"rendered":"Curso de Panifica\u00e7\u00e3o e Confeitaria Gratuito Abre Inscri\u00e7\u00f5es"},"content":{"rendered":"<h3>Curso de Panifica\u00e7\u00e3o e Confeitaria Gratuito Abre Inscri\u00e7\u00f5es<\/h3>\n<p>As inscri\u00e7\u00f5es para o segundo semestre do projeto De Gr\u00e3o em P\u00e3o est\u00e3o abertas, oferecendo forma\u00e7\u00e3o gratuita em panifica\u00e7\u00e3o, confeitaria e culin\u00e1ria. Assim, o curso acontece em S\u00e3o Paulo (SP), Recife (PE) e Duque de Caxias (RJ). Jovens de 18 a 29 anos, moradores da periferia desses munic\u00edpios, podem se <a href=\"https:\/\/fundacaobunge.org.br\/\">inscrever at\u00e9 4 de julho<\/a>. A Funda\u00e7\u00e3o Bunge oferece bolsa-aux\u00edlio aos participantes, que ap\u00f3s a formatura, come\u00e7am a trabalhar em padarias pr\u00f3ximas \u00e0s suas resid\u00eancias com carteira assinada. Inscreva-se no site da Funda\u00e7\u00e3o Bunge.<\/p>\n<figure id=\"attachment_194911\" aria-describedby=\"caption-attachment-194911\" style=\"width: 800px\" class=\"wp-caption alignnone\"><img loading=\"lazy\" decoding=\"async\" class=\"wp-image-194911 size-full\" src=\"https:\/\/homolog.harald.com.br\/site-2026\/wp-content\/uploads\/2024\/06\/curso-de-grao-em-pao.jpeg\" alt=\"\" width=\"800\" height=\"425\" srcset=\"https:\/\/homolog.harald.com.br\/site-2026\/wp-content\/uploads\/2024\/06\/curso-de-grao-em-pao.jpeg 800w, https:\/\/homolog.harald.com.br\/site-2026\/wp-content\/uploads\/2024\/06\/curso-de-grao-em-pao-300x159.jpeg 300w, https:\/\/homolog.harald.com.br\/site-2026\/wp-content\/uploads\/2024\/06\/curso-de-grao-em-pao-768x408.jpeg 768w\" sizes=\"auto, (max-width: 800px) 100vw, 800px\" \/><figcaption id=\"caption-attachment-194911\" class=\"wp-caption-text\"><span style=\"font-size: 16px;\">Ser\u00e3o selecionados 45 alunos, 15 para cada cidade. Al\u00e9m disso, n\u00e3o \u00e9 necess\u00e1rio experi\u00eancia pr\u00e9via, apenas aptid\u00e3o para a \u00e1rea e interesse em trabalhar em padarias. O resultado do processo ser\u00e1 divulgado em 30 de julho no site da Funda\u00e7\u00e3o.<\/span><\/figcaption><\/figure>\n<p>\u201cO Brasil conta com mais de 295 mil padarias, um n\u00famero que cresce a cada ano. Segundo a Associa\u00e7\u00e3o Brasileira da Ind\u00fastria de Panifica\u00e7\u00e3o e Confeitaria (Abip), existe um d\u00e9ficit de 140 mil profissionais para atuar nas \u00e1reas de produ\u00e7\u00e3o como padeiro, salgadeiro e confeiteiro. Criamos o De Gr\u00e3o em P\u00e3o para qualificar m\u00e3o de obra e incluir jovens no mercado de trabalho\u201d, afirma Cl\u00e1udia Buzzette Calais, diretora-executiva da Funda\u00e7\u00e3o Bunge.<\/p>\n<p>Segundo dados do primeiro trimestre de 2024 do IBGE, o n\u00edvel de desocupa\u00e7\u00e3o dos jovens de 18 a 24 anos no Brasil chegou a 16,8%, s\u00e3o 2,5 milh\u00f5es desocupados no pa\u00eds.<\/p>\n<h3>Orienta\u00e7\u00e3o Socioemocional<\/h3>\n<p>O projeto tamb\u00e9m oferece orienta\u00e7\u00e3o socioemocional aos alunos durante o curso e ap\u00f3s a forma\u00e7\u00e3o. Os jovens aprendem a preparar curr\u00edculos, como se comportar no ambiente de trabalho e recebem acompanhamento de carreira profissional com mentoria da Funda\u00e7\u00e3o Bunge.<\/p>\n<p>\u201cMuitos desses jovens est\u00e3o come\u00e7ando sua trajet\u00f3ria profissional, sendo esse o primeiro emprego deles. Por isso, oferecemos mentoria especializada para ajud\u00e1-los nesse momento e prepar\u00e1-los para oportunidades futuras\u201d, explica Cl\u00e1udia.<\/p>\n<h3>Estrutura do Projeto<\/h3>\n<p>Por fim, o projeto dura dez meses e inclui etapas de sele\u00e7\u00e3o, prepara\u00e7\u00e3o socioemocional, qualifica\u00e7\u00e3o profissional, contato com o mercado de panifica\u00e7\u00e3o e confeitaria, formatura, encaminhamento para o mercado de trabalho e acompanhamento de carreira profissional com mentoria da Funda\u00e7\u00e3o Bunge.<\/p>\n<p>A Harald, l\u00edder no mercado de coberturas e refer\u00eancia em chocolates no Brasil, orgulha-se de ser parceira desse projeto, contribuindo para a forma\u00e7\u00e3o de jovens e a promo\u00e7\u00e3o do setor de panifica\u00e7\u00e3o.<\/p>\n","protected":false},"excerpt":{"rendered":"<p>Curso de Panifica\u00e7\u00e3o e Confeitaria Gratuito Abre Inscri\u00e7\u00f5es As inscri\u00e7\u00f5es para o segundo semestre do projeto De Gr\u00e3o em P\u00e3o est\u00e3o abertas, oferecendo forma\u00e7\u00e3o gratuita em panifica\u00e7\u00e3o, confeitaria e culin\u00e1ria. Assim, o curso acontece em S\u00e3o Paulo (SP), Recife (PE) e Duque de Caxias (RJ). Jovens de 18 a 29 anos, moradores da periferia desses <a class=\"more-link\" href=\"https:\/\/homolog.harald.com.br\/site-2026\/blog\/curso-de-panificacao-e-confeitaria-gratuito-abre-inscricoes\/\">Read more&#8230;<\/a><\/p>\n","protected":false},"author":9,"featured_media":194911,"comment_status":"closed","ping_status":"closed","sticky":false,"template":"","format":"standard","meta":{"_acf_changed":false,"_uag_custom_page_level_css":"","footnotes":""},"categories":[158],"tags":[],"para-seu-negocio":[],"class_list":["post-194908","post","type-post","status-publish","format-standard","has-post-thumbnail","hentry","category-noticias"],"acf":[],"yoast_head":"<!-- This site is optimized with the Yoast SEO plugin v26.3 - https:\/\/yoast.com\/wordpress\/plugins\/seo\/ -->\n<title>Curso de Panifica\u00e7\u00e3o e Confeitaria Gratuito Abre Inscri\u00e7\u00f5es - Harald<\/title>\n<meta name=\"description\" content=\"Curso de panifica\u00e7\u00e3o e confeitaria gratuito, jovens de 18 a 29 anos em SP, PE e RJ recebem bolsa-aux\u00edlio e emprego garantido.\" \/>\n<meta name=\"robots\" content=\"noindex, follow, max-snippet:-1, max-image-preview:large, max-video-preview:-1\" \/>\n<meta property=\"og:locale\" content=\"pt_BR\" \/>\n<meta property=\"og:type\" content=\"article\" \/>\n<meta property=\"og:title\" content=\"Curso de Panifica\u00e7\u00e3o e Confeitaria Gratuito Abre Inscri\u00e7\u00f5es - Harald\" \/>\n<meta property=\"og:description\" content=\"Curso de panifica\u00e7\u00e3o e confeitaria gratuito, jovens de 18 a 29 anos em SP, PE e RJ recebem bolsa-aux\u00edlio e emprego garantido.\" \/>\n<meta property=\"og:url\" content=\"https:\/\/homolog.harald.com.br\/site-2026\/blog\/curso-de-panificacao-e-confeitaria-gratuito-abre-inscricoes\/\" \/>\n<meta property=\"og:site_name\" content=\"Harald\" \/>\n<meta property=\"article:publisher\" content=\"https:\/\/www.facebook.com\/HaraldChocolates\/\" \/>\n<meta property=\"article:published_time\" content=\"2024-06-25T14:43:49+00:00\" \/>\n<meta property=\"og:image\" content=\"https:\/\/homolog.harald.com.br\/site-2026\/wp-content\/uploads\/2024\/06\/curso-de-grao-em-pao.jpeg\" \/>\n\t<meta property=\"og:image:width\" content=\"800\" \/>\n\t<meta property=\"og:image:height\" content=\"425\" \/>\n\t<meta property=\"og:image:type\" content=\"image\/jpeg\" \/>\n<meta name=\"author\" content=\"CROWD\" \/>\n<meta name=\"twitter:card\" content=\"summary_large_image\" \/>\n<meta name=\"twitter:label1\" content=\"Escrito por\" \/>\n\t<meta name=\"twitter:data1\" content=\"CROWD\" \/>\n\t<meta name=\"twitter:label2\" content=\"Est. tempo de leitura\" \/>\n\t<meta name=\"twitter:data2\" content=\"3 minutos\" \/>\n<script type=\"application\/ld+json\" class=\"yoast-schema-graph\">{\"@context\":\"https:\/\/schema.org\",\"@graph\":[{\"@type\":\"Article\",\"@id\":\"https:\/\/homolog.harald.com.br\/site-2026\/blog\/curso-de-panificacao-e-confeitaria-gratuito-abre-inscricoes\/#article\",\"isPartOf\":{\"@id\":\"https:\/\/homolog.harald.com.br\/site-2026\/blog\/curso-de-panificacao-e-confeitaria-gratuito-abre-inscricoes\/\"},\"author\":{\"name\":\"CROWD\",\"@id\":\"https:\/\/homolog.harald.com.br\/site-2026\/#\/schema\/person\/474c783c0a4a997b6352b8b626175b12\"},\"headline\":\"Curso de Panifica\u00e7\u00e3o e Confeitaria Gratuito Abre Inscri\u00e7\u00f5es\",\"datePublished\":\"2024-06-25T14:43:49+00:00\",\"mainEntityOfPage\":{\"@id\":\"https:\/\/homolog.harald.com.br\/site-2026\/blog\/curso-de-panificacao-e-confeitaria-gratuito-abre-inscricoes\/\"},\"wordCount\":449,\"publisher\":{\"@id\":\"https:\/\/homolog.harald.com.br\/site-2026\/#organization\"},\"image\":{\"@id\":\"https:\/\/homolog.harald.com.br\/site-2026\/blog\/curso-de-panificacao-e-confeitaria-gratuito-abre-inscricoes\/#primaryimage\"},\"thumbnailUrl\":\"https:\/\/homolog.harald.com.br\/site-2026\/wp-content\/uploads\/2024\/06\/curso-de-grao-em-pao.jpeg\",\"articleSection\":[\"Not\u00edcias\"],\"inLanguage\":\"pt-BR\"},{\"@type\":\"WebPage\",\"@id\":\"https:\/\/homolog.harald.com.br\/site-2026\/blog\/curso-de-panificacao-e-confeitaria-gratuito-abre-inscricoes\/\",\"url\":\"https:\/\/homolog.harald.com.br\/site-2026\/blog\/curso-de-panificacao-e-confeitaria-gratuito-abre-inscricoes\/\",\"name\":\"Curso de Panifica\u00e7\u00e3o e Confeitaria Gratuito Abre Inscri\u00e7\u00f5es - Harald\",\"isPartOf\":{\"@id\":\"https:\/\/homolog.harald.com.br\/site-2026\/#website\"},\"primaryImageOfPage\":{\"@id\":\"https:\/\/homolog.harald.com.br\/site-2026\/blog\/curso-de-panificacao-e-confeitaria-gratuito-abre-inscricoes\/#primaryimage\"},\"image\":{\"@id\":\"https:\/\/homolog.harald.com.br\/site-2026\/blog\/curso-de-panificacao-e-confeitaria-gratuito-abre-inscricoes\/#primaryimage\"},\"thumbnailUrl\":\"https:\/\/homolog.harald.com.br\/site-2026\/wp-content\/uploads\/2024\/06\/curso-de-grao-em-pao.jpeg\",\"datePublished\":\"2024-06-25T14:43:49+00:00\",\"description\":\"Curso de panifica\u00e7\u00e3o e confeitaria gratuito, jovens de 18 a 29 anos em SP, PE e RJ recebem bolsa-aux\u00edlio e emprego garantido.\",\"breadcrumb\":{\"@id\":\"https:\/\/homolog.harald.com.br\/site-2026\/blog\/curso-de-panificacao-e-confeitaria-gratuito-abre-inscricoes\/#breadcrumb\"},\"inLanguage\":\"pt-BR\",\"potentialAction\":[{\"@type\":\"ReadAction\",\"target\":[\"https:\/\/homolog.harald.com.br\/site-2026\/blog\/curso-de-panificacao-e-confeitaria-gratuito-abre-inscricoes\/\"]}]},{\"@type\":\"ImageObject\",\"inLanguage\":\"pt-BR\",\"@id\":\"https:\/\/homolog.harald.com.br\/site-2026\/blog\/curso-de-panificacao-e-confeitaria-gratuito-abre-inscricoes\/#primaryimage\",\"url\":\"https:\/\/homolog.harald.com.br\/site-2026\/wp-content\/uploads\/2024\/06\/curso-de-grao-em-pao.jpeg\",\"contentUrl\":\"https:\/\/homolog.harald.com.br\/site-2026\/wp-content\/uploads\/2024\/06\/curso-de-grao-em-pao.jpeg\",\"width\":800,\"height\":425,\"caption\":\"Foto: Keiny Andrade\"},{\"@type\":\"BreadcrumbList\",\"@id\":\"https:\/\/homolog.harald.com.br\/site-2026\/blog\/curso-de-panificacao-e-confeitaria-gratuito-abre-inscricoes\/#breadcrumb\",\"itemListElement\":[{\"@type\":\"ListItem\",\"position\":1,\"name\":\"In\u00edcio\",\"item\":\"https:\/\/homolog.harald.com.br\/site-2026\/\"},{\"@type\":\"ListItem\",\"position\":2,\"name\":\"Curso de Panifica\u00e7\u00e3o e Confeitaria Gratuito Abre Inscri\u00e7\u00f5es\"}]},{\"@type\":\"WebSite\",\"@id\":\"https:\/\/homolog.harald.com.br\/site-2026\/#website\",\"url\":\"https:\/\/homolog.harald.com.br\/site-2026\/\",\"name\":\"Harald\",\"description\":\"Fazer melhor \u00e9 fazer com paix\u00e3o\",\"publisher\":{\"@id\":\"https:\/\/homolog.harald.com.br\/site-2026\/#organization\"},\"potentialAction\":[{\"@type\":\"SearchAction\",\"target\":{\"@type\":\"EntryPoint\",\"urlTemplate\":\"https:\/\/homolog.harald.com.br\/site-2026\/?s={search_term_string}\"},\"query-input\":{\"@type\":\"PropertyValueSpecification\",\"valueRequired\":true,\"valueName\":\"search_term_string\"}}],\"inLanguage\":\"pt-BR\"},{\"@type\":\"Organization\",\"@id\":\"https:\/\/homolog.harald.com.br\/site-2026\/#organization\",\"name\":\"Harald\",\"url\":\"https:\/\/homolog.harald.com.br\/site-2026\/\",\"logo\":{\"@type\":\"ImageObject\",\"inLanguage\":\"pt-BR\",\"@id\":\"https:\/\/homolog.harald.com.br\/site-2026\/#\/schema\/logo\/image\/\",\"url\":\"https:\/\/homolog.harald.com.br\/site-2026\/wp-content\/uploads\/2022\/09\/logo-harald-cmyk-ss.png\",\"contentUrl\":\"https:\/\/homolog.harald.com.br\/site-2026\/wp-content\/uploads\/2022\/09\/logo-harald-cmyk-ss.png\",\"width\":1948,\"height\":1051,\"caption\":\"Harald\"},\"image\":{\"@id\":\"https:\/\/homolog.harald.com.br\/site-2026\/#\/schema\/logo\/image\/\"},\"sameAs\":[\"https:\/\/www.facebook.com\/HaraldChocolates\/\",\"https:\/\/www.youtube.com\/user\/HaraldChocolates\"]},{\"@type\":\"Person\",\"@id\":\"https:\/\/homolog.harald.com.br\/site-2026\/#\/schema\/person\/474c783c0a4a997b6352b8b626175b12\",\"name\":\"CROWD\",\"image\":{\"@type\":\"ImageObject\",\"inLanguage\":\"pt-BR\",\"@id\":\"https:\/\/homolog.harald.com.br\/site-2026\/#\/schema\/person\/image\/\",\"url\":\"https:\/\/secure.gravatar.com\/avatar\/4d8c1df2b3db7e6270e2d04115410a036e98bb8f8dd59ca3c343e438750c76b9?s=96&d=mm&r=g\",\"contentUrl\":\"https:\/\/secure.gravatar.com\/avatar\/4d8c1df2b3db7e6270e2d04115410a036e98bb8f8dd59ca3c343e438750c76b9?s=96&d=mm&r=g\",\"caption\":\"CROWD\"},\"url\":\"https:\/\/homolog.harald.com.br\/site-2026\/blog\/author\/crowd\/\"}]}<\/script>\n<!-- \/ Yoast SEO plugin. -->","yoast_head_json":{"title":"Curso de Panifica\u00e7\u00e3o e Confeitaria Gratuito Abre Inscri\u00e7\u00f5es - Harald","description":"Curso de panifica\u00e7\u00e3o e confeitaria gratuito, jovens de 18 a 29 anos em SP, PE e RJ recebem bolsa-aux\u00edlio e emprego garantido.","robots":{"index":"noindex","follow":"follow","max-snippet":"max-snippet:-1","max-image-preview":"max-image-preview:large","max-video-preview":"max-video-preview:-1"},"og_locale":"pt_BR","og_type":"article","og_title":"Curso de Panifica\u00e7\u00e3o e Confeitaria Gratuito Abre Inscri\u00e7\u00f5es - Harald","og_description":"Curso de panifica\u00e7\u00e3o e confeitaria gratuito, jovens de 18 a 29 anos em SP, PE e RJ recebem bolsa-aux\u00edlio e emprego garantido.","og_url":"https:\/\/homolog.harald.com.br\/site-2026\/blog\/curso-de-panificacao-e-confeitaria-gratuito-abre-inscricoes\/","og_site_name":"Harald","article_publisher":"https:\/\/www.facebook.com\/HaraldChocolates\/","article_published_time":"2024-06-25T14:43:49+00:00","og_image":[{"width":800,"height":425,"url":"https:\/\/homolog.harald.com.br\/site-2026\/wp-content\/uploads\/2024\/06\/curso-de-grao-em-pao.jpeg","type":"image\/jpeg"}],"author":"CROWD","twitter_card":"summary_large_image","twitter_misc":{"Escrito por":"CROWD","Est. tempo de leitura":"3 minutos"},"schema":{"@context":"https:\/\/schema.org","@graph":[{"@type":"Article","@id":"https:\/\/homolog.harald.com.br\/site-2026\/blog\/curso-de-panificacao-e-confeitaria-gratuito-abre-inscricoes\/#article","isPartOf":{"@id":"https:\/\/homolog.harald.com.br\/site-2026\/blog\/curso-de-panificacao-e-confeitaria-gratuito-abre-inscricoes\/"},"author":{"name":"CROWD","@id":"https:\/\/homolog.harald.com.br\/site-2026\/#\/schema\/person\/474c783c0a4a997b6352b8b626175b12"},"headline":"Curso de Panifica\u00e7\u00e3o e Confeitaria Gratuito Abre Inscri\u00e7\u00f5es","datePublished":"2024-06-25T14:43:49+00:00","mainEntityOfPage":{"@id":"https:\/\/homolog.harald.com.br\/site-2026\/blog\/curso-de-panificacao-e-confeitaria-gratuito-abre-inscricoes\/"},"wordCount":449,"publisher":{"@id":"https:\/\/homolog.harald.com.br\/site-2026\/#organization"},"image":{"@id":"https:\/\/homolog.harald.com.br\/site-2026\/blog\/curso-de-panificacao-e-confeitaria-gratuito-abre-inscricoes\/#primaryimage"},"thumbnailUrl":"https:\/\/homolog.harald.com.br\/site-2026\/wp-content\/uploads\/2024\/06\/curso-de-grao-em-pao.jpeg","articleSection":["Not\u00edcias"],"inLanguage":"pt-BR"},{"@type":"WebPage","@id":"https:\/\/homolog.harald.com.br\/site-2026\/blog\/curso-de-panificacao-e-confeitaria-gratuito-abre-inscricoes\/","url":"https:\/\/homolog.harald.com.br\/site-2026\/blog\/curso-de-panificacao-e-confeitaria-gratuito-abre-inscricoes\/","name":"Curso de Panifica\u00e7\u00e3o e Confeitaria Gratuito Abre Inscri\u00e7\u00f5es - Harald","isPartOf":{"@id":"https:\/\/homolog.harald.com.br\/site-2026\/#website"},"primaryImageOfPage":{"@id":"https:\/\/homolog.harald.com.br\/site-2026\/blog\/curso-de-panificacao-e-confeitaria-gratuito-abre-inscricoes\/#primaryimage"},"image":{"@id":"https:\/\/homolog.harald.com.br\/site-2026\/blog\/curso-de-panificacao-e-confeitaria-gratuito-abre-inscricoes\/#primaryimage"},"thumbnailUrl":"https:\/\/homolog.harald.com.br\/site-2026\/wp-content\/uploads\/2024\/06\/curso-de-grao-em-pao.jpeg","datePublished":"2024-06-25T14:43:49+00:00","description":"Curso de panifica\u00e7\u00e3o e confeitaria gratuito, jovens de 18 a 29 anos em SP, PE e RJ recebem bolsa-aux\u00edlio e emprego garantido.","breadcrumb":{"@id":"https:\/\/homolog.harald.com.br\/site-2026\/blog\/curso-de-panificacao-e-confeitaria-gratuito-abre-inscricoes\/#breadcrumb"},"inLanguage":"pt-BR","potentialAction":[{"@type":"ReadAction","target":["https:\/\/homolog.harald.com.br\/site-2026\/blog\/curso-de-panificacao-e-confeitaria-gratuito-abre-inscricoes\/"]}]},{"@type":"ImageObject","inLanguage":"pt-BR","@id":"https:\/\/homolog.harald.com.br\/site-2026\/blog\/curso-de-panificacao-e-confeitaria-gratuito-abre-inscricoes\/#primaryimage","url":"https:\/\/homolog.harald.com.br\/site-2026\/wp-content\/uploads\/2024\/06\/curso-de-grao-em-pao.jpeg","contentUrl":"https:\/\/homolog.harald.com.br\/site-2026\/wp-content\/uploads\/2024\/06\/curso-de-grao-em-pao.jpeg","width":800,"height":425,"caption":"Foto: Keiny Andrade"},{"@type":"BreadcrumbList","@id":"https:\/\/homolog.harald.com.br\/site-2026\/blog\/curso-de-panificacao-e-confeitaria-gratuito-abre-inscricoes\/#breadcrumb","itemListElement":[{"@type":"ListItem","position":1,"name":"In\u00edcio","item":"https:\/\/homolog.harald.com.br\/site-2026\/"},{"@type":"ListItem","position":2,"name":"Curso de Panifica\u00e7\u00e3o e Confeitaria Gratuito Abre Inscri\u00e7\u00f5es"}]},{"@type":"WebSite","@id":"https:\/\/homolog.harald.com.br\/site-2026\/#website","url":"https:\/\/homolog.harald.com.br\/site-2026\/","name":"Harald","description":"Fazer melhor \u00e9 fazer com paix\u00e3o","publisher":{"@id":"https:\/\/homolog.harald.com.br\/site-2026\/#organization"},"potentialAction":[{"@type":"SearchAction","target":{"@type":"EntryPoint","urlTemplate":"https:\/\/homolog.harald.com.br\/site-2026\/?s={search_term_string}"},"query-input":{"@type":"PropertyValueSpecification","valueRequired":true,"valueName":"search_term_string"}}],"inLanguage":"pt-BR"},{"@type":"Organization","@id":"https:\/\/homolog.harald.com.br\/site-2026\/#organization","name":"Harald","url":"https:\/\/homolog.harald.com.br\/site-2026\/","logo":{"@type":"ImageObject","inLanguage":"pt-BR","@id":"https:\/\/homolog.harald.com.br\/site-2026\/#\/schema\/logo\/image\/","url":"https:\/\/homolog.harald.com.br\/site-2026\/wp-content\/uploads\/2022\/09\/logo-harald-cmyk-ss.png","contentUrl":"https:\/\/homolog.harald.com.br\/site-2026\/wp-content\/uploads\/2022\/09\/logo-harald-cmyk-ss.png","width":1948,"height":1051,"caption":"Harald"},"image":{"@id":"https:\/\/homolog.harald.com.br\/site-2026\/#\/schema\/logo\/image\/"},"sameAs":["https:\/\/www.facebook.com\/HaraldChocolates\/","https:\/\/www.youtube.com\/user\/HaraldChocolates"]},{"@type":"Person","@id":"https:\/\/homolog.harald.com.br\/site-2026\/#\/schema\/person\/474c783c0a4a997b6352b8b626175b12","name":"CROWD","image":{"@type":"ImageObject","inLanguage":"pt-BR","@id":"https:\/\/homolog.harald.com.br\/site-2026\/#\/schema\/person\/image\/","url":"https:\/\/secure.gravatar.com\/avatar\/4d8c1df2b3db7e6270e2d04115410a036e98bb8f8dd59ca3c343e438750c76b9?s=96&d=mm&r=g","contentUrl":"https:\/\/secure.gravatar.com\/avatar\/4d8c1df2b3db7e6270e2d04115410a036e98bb8f8dd59ca3c343e438750c76b9?s=96&d=mm&r=g","caption":"CROWD"},"url":"https:\/\/homolog.harald.com.br\/site-2026\/blog\/author\/crowd\/"}]}},"uagb_featured_image_src":{"full":["https:\/\/homolog.harald.com.br\/site-2026\/wp-content\/uploads\/2024\/06\/curso-de-grao-em-pao.jpeg",800,425,false],"thumbnail":["https:\/\/homolog.harald.com.br\/site-2026\/wp-content\/uploads\/2024\/06\/curso-de-grao-em-pao-150x150.jpeg",150,150,true],"medium":["https:\/\/homolog.harald.com.br\/site-2026\/wp-content\/uploads\/2024\/06\/curso-de-grao-em-pao-300x159.jpeg",300,159,true],"medium_large":["https:\/\/homolog.harald.com.br\/site-2026\/wp-content\/uploads\/2024\/06\/curso-de-grao-em-pao-768x408.jpeg",768,408,true],"large":["https:\/\/homolog.harald.com.br\/site-2026\/wp-content\/uploads\/2024\/06\/curso-de-grao-em-pao.jpeg",800,425,false],"1536x1536":["https:\/\/homolog.harald.com.br\/site-2026\/wp-content\/uploads\/2024\/06\/curso-de-grao-em-pao.jpeg",800,425,false],"2048x2048":["https:\/\/homolog.harald.com.br\/site-2026\/wp-content\/uploads\/2024\/06\/curso-de-grao-em-pao.jpeg",800,425,false],"full-width":["https:\/\/homolog.harald.com.br\/site-2026\/wp-content\/uploads\/2024\/06\/curso-de-grao-em-pao.jpeg",800,425,false],"gform-image-choice-sm":["https:\/\/homolog.harald.com.br\/site-2026\/wp-content\/uploads\/2024\/06\/curso-de-grao-em-pao.jpeg",300,159,false],"gform-image-choice-md":["https:\/\/homolog.harald.com.br\/site-2026\/wp-content\/uploads\/2024\/06\/curso-de-grao-em-pao.jpeg",400,213,false],"gform-image-choice-lg":["https:\/\/homolog.harald.com.br\/site-2026\/wp-content\/uploads\/2024\/06\/curso-de-grao-em-pao.jpeg",600,319,false]},"uagb_author_info":{"display_name":"CROWD","author_link":"https:\/\/homolog.harald.com.br\/site-2026\/blog\/author\/crowd\/"},"uagb_comment_info":0,"uagb_excerpt":"Curso de Panifica\u00e7\u00e3o e Confeitaria Gratuito Abre Inscri\u00e7\u00f5es As inscri\u00e7\u00f5es para o segundo semestre do projeto De Gr\u00e3o em P\u00e3o est\u00e3o abertas, oferecendo forma\u00e7\u00e3o gratuita em panifica\u00e7\u00e3o, confeitaria e culin\u00e1ria. Assim, o curso acontece em S\u00e3o Paulo (SP), Recife (PE) e Duque de Caxias (RJ). Jovens de 18 a 29 anos, moradores da periferia desses&hellip;","_links":{"self":[{"href":"https:\/\/homolog.harald.com.br\/site-2026\/wp-json\/wp\/v2\/posts\/194908","targetHints":{"allow":["GET"]}}],"collection":[{"href":"https:\/\/homolog.harald.com.br\/site-2026\/wp-json\/wp\/v2\/posts"}],"about":[{"href":"https:\/\/homolog.harald.com.br\/site-2026\/wp-json\/wp\/v2\/types\/post"}],"author":[{"embeddable":true,"href":"https:\/\/homolog.harald.com.br\/site-2026\/wp-json\/wp\/v2\/users\/9"}],"replies":[{"embeddable":true,"href":"https:\/\/homolog.harald.com.br\/site-2026\/wp-json\/wp\/v2\/comments?post=194908"}],"version-history":[{"count":1,"href":"https:\/\/homolog.harald.com.br\/site-2026\/wp-json\/wp\/v2\/posts\/194908\/revisions"}],"predecessor-version":[{"id":194915,"href":"https:\/\/homolog.harald.com.br\/site-2026\/wp-json\/wp\/v2\/posts\/194908\/revisions\/194915"}],"wp:featuredmedia":[{"embeddable":true,"href":"https:\/\/homolog.harald.com.br\/site-2026\/wp-json\/wp\/v2\/media\/194911"}],"wp:attachment":[{"href":"https:\/\/homolog.harald.com.br\/site-2026\/wp-json\/wp\/v2\/media?parent=194908"}],"wp:term":[{"taxonomy":"category","embeddable":true,"href":"https:\/\/homolog.harald.com.br\/site-2026\/wp-json\/wp\/v2\/categories?post=194908"},{"taxonomy":"post_tag","embeddable":true,"href":"https:\/\/homolog.harald.com.br\/site-2026\/wp-json\/wp\/v2\/tags?post=194908"},{"taxonomy":"para-seu-negocio","embeddable":true,"href":"https:\/\/homolog.harald.com.br\/site-2026\/wp-json\/wp\/v2\/para-seu-negocio?post=194908"}],"curies":[{"name":"wp","href":"https:\/\/api.w.org\/{rel}","templated":true}]}}