{"id":194900,"date":"2024-06-21T10:54:46","date_gmt":"2024-06-21T13:54:46","guid":{"rendered":"https:\/\/homolog.harald.com.br\/site-2026\/?p=194900"},"modified":"2024-06-25T11:23:49","modified_gmt":"2024-06-25T14:23:49","slug":"jovens-de-sp-formados-em-panificacao-prontos-para-o-mercado","status":"publish","type":"post","link":"https:\/\/homolog.harald.com.br\/site-2026\/blog\/jovens-de-sp-formados-em-panificacao-prontos-para-o-mercado\/","title":{"rendered":"Formados em Panifica\u00e7\u00e3o Jovens est\u00e3o Prontos para o Mercado"},"content":{"rendered":"<div class=\"flex-shrink-0 flex flex-col relative items-end\">\n<div>\n<div class=\"pt-0.5 juice:pt-0\">\n<div class=\"gizmo-bot-avatar flex h-6 w-6 items-center justify-center overflow-hidden rounded-full juice:h-8 juice:w-8\">\n<h3 class=\"relative p-1 rounded-sm flex items-center justify-center bg-token-main-surface-primary text-token-text-primary h-8 w-8\">Jovens de S\u00e3o Paulo Formados em Panifica\u00e7\u00e3o Recebem Oferta de Emprego em Padarias<\/h3>\n<\/div>\n<\/div>\n<\/div>\n<\/div>\n<div class=\"group\/conversation-turn relative flex w-full min-w-0 flex-col agent-turn\">\n<div class=\"flex-col gap-1 md:gap-3\">\n<div class=\"flex flex-grow flex-col max-w-full\">\n<div class=\"min-h-[20px] text-message flex flex-col items-start whitespace-pre-wrap break-words [.text-message+&amp;]:mt-5 juice:w-full juice:items-end overflow-x-auto gap-2\" dir=\"auto\" data-message-author-role=\"assistant\" data-message-id=\"0facc29d-8545-472c-b521-f6dd25f0edfd\">\n<div class=\"flex w-full flex-col gap-1 juice:empty:hidden juice:first:pt-[3px]\">\n<div class=\"markdown prose w-full break-words dark:prose-invert light\">\n<p>O curso De Gr\u00e3o em P\u00e3o, oferecido pela Funda\u00e7\u00e3o Bunge, capacita jovens de S\u00e3o Paulo para o mercado de trabalho, especialmente no setor de panifica\u00e7\u00e3o. Assim, ap\u00f3s dez meses de forma\u00e7\u00e3o em panifica\u00e7\u00e3o, confeitaria e culin\u00e1ria, os jovens da periferia de S\u00e3o Paulo est\u00e3o prontos para preencher algumas das 6 mil vagas dispon\u00edveis nas padarias da capital.<\/p>\n<h3>Forma\u00e7\u00e3o Profissional e Inclus\u00e3o no Mercado de Trabalho<\/h3>\n<p>A formatura dos jovens formados em panifica\u00e7\u00e3o ocorrer\u00e1 em 26 de junho, \u00e0s 14h, na sede da Funda\u00e7\u00e3o Bunge. Durante a cerim\u00f4nia, todos os formandos receber\u00e3o ofertas de emprego com carteira assinada e sal\u00e1rio compat\u00edvel com o mercado.<\/p>\n<p>O Brasil possui uma alta taxa de desemprego entre jovens de 18 a 24 anos, segundo dados do primeiro trimestre de 2024 do IBGE 16,8%. Com 295 mil padarias no Brasil e um d\u00e9ficit de 140 mil profissionais, o setor de panifica\u00e7\u00e3o oferece uma oportunidade para a inser\u00e7\u00e3o desses jovens.<\/p>\n<h3>Oportunidades de Carreira na Panifica\u00e7\u00e3o<\/h3>\n<p>Cl\u00e1udia Buzzette Calais, diretora executiva da Funda\u00e7\u00e3o Bunge, destaca \u201cQueremos, com o De Gr\u00e3o em P\u00e3o, conectar padarias com jovens interessados nessa \u00e1rea, para inclu\u00ed-los em um mercado muito promissor.\u201d<\/p>\n<p>Al\u00e9m disso, o curso De Gr\u00e3o em P\u00e3o oferece orienta\u00e7\u00e3o socioemocional. Os alunos aprendem a preparar curr\u00edculos, comportar-se no ambiente de trabalho e recebem acompanhamento de carreira com mentoria da Funda\u00e7\u00e3o Bunge. \u201cIsso \u00e9 essencial para muitos desses jovens, que est\u00e3o come\u00e7ando sua trajet\u00f3ria profissional. A mentoria especializada ajuda-os a se preparar para oportunidades futuras\u201d, explica Cl\u00e1udia.<\/p>\n<h3>Parceiros do Projeto<\/h3>\n<p>Sobretudo, o projeto De Gr\u00e3o em P\u00e3o conta com diversos parceiros, incluindo a Academia Bunge, Harald Chocolates, Funda\u00e7\u00e3o Wadhwani, Sampap\u00e3o, Sindicato da Ind\u00fastria de Panifica\u00e7\u00e3o e Confeitaria do Estado de Pernambuco, Associa\u00e7\u00e3o dos Industriais de Panifica\u00e7\u00e3o de Pernambuco e Simapan.<\/p>\n<p>Portanto, a <a href=\"https:\/\/homolog.harald.com.br\/site-2026\/\">Harald<\/a>, l\u00edder no mercado de coberturas e refer\u00eancia em chocolates no Brasil, orgulha-se de ser parceira desse projeto, contribuindo para a forma\u00e7\u00e3o de jovens e a promo\u00e7\u00e3o do setor de panifica\u00e7\u00e3o.<\/p>\n<\/div>\n<\/div>\n<\/div>\n<\/div>\n<\/div>\n<\/div>\n","protected":false},"excerpt":{"rendered":"<p>Jovens de S\u00e3o Paulo Formados em Panifica\u00e7\u00e3o Recebem Oferta de Emprego em Padarias O curso De Gr\u00e3o em P\u00e3o, oferecido pela Funda\u00e7\u00e3o Bunge, capacita jovens de S\u00e3o Paulo para o mercado de trabalho, especialmente no setor de panifica\u00e7\u00e3o. Assim, ap\u00f3s dez meses de forma\u00e7\u00e3o em panifica\u00e7\u00e3o, confeitaria e culin\u00e1ria, os jovens da periferia de S\u00e3o <a class=\"more-link\" href=\"https:\/\/homolog.harald.com.br\/site-2026\/blog\/jovens-de-sp-formados-em-panificacao-prontos-para-o-mercado\/\">Read more&#8230;<\/a><\/p>\n","protected":false},"author":9,"featured_media":194904,"comment_status":"closed","ping_status":"closed","sticky":false,"template":"","format":"standard","meta":{"_acf_changed":false,"_uag_custom_page_level_css":"","footnotes":""},"categories":[158],"tags":[],"para-seu-negocio":[],"class_list":["post-194900","post","type-post","status-publish","format-standard","has-post-thumbnail","hentry","category-noticias"],"acf":[],"yoast_head":"<!-- This site is optimized with the Yoast SEO plugin v26.3 - https:\/\/yoast.com\/wordpress\/plugins\/seo\/ -->\n<title>Formados em Panifica\u00e7\u00e3o Jovens est\u00e3o Prontos para o Mercado - Harald<\/title>\n<meta name=\"description\" content=\"Jovens de S\u00e3o Paulo formados em panifica\u00e7\u00e3o pelo curso De Gr\u00e3o em P\u00e3o da Funda\u00e7\u00e3o Bunge, garantindo emprego!\" \/>\n<meta name=\"robots\" content=\"noindex, follow, max-snippet:-1, max-image-preview:large, max-video-preview:-1\" \/>\n<meta property=\"og:locale\" content=\"pt_BR\" \/>\n<meta property=\"og:type\" content=\"article\" \/>\n<meta property=\"og:title\" content=\"Formados em Panifica\u00e7\u00e3o Jovens est\u00e3o Prontos para o Mercado - Harald\" \/>\n<meta property=\"og:description\" content=\"Jovens de S\u00e3o Paulo formados em panifica\u00e7\u00e3o pelo curso De Gr\u00e3o em P\u00e3o da Funda\u00e7\u00e3o Bunge, garantindo emprego!\" \/>\n<meta property=\"og:url\" content=\"https:\/\/homolog.harald.com.br\/site-2026\/blog\/jovens-de-sp-formados-em-panificacao-prontos-para-o-mercado\/\" \/>\n<meta property=\"og:site_name\" content=\"Harald\" \/>\n<meta property=\"article:publisher\" content=\"https:\/\/www.facebook.com\/HaraldChocolates\/\" \/>\n<meta property=\"article:published_time\" content=\"2024-06-21T13:54:46+00:00\" \/>\n<meta property=\"article:modified_time\" content=\"2024-06-25T14:23:49+00:00\" \/>\n<meta property=\"og:image\" content=\"https:\/\/homolog.harald.com.br\/site-2026\/wp-content\/uploads\/2024\/06\/formados-em-panificacao.webp\" \/>\n\t<meta property=\"og:image:width\" content=\"525\" \/>\n\t<meta property=\"og:image:height\" content=\"350\" \/>\n\t<meta property=\"og:image:type\" content=\"image\/webp\" \/>\n<meta name=\"author\" content=\"CROWD\" \/>\n<meta name=\"twitter:card\" content=\"summary_large_image\" \/>\n<meta name=\"twitter:label1\" content=\"Escrito por\" \/>\n\t<meta name=\"twitter:data1\" content=\"CROWD\" \/>\n\t<meta name=\"twitter:label2\" content=\"Est. tempo de leitura\" \/>\n\t<meta name=\"twitter:data2\" content=\"3 minutos\" \/>\n<script type=\"application\/ld+json\" class=\"yoast-schema-graph\">{\"@context\":\"https:\/\/schema.org\",\"@graph\":[{\"@type\":\"Article\",\"@id\":\"https:\/\/homolog.harald.com.br\/site-2026\/blog\/jovens-de-sp-formados-em-panificacao-prontos-para-o-mercado\/#article\",\"isPartOf\":{\"@id\":\"https:\/\/homolog.harald.com.br\/site-2026\/blog\/jovens-de-sp-formados-em-panificacao-prontos-para-o-mercado\/\"},\"author\":{\"name\":\"CROWD\",\"@id\":\"https:\/\/homolog.harald.com.br\/site-2026\/#\/schema\/person\/474c783c0a4a997b6352b8b626175b12\"},\"headline\":\"Formados em Panifica\u00e7\u00e3o Jovens est\u00e3o Prontos para o Mercado\",\"datePublished\":\"2024-06-21T13:54:46+00:00\",\"dateModified\":\"2024-06-25T14:23:49+00:00\",\"mainEntityOfPage\":{\"@id\":\"https:\/\/homolog.harald.com.br\/site-2026\/blog\/jovens-de-sp-formados-em-panificacao-prontos-para-o-mercado\/\"},\"wordCount\":390,\"publisher\":{\"@id\":\"https:\/\/homolog.harald.com.br\/site-2026\/#organization\"},\"image\":{\"@id\":\"https:\/\/homolog.harald.com.br\/site-2026\/blog\/jovens-de-sp-formados-em-panificacao-prontos-para-o-mercado\/#primaryimage\"},\"thumbnailUrl\":\"https:\/\/homolog.harald.com.br\/site-2026\/wp-content\/uploads\/2024\/06\/formados-em-panificacao.webp\",\"articleSection\":[\"Not\u00edcias\"],\"inLanguage\":\"pt-BR\"},{\"@type\":\"WebPage\",\"@id\":\"https:\/\/homolog.harald.com.br\/site-2026\/blog\/jovens-de-sp-formados-em-panificacao-prontos-para-o-mercado\/\",\"url\":\"https:\/\/homolog.harald.com.br\/site-2026\/blog\/jovens-de-sp-formados-em-panificacao-prontos-para-o-mercado\/\",\"name\":\"Formados em Panifica\u00e7\u00e3o Jovens est\u00e3o Prontos para o Mercado - Harald\",\"isPartOf\":{\"@id\":\"https:\/\/homolog.harald.com.br\/site-2026\/#website\"},\"primaryImageOfPage\":{\"@id\":\"https:\/\/homolog.harald.com.br\/site-2026\/blog\/jovens-de-sp-formados-em-panificacao-prontos-para-o-mercado\/#primaryimage\"},\"image\":{\"@id\":\"https:\/\/homolog.harald.com.br\/site-2026\/blog\/jovens-de-sp-formados-em-panificacao-prontos-para-o-mercado\/#primaryimage\"},\"thumbnailUrl\":\"https:\/\/homolog.harald.com.br\/site-2026\/wp-content\/uploads\/2024\/06\/formados-em-panificacao.webp\",\"datePublished\":\"2024-06-21T13:54:46+00:00\",\"dateModified\":\"2024-06-25T14:23:49+00:00\",\"description\":\"Jovens de S\u00e3o Paulo formados em panifica\u00e7\u00e3o pelo curso De Gr\u00e3o em P\u00e3o da Funda\u00e7\u00e3o Bunge, garantindo emprego!\",\"breadcrumb\":{\"@id\":\"https:\/\/homolog.harald.com.br\/site-2026\/blog\/jovens-de-sp-formados-em-panificacao-prontos-para-o-mercado\/#breadcrumb\"},\"inLanguage\":\"pt-BR\",\"potentialAction\":[{\"@type\":\"ReadAction\",\"target\":[\"https:\/\/homolog.harald.com.br\/site-2026\/blog\/jovens-de-sp-formados-em-panificacao-prontos-para-o-mercado\/\"]}]},{\"@type\":\"ImageObject\",\"inLanguage\":\"pt-BR\",\"@id\":\"https:\/\/homolog.harald.com.br\/site-2026\/blog\/jovens-de-sp-formados-em-panificacao-prontos-para-o-mercado\/#primaryimage\",\"url\":\"https:\/\/homolog.harald.com.br\/site-2026\/wp-content\/uploads\/2024\/06\/formados-em-panificacao.webp\",\"contentUrl\":\"https:\/\/homolog.harald.com.br\/site-2026\/wp-content\/uploads\/2024\/06\/formados-em-panificacao.webp\",\"width\":525,\"height\":350,\"caption\":\"Formados em Panifica\u00e7\u00e3o\"},{\"@type\":\"BreadcrumbList\",\"@id\":\"https:\/\/homolog.harald.com.br\/site-2026\/blog\/jovens-de-sp-formados-em-panificacao-prontos-para-o-mercado\/#breadcrumb\",\"itemListElement\":[{\"@type\":\"ListItem\",\"position\":1,\"name\":\"In\u00edcio\",\"item\":\"https:\/\/homolog.harald.com.br\/site-2026\/\"},{\"@type\":\"ListItem\",\"position\":2,\"name\":\"Formados em Panifica\u00e7\u00e3o Jovens est\u00e3o Prontos para o Mercado\"}]},{\"@type\":\"WebSite\",\"@id\":\"https:\/\/homolog.harald.com.br\/site-2026\/#website\",\"url\":\"https:\/\/homolog.harald.com.br\/site-2026\/\",\"name\":\"Harald\",\"description\":\"Fazer melhor \u00e9 fazer com paix\u00e3o\",\"publisher\":{\"@id\":\"https:\/\/homolog.harald.com.br\/site-2026\/#organization\"},\"potentialAction\":[{\"@type\":\"SearchAction\",\"target\":{\"@type\":\"EntryPoint\",\"urlTemplate\":\"https:\/\/homolog.harald.com.br\/site-2026\/?s={search_term_string}\"},\"query-input\":{\"@type\":\"PropertyValueSpecification\",\"valueRequired\":true,\"valueName\":\"search_term_string\"}}],\"inLanguage\":\"pt-BR\"},{\"@type\":\"Organization\",\"@id\":\"https:\/\/homolog.harald.com.br\/site-2026\/#organization\",\"name\":\"Harald\",\"url\":\"https:\/\/homolog.harald.com.br\/site-2026\/\",\"logo\":{\"@type\":\"ImageObject\",\"inLanguage\":\"pt-BR\",\"@id\":\"https:\/\/homolog.harald.com.br\/site-2026\/#\/schema\/logo\/image\/\",\"url\":\"https:\/\/homolog.harald.com.br\/site-2026\/wp-content\/uploads\/2022\/09\/logo-harald-cmyk-ss.png\",\"contentUrl\":\"https:\/\/homolog.harald.com.br\/site-2026\/wp-content\/uploads\/2022\/09\/logo-harald-cmyk-ss.png\",\"width\":1948,\"height\":1051,\"caption\":\"Harald\"},\"image\":{\"@id\":\"https:\/\/homolog.harald.com.br\/site-2026\/#\/schema\/logo\/image\/\"},\"sameAs\":[\"https:\/\/www.facebook.com\/HaraldChocolates\/\",\"https:\/\/www.youtube.com\/user\/HaraldChocolates\"]},{\"@type\":\"Person\",\"@id\":\"https:\/\/homolog.harald.com.br\/site-2026\/#\/schema\/person\/474c783c0a4a997b6352b8b626175b12\",\"name\":\"CROWD\",\"image\":{\"@type\":\"ImageObject\",\"inLanguage\":\"pt-BR\",\"@id\":\"https:\/\/homolog.harald.com.br\/site-2026\/#\/schema\/person\/image\/\",\"url\":\"https:\/\/secure.gravatar.com\/avatar\/4d8c1df2b3db7e6270e2d04115410a036e98bb8f8dd59ca3c343e438750c76b9?s=96&d=mm&r=g\",\"contentUrl\":\"https:\/\/secure.gravatar.com\/avatar\/4d8c1df2b3db7e6270e2d04115410a036e98bb8f8dd59ca3c343e438750c76b9?s=96&d=mm&r=g\",\"caption\":\"CROWD\"},\"url\":\"https:\/\/homolog.harald.com.br\/site-2026\/blog\/author\/crowd\/\"}]}<\/script>\n<!-- \/ Yoast SEO plugin. -->","yoast_head_json":{"title":"Formados em Panifica\u00e7\u00e3o Jovens est\u00e3o Prontos para o Mercado - Harald","description":"Jovens de S\u00e3o Paulo formados em panifica\u00e7\u00e3o pelo curso De Gr\u00e3o em P\u00e3o da Funda\u00e7\u00e3o Bunge, garantindo emprego!","robots":{"index":"noindex","follow":"follow","max-snippet":"max-snippet:-1","max-image-preview":"max-image-preview:large","max-video-preview":"max-video-preview:-1"},"og_locale":"pt_BR","og_type":"article","og_title":"Formados em Panifica\u00e7\u00e3o Jovens est\u00e3o Prontos para o Mercado - Harald","og_description":"Jovens de S\u00e3o Paulo formados em panifica\u00e7\u00e3o pelo curso De Gr\u00e3o em P\u00e3o da Funda\u00e7\u00e3o Bunge, garantindo emprego!","og_url":"https:\/\/homolog.harald.com.br\/site-2026\/blog\/jovens-de-sp-formados-em-panificacao-prontos-para-o-mercado\/","og_site_name":"Harald","article_publisher":"https:\/\/www.facebook.com\/HaraldChocolates\/","article_published_time":"2024-06-21T13:54:46+00:00","article_modified_time":"2024-06-25T14:23:49+00:00","og_image":[{"width":525,"height":350,"url":"https:\/\/homolog.harald.com.br\/site-2026\/wp-content\/uploads\/2024\/06\/formados-em-panificacao.webp","type":"image\/webp"}],"author":"CROWD","twitter_card":"summary_large_image","twitter_misc":{"Escrito por":"CROWD","Est. tempo de leitura":"3 minutos"},"schema":{"@context":"https:\/\/schema.org","@graph":[{"@type":"Article","@id":"https:\/\/homolog.harald.com.br\/site-2026\/blog\/jovens-de-sp-formados-em-panificacao-prontos-para-o-mercado\/#article","isPartOf":{"@id":"https:\/\/homolog.harald.com.br\/site-2026\/blog\/jovens-de-sp-formados-em-panificacao-prontos-para-o-mercado\/"},"author":{"name":"CROWD","@id":"https:\/\/homolog.harald.com.br\/site-2026\/#\/schema\/person\/474c783c0a4a997b6352b8b626175b12"},"headline":"Formados em Panifica\u00e7\u00e3o Jovens est\u00e3o Prontos para o Mercado","datePublished":"2024-06-21T13:54:46+00:00","dateModified":"2024-06-25T14:23:49+00:00","mainEntityOfPage":{"@id":"https:\/\/homolog.harald.com.br\/site-2026\/blog\/jovens-de-sp-formados-em-panificacao-prontos-para-o-mercado\/"},"wordCount":390,"publisher":{"@id":"https:\/\/homolog.harald.com.br\/site-2026\/#organization"},"image":{"@id":"https:\/\/homolog.harald.com.br\/site-2026\/blog\/jovens-de-sp-formados-em-panificacao-prontos-para-o-mercado\/#primaryimage"},"thumbnailUrl":"https:\/\/homolog.harald.com.br\/site-2026\/wp-content\/uploads\/2024\/06\/formados-em-panificacao.webp","articleSection":["Not\u00edcias"],"inLanguage":"pt-BR"},{"@type":"WebPage","@id":"https:\/\/homolog.harald.com.br\/site-2026\/blog\/jovens-de-sp-formados-em-panificacao-prontos-para-o-mercado\/","url":"https:\/\/homolog.harald.com.br\/site-2026\/blog\/jovens-de-sp-formados-em-panificacao-prontos-para-o-mercado\/","name":"Formados em Panifica\u00e7\u00e3o Jovens est\u00e3o Prontos para o Mercado - Harald","isPartOf":{"@id":"https:\/\/homolog.harald.com.br\/site-2026\/#website"},"primaryImageOfPage":{"@id":"https:\/\/homolog.harald.com.br\/site-2026\/blog\/jovens-de-sp-formados-em-panificacao-prontos-para-o-mercado\/#primaryimage"},"image":{"@id":"https:\/\/homolog.harald.com.br\/site-2026\/blog\/jovens-de-sp-formados-em-panificacao-prontos-para-o-mercado\/#primaryimage"},"thumbnailUrl":"https:\/\/homolog.harald.com.br\/site-2026\/wp-content\/uploads\/2024\/06\/formados-em-panificacao.webp","datePublished":"2024-06-21T13:54:46+00:00","dateModified":"2024-06-25T14:23:49+00:00","description":"Jovens de S\u00e3o Paulo formados em panifica\u00e7\u00e3o pelo curso De Gr\u00e3o em P\u00e3o da Funda\u00e7\u00e3o Bunge, garantindo emprego!","breadcrumb":{"@id":"https:\/\/homolog.harald.com.br\/site-2026\/blog\/jovens-de-sp-formados-em-panificacao-prontos-para-o-mercado\/#breadcrumb"},"inLanguage":"pt-BR","potentialAction":[{"@type":"ReadAction","target":["https:\/\/homolog.harald.com.br\/site-2026\/blog\/jovens-de-sp-formados-em-panificacao-prontos-para-o-mercado\/"]}]},{"@type":"ImageObject","inLanguage":"pt-BR","@id":"https:\/\/homolog.harald.com.br\/site-2026\/blog\/jovens-de-sp-formados-em-panificacao-prontos-para-o-mercado\/#primaryimage","url":"https:\/\/homolog.harald.com.br\/site-2026\/wp-content\/uploads\/2024\/06\/formados-em-panificacao.webp","contentUrl":"https:\/\/homolog.harald.com.br\/site-2026\/wp-content\/uploads\/2024\/06\/formados-em-panificacao.webp","width":525,"height":350,"caption":"Formados em Panifica\u00e7\u00e3o"},{"@type":"BreadcrumbList","@id":"https:\/\/homolog.harald.com.br\/site-2026\/blog\/jovens-de-sp-formados-em-panificacao-prontos-para-o-mercado\/#breadcrumb","itemListElement":[{"@type":"ListItem","position":1,"name":"In\u00edcio","item":"https:\/\/homolog.harald.com.br\/site-2026\/"},{"@type":"ListItem","position":2,"name":"Formados em Panifica\u00e7\u00e3o Jovens est\u00e3o Prontos para o Mercado"}]},{"@type":"WebSite","@id":"https:\/\/homolog.harald.com.br\/site-2026\/#website","url":"https:\/\/homolog.harald.com.br\/site-2026\/","name":"Harald","description":"Fazer melhor \u00e9 fazer com paix\u00e3o","publisher":{"@id":"https:\/\/homolog.harald.com.br\/site-2026\/#organization"},"potentialAction":[{"@type":"SearchAction","target":{"@type":"EntryPoint","urlTemplate":"https:\/\/homolog.harald.com.br\/site-2026\/?s={search_term_string}"},"query-input":{"@type":"PropertyValueSpecification","valueRequired":true,"valueName":"search_term_string"}}],"inLanguage":"pt-BR"},{"@type":"Organization","@id":"https:\/\/homolog.harald.com.br\/site-2026\/#organization","name":"Harald","url":"https:\/\/homolog.harald.com.br\/site-2026\/","logo":{"@type":"ImageObject","inLanguage":"pt-BR","@id":"https:\/\/homolog.harald.com.br\/site-2026\/#\/schema\/logo\/image\/","url":"https:\/\/homolog.harald.com.br\/site-2026\/wp-content\/uploads\/2022\/09\/logo-harald-cmyk-ss.png","contentUrl":"https:\/\/homolog.harald.com.br\/site-2026\/wp-content\/uploads\/2022\/09\/logo-harald-cmyk-ss.png","width":1948,"height":1051,"caption":"Harald"},"image":{"@id":"https:\/\/homolog.harald.com.br\/site-2026\/#\/schema\/logo\/image\/"},"sameAs":["https:\/\/www.facebook.com\/HaraldChocolates\/","https:\/\/www.youtube.com\/user\/HaraldChocolates"]},{"@type":"Person","@id":"https:\/\/homolog.harald.com.br\/site-2026\/#\/schema\/person\/474c783c0a4a997b6352b8b626175b12","name":"CROWD","image":{"@type":"ImageObject","inLanguage":"pt-BR","@id":"https:\/\/homolog.harald.com.br\/site-2026\/#\/schema\/person\/image\/","url":"https:\/\/secure.gravatar.com\/avatar\/4d8c1df2b3db7e6270e2d04115410a036e98bb8f8dd59ca3c343e438750c76b9?s=96&d=mm&r=g","contentUrl":"https:\/\/secure.gravatar.com\/avatar\/4d8c1df2b3db7e6270e2d04115410a036e98bb8f8dd59ca3c343e438750c76b9?s=96&d=mm&r=g","caption":"CROWD"},"url":"https:\/\/homolog.harald.com.br\/site-2026\/blog\/author\/crowd\/"}]}},"uagb_featured_image_src":{"full":["https:\/\/homolog.harald.com.br\/site-2026\/wp-content\/uploads\/2024\/06\/formados-em-panificacao.webp",525,350,false],"thumbnail":["https:\/\/homolog.harald.com.br\/site-2026\/wp-content\/uploads\/2024\/06\/formados-em-panificacao-150x150.webp",150,150,true],"medium":["https:\/\/homolog.harald.com.br\/site-2026\/wp-content\/uploads\/2024\/06\/formados-em-panificacao-300x200.webp",300,200,true],"medium_large":["https:\/\/homolog.harald.com.br\/site-2026\/wp-content\/uploads\/2024\/06\/formados-em-panificacao.webp",525,350,false],"large":["https:\/\/homolog.harald.com.br\/site-2026\/wp-content\/uploads\/2024\/06\/formados-em-panificacao.webp",525,350,false],"1536x1536":["https:\/\/homolog.harald.com.br\/site-2026\/wp-content\/uploads\/2024\/06\/formados-em-panificacao.webp",525,350,false],"2048x2048":["https:\/\/homolog.harald.com.br\/site-2026\/wp-content\/uploads\/2024\/06\/formados-em-panificacao.webp",525,350,false],"full-width":["https:\/\/homolog.harald.com.br\/site-2026\/wp-content\/uploads\/2024\/06\/formados-em-panificacao.webp",525,350,false],"gform-image-choice-sm":["https:\/\/homolog.harald.com.br\/site-2026\/wp-content\/uploads\/2024\/06\/formados-em-panificacao.webp",300,200,false],"gform-image-choice-md":["https:\/\/homolog.harald.com.br\/site-2026\/wp-content\/uploads\/2024\/06\/formados-em-panificacao.webp",400,267,false],"gform-image-choice-lg":["https:\/\/homolog.harald.com.br\/site-2026\/wp-content\/uploads\/2024\/06\/formados-em-panificacao.webp",525,350,false]},"uagb_author_info":{"display_name":"CROWD","author_link":"https:\/\/homolog.harald.com.br\/site-2026\/blog\/author\/crowd\/"},"uagb_comment_info":0,"uagb_excerpt":"Jovens de S\u00e3o Paulo Formados em Panifica\u00e7\u00e3o Recebem Oferta de Emprego em Padarias O curso De Gr\u00e3o em P\u00e3o, oferecido pela Funda\u00e7\u00e3o Bunge, capacita jovens de S\u00e3o Paulo para o mercado de trabalho, especialmente no setor de panifica\u00e7\u00e3o. Assim, ap\u00f3s dez meses de forma\u00e7\u00e3o em panifica\u00e7\u00e3o, confeitaria e culin\u00e1ria, os jovens da periferia de S\u00e3o&hellip;","_links":{"self":[{"href":"https:\/\/homolog.harald.com.br\/site-2026\/wp-json\/wp\/v2\/posts\/194900","targetHints":{"allow":["GET"]}}],"collection":[{"href":"https:\/\/homolog.harald.com.br\/site-2026\/wp-json\/wp\/v2\/posts"}],"about":[{"href":"https:\/\/homolog.harald.com.br\/site-2026\/wp-json\/wp\/v2\/types\/post"}],"author":[{"embeddable":true,"href":"https:\/\/homolog.harald.com.br\/site-2026\/wp-json\/wp\/v2\/users\/9"}],"replies":[{"embeddable":true,"href":"https:\/\/homolog.harald.com.br\/site-2026\/wp-json\/wp\/v2\/comments?post=194900"}],"version-history":[{"count":1,"href":"https:\/\/homolog.harald.com.br\/site-2026\/wp-json\/wp\/v2\/posts\/194900\/revisions"}],"predecessor-version":[{"id":194907,"href":"https:\/\/homolog.harald.com.br\/site-2026\/wp-json\/wp\/v2\/posts\/194900\/revisions\/194907"}],"wp:featuredmedia":[{"embeddable":true,"href":"https:\/\/homolog.harald.com.br\/site-2026\/wp-json\/wp\/v2\/media\/194904"}],"wp:attachment":[{"href":"https:\/\/homolog.harald.com.br\/site-2026\/wp-json\/wp\/v2\/media?parent=194900"}],"wp:term":[{"taxonomy":"category","embeddable":true,"href":"https:\/\/homolog.harald.com.br\/site-2026\/wp-json\/wp\/v2\/categories?post=194900"},{"taxonomy":"post_tag","embeddable":true,"href":"https:\/\/homolog.harald.com.br\/site-2026\/wp-json\/wp\/v2\/tags?post=194900"},{"taxonomy":"para-seu-negocio","embeddable":true,"href":"https:\/\/homolog.harald.com.br\/site-2026\/wp-json\/wp\/v2\/para-seu-negocio?post=194900"}],"curies":[{"name":"wp","href":"https:\/\/api.w.org\/{rel}","templated":true}]}}