{"id":191602,"date":"2024-06-07T12:37:44","date_gmt":"2024-06-07T15:37:44","guid":{"rendered":"https:\/\/homolog.harald.com.br\/site-2026\/?p=191602"},"modified":"2024-06-07T12:37:44","modified_gmt":"2024-06-07T15:37:44","slug":"harald-lanca-granule-melken-caramelo","status":"publish","type":"post","link":"https:\/\/homolog.harald.com.br\/site-2026\/blog\/harald-lanca-granule-melken-caramelo\/","title":{"rendered":"Harald Lan\u00e7a Granul\u00e9 Melken Caramelo"},"content":{"rendered":"<h3>Harald Lan\u00e7a Granul\u00e9 Melken Caramelo e Consolida Maior Portf\u00f3lio de Decora\u00e7\u00f5es com Chocolate do Mercado<\/h3>\n<p>A Harald, l\u00edder no mercado de coberturas e chocolates para confeitaria, anunciou a amplia\u00e7\u00e3o do seu portf\u00f3lio de decora\u00e7\u00f5es com um novo lan\u00e7amento. O Granul\u00e9 Melken Caramelo \u00e9 o mais recente integrante da linha de decora\u00e7\u00f5es Melken, trazendo um produto feito 100% com chocolate e com notas de caramelo, sem adi\u00e7\u00e3o de corantes.<\/p>\n<p><img loading=\"lazy\" decoding=\"async\" class=\"aligncenter wp-image-191606\" src=\"https:\/\/homolog.harald.com.br\/site-2026\/wp-content\/uploads\/2024\/06\/design-sem-nome-1024x576.png\" alt=\"Granul\u00e9 Melken Caramelo\" width=\"634\" height=\"357\" srcset=\"https:\/\/homolog.harald.com.br\/site-2026\/wp-content\/uploads\/2024\/06\/design-sem-nome-1024x576.png 1024w, https:\/\/homolog.harald.com.br\/site-2026\/wp-content\/uploads\/2024\/06\/design-sem-nome-300x169.png 300w, https:\/\/homolog.harald.com.br\/site-2026\/wp-content\/uploads\/2024\/06\/design-sem-nome-768x432.png 768w, https:\/\/homolog.harald.com.br\/site-2026\/wp-content\/uploads\/2024\/06\/design-sem-nome-1536x864.png 1536w, https:\/\/homolog.harald.com.br\/site-2026\/wp-content\/uploads\/2024\/06\/design-sem-nome.png 1920w\" sizes=\"auto, (max-width: 634px) 100vw, 634px\" \/><\/p>\n<p>Segundo Fernanda Sequetto, gerente executiva de marketing da Harald, o Granul\u00e9 Melken Caramelo j\u00e1 esteve presente no portf\u00f3lio da empresa, mas agora retorna com uma formula\u00e7\u00e3o aperfei\u00e7oada. &#8220;Utilizamos uma tecnologia inovadora para intensificar o sabor e a cor de caramelo, sem corantes e aromatizantes artificiais&#8221;, comenta Fernanda. Assim a reformula\u00e7\u00e3o foi impulsionada por uma escuta ativa do consumidor, que demonstrou grande potencial para o produto. &#8220;Quer\u00edamos agregar mais sabor ao preparo de brigadeiros, bolos e outras sobremesas, oferecendo um sensorial mais agu\u00e7ado que valoriza o produto final&#8221;, acrescenta.<\/p>\n<h3>Disponibilidade e Variedade<\/h3>\n<p>O novo Granul\u00e9 Melken Caramelo se junta \u00e0s outras vers\u00f5es do portf\u00f3lio de decora\u00e7\u00f5es da Harald, incluindo Chocolate Ao Leite, Chocolate Branco, Chocolate Meio Amargo e Chocolate 70% Cacau, al\u00e9m dos Vermicellis de Chocolate Ao Leite e Branco. O produto j\u00e1 est\u00e1 dispon\u00edvel nos principais atacados e lojas especializadas em todo o Brasil, em embalagens de 400g.<\/p>\n<h3>Conhe\u00e7a a Marca Melken<\/h3>\n<p>Melken \u00e9 a marca de chocolates nobres da Harald, reconhecida por confeiteiros de todo o pa\u00eds pela facilidade de derreter e temperar, al\u00e9m de seu sabor indulgente e qualidade superior. Ideal para diversas receitas, o chocolate Melken molda, recheia e decora com excelente rendimento e brilho. O portf\u00f3lio inclui barras, gotas, p\u00f3 e produtos para decora\u00e7\u00e3o, bem como ganaches, docinhos e recheios prontos para uso.<\/p>\n<p>L\u00edder no segmento de chocolate e cobertura para confeitaria, a <a href=\"https:\/\/homolog.harald.com.br\/site-2026\/\">Harald<\/a> \u00e9 uma refer\u00eancia no mercado especializado, food service e cash &amp; carry. Por fim, seu portf\u00f3lio inclui as marcas Unique, Melken, TOP e Confeiteiro. Fundada em 1982, a Harald faz parte do grupo japon\u00eas Fuji Oil desde 2015, consolidando sua presen\u00e7a global.<\/p>\n","protected":false},"excerpt":{"rendered":"<p>Harald Lan\u00e7a Granul\u00e9 Melken Caramelo e Consolida Maior Portf\u00f3lio de Decora\u00e7\u00f5es com Chocolate do Mercado A Harald, l\u00edder no mercado de coberturas e chocolates para confeitaria, anunciou a amplia\u00e7\u00e3o do seu portf\u00f3lio de decora\u00e7\u00f5es com um novo lan\u00e7amento. O Granul\u00e9 Melken Caramelo \u00e9 o mais recente integrante da linha de decora\u00e7\u00f5es Melken, trazendo um produto <a class=\"more-link\" href=\"https:\/\/homolog.harald.com.br\/site-2026\/blog\/harald-lanca-granule-melken-caramelo\/\">Read more&#8230;<\/a><\/p>\n","protected":false},"author":9,"featured_media":191606,"comment_status":"closed","ping_status":"closed","sticky":false,"template":"","format":"standard","meta":{"_acf_changed":false,"_uag_custom_page_level_css":"","footnotes":""},"categories":[158],"tags":[],"para-seu-negocio":[],"class_list":["post-191602","post","type-post","status-publish","format-standard","has-post-thumbnail","hentry","category-noticias"],"acf":[],"yoast_head":"<!-- This site is optimized with the Yoast SEO plugin v26.3 - https:\/\/yoast.com\/wordpress\/plugins\/seo\/ -->\n<title>Harald Lan\u00e7a Granul\u00e9 Melken Caramelo - Harald<\/title>\n<meta name=\"description\" content=\"Harald lan\u00e7a o Granul\u00e9 Melken Caramelo, ampliando seu portf\u00f3lio com uma decora\u00e7\u00e3o 100% chocolate e notas de caramelo!\" \/>\n<meta name=\"robots\" content=\"noindex, follow, max-snippet:-1, max-image-preview:large, max-video-preview:-1\" \/>\n<meta property=\"og:locale\" content=\"pt_BR\" \/>\n<meta property=\"og:type\" content=\"article\" \/>\n<meta property=\"og:title\" content=\"Harald Lan\u00e7a Granul\u00e9 Melken Caramelo - Harald\" \/>\n<meta property=\"og:description\" content=\"Harald lan\u00e7a o Granul\u00e9 Melken Caramelo, ampliando seu portf\u00f3lio com uma decora\u00e7\u00e3o 100% chocolate e notas de caramelo!\" \/>\n<meta property=\"og:url\" content=\"https:\/\/homolog.harald.com.br\/site-2026\/blog\/harald-lanca-granule-melken-caramelo\/\" \/>\n<meta property=\"og:site_name\" content=\"Harald\" \/>\n<meta property=\"article:publisher\" content=\"https:\/\/www.facebook.com\/HaraldChocolates\/\" \/>\n<meta property=\"article:published_time\" content=\"2024-06-07T15:37:44+00:00\" \/>\n<meta property=\"og:image\" content=\"https:\/\/homolog.harald.com.br\/site-2026\/wp-content\/uploads\/2024\/06\/design-sem-nome-1024x576.png\" \/>\n\t<meta property=\"og:image:width\" content=\"1024\" \/>\n\t<meta property=\"og:image:height\" content=\"576\" \/>\n\t<meta property=\"og:image:type\" content=\"image\/png\" \/>\n<meta name=\"author\" content=\"CROWD\" \/>\n<meta name=\"twitter:card\" content=\"summary_large_image\" \/>\n<meta name=\"twitter:label1\" content=\"Escrito por\" \/>\n\t<meta name=\"twitter:data1\" content=\"CROWD\" \/>\n\t<meta name=\"twitter:label2\" content=\"Est. tempo de leitura\" \/>\n\t<meta name=\"twitter:data2\" content=\"3 minutos\" \/>\n<script type=\"application\/ld+json\" class=\"yoast-schema-graph\">{\"@context\":\"https:\/\/schema.org\",\"@graph\":[{\"@type\":\"Article\",\"@id\":\"https:\/\/homolog.harald.com.br\/site-2026\/blog\/harald-lanca-granule-melken-caramelo\/#article\",\"isPartOf\":{\"@id\":\"https:\/\/homolog.harald.com.br\/site-2026\/blog\/harald-lanca-granule-melken-caramelo\/\"},\"author\":{\"name\":\"CROWD\",\"@id\":\"https:\/\/homolog.harald.com.br\/site-2026\/#\/schema\/person\/474c783c0a4a997b6352b8b626175b12\"},\"headline\":\"Harald Lan\u00e7a Granul\u00e9 Melken Caramelo\",\"datePublished\":\"2024-06-07T15:37:44+00:00\",\"mainEntityOfPage\":{\"@id\":\"https:\/\/homolog.harald.com.br\/site-2026\/blog\/harald-lanca-granule-melken-caramelo\/\"},\"wordCount\":368,\"publisher\":{\"@id\":\"https:\/\/homolog.harald.com.br\/site-2026\/#organization\"},\"image\":{\"@id\":\"https:\/\/homolog.harald.com.br\/site-2026\/blog\/harald-lanca-granule-melken-caramelo\/#primaryimage\"},\"thumbnailUrl\":\"https:\/\/homolog.harald.com.br\/site-2026\/wp-content\/uploads\/2024\/06\/design-sem-nome.png\",\"articleSection\":[\"Not\u00edcias\"],\"inLanguage\":\"pt-BR\"},{\"@type\":\"WebPage\",\"@id\":\"https:\/\/homolog.harald.com.br\/site-2026\/blog\/harald-lanca-granule-melken-caramelo\/\",\"url\":\"https:\/\/homolog.harald.com.br\/site-2026\/blog\/harald-lanca-granule-melken-caramelo\/\",\"name\":\"Harald Lan\u00e7a Granul\u00e9 Melken Caramelo - Harald\",\"isPartOf\":{\"@id\":\"https:\/\/homolog.harald.com.br\/site-2026\/#website\"},\"primaryImageOfPage\":{\"@id\":\"https:\/\/homolog.harald.com.br\/site-2026\/blog\/harald-lanca-granule-melken-caramelo\/#primaryimage\"},\"image\":{\"@id\":\"https:\/\/homolog.harald.com.br\/site-2026\/blog\/harald-lanca-granule-melken-caramelo\/#primaryimage\"},\"thumbnailUrl\":\"https:\/\/homolog.harald.com.br\/site-2026\/wp-content\/uploads\/2024\/06\/design-sem-nome.png\",\"datePublished\":\"2024-06-07T15:37:44+00:00\",\"description\":\"Harald lan\u00e7a o Granul\u00e9 Melken Caramelo, ampliando seu portf\u00f3lio com uma decora\u00e7\u00e3o 100% chocolate e notas de caramelo!\",\"breadcrumb\":{\"@id\":\"https:\/\/homolog.harald.com.br\/site-2026\/blog\/harald-lanca-granule-melken-caramelo\/#breadcrumb\"},\"inLanguage\":\"pt-BR\",\"potentialAction\":[{\"@type\":\"ReadAction\",\"target\":[\"https:\/\/homolog.harald.com.br\/site-2026\/blog\/harald-lanca-granule-melken-caramelo\/\"]}]},{\"@type\":\"ImageObject\",\"inLanguage\":\"pt-BR\",\"@id\":\"https:\/\/homolog.harald.com.br\/site-2026\/blog\/harald-lanca-granule-melken-caramelo\/#primaryimage\",\"url\":\"https:\/\/homolog.harald.com.br\/site-2026\/wp-content\/uploads\/2024\/06\/design-sem-nome.png\",\"contentUrl\":\"https:\/\/homolog.harald.com.br\/site-2026\/wp-content\/uploads\/2024\/06\/design-sem-nome.png\",\"width\":1920,\"height\":1080,\"caption\":\"Granul\u00e9 Melken Caramelo\"},{\"@type\":\"BreadcrumbList\",\"@id\":\"https:\/\/homolog.harald.com.br\/site-2026\/blog\/harald-lanca-granule-melken-caramelo\/#breadcrumb\",\"itemListElement\":[{\"@type\":\"ListItem\",\"position\":1,\"name\":\"In\u00edcio\",\"item\":\"https:\/\/homolog.harald.com.br\/site-2026\/\"},{\"@type\":\"ListItem\",\"position\":2,\"name\":\"Harald Lan\u00e7a Granul\u00e9 Melken Caramelo\"}]},{\"@type\":\"WebSite\",\"@id\":\"https:\/\/homolog.harald.com.br\/site-2026\/#website\",\"url\":\"https:\/\/homolog.harald.com.br\/site-2026\/\",\"name\":\"Harald\",\"description\":\"Fazer melhor \u00e9 fazer com paix\u00e3o\",\"publisher\":{\"@id\":\"https:\/\/homolog.harald.com.br\/site-2026\/#organization\"},\"potentialAction\":[{\"@type\":\"SearchAction\",\"target\":{\"@type\":\"EntryPoint\",\"urlTemplate\":\"https:\/\/homolog.harald.com.br\/site-2026\/?s={search_term_string}\"},\"query-input\":{\"@type\":\"PropertyValueSpecification\",\"valueRequired\":true,\"valueName\":\"search_term_string\"}}],\"inLanguage\":\"pt-BR\"},{\"@type\":\"Organization\",\"@id\":\"https:\/\/homolog.harald.com.br\/site-2026\/#organization\",\"name\":\"Harald\",\"url\":\"https:\/\/homolog.harald.com.br\/site-2026\/\",\"logo\":{\"@type\":\"ImageObject\",\"inLanguage\":\"pt-BR\",\"@id\":\"https:\/\/homolog.harald.com.br\/site-2026\/#\/schema\/logo\/image\/\",\"url\":\"https:\/\/homolog.harald.com.br\/site-2026\/wp-content\/uploads\/2022\/09\/logo-harald-cmyk-ss.png\",\"contentUrl\":\"https:\/\/homolog.harald.com.br\/site-2026\/wp-content\/uploads\/2022\/09\/logo-harald-cmyk-ss.png\",\"width\":1948,\"height\":1051,\"caption\":\"Harald\"},\"image\":{\"@id\":\"https:\/\/homolog.harald.com.br\/site-2026\/#\/schema\/logo\/image\/\"},\"sameAs\":[\"https:\/\/www.facebook.com\/HaraldChocolates\/\",\"https:\/\/www.youtube.com\/user\/HaraldChocolates\"]},{\"@type\":\"Person\",\"@id\":\"https:\/\/homolog.harald.com.br\/site-2026\/#\/schema\/person\/474c783c0a4a997b6352b8b626175b12\",\"name\":\"CROWD\",\"image\":{\"@type\":\"ImageObject\",\"inLanguage\":\"pt-BR\",\"@id\":\"https:\/\/homolog.harald.com.br\/site-2026\/#\/schema\/person\/image\/\",\"url\":\"https:\/\/secure.gravatar.com\/avatar\/4d8c1df2b3db7e6270e2d04115410a036e98bb8f8dd59ca3c343e438750c76b9?s=96&d=mm&r=g\",\"contentUrl\":\"https:\/\/secure.gravatar.com\/avatar\/4d8c1df2b3db7e6270e2d04115410a036e98bb8f8dd59ca3c343e438750c76b9?s=96&d=mm&r=g\",\"caption\":\"CROWD\"},\"url\":\"https:\/\/homolog.harald.com.br\/site-2026\/blog\/author\/crowd\/\"}]}<\/script>\n<!-- \/ Yoast SEO plugin. -->","yoast_head_json":{"title":"Harald Lan\u00e7a Granul\u00e9 Melken Caramelo - Harald","description":"Harald lan\u00e7a o Granul\u00e9 Melken Caramelo, ampliando seu portf\u00f3lio com uma decora\u00e7\u00e3o 100% chocolate e notas de caramelo!","robots":{"index":"noindex","follow":"follow","max-snippet":"max-snippet:-1","max-image-preview":"max-image-preview:large","max-video-preview":"max-video-preview:-1"},"og_locale":"pt_BR","og_type":"article","og_title":"Harald Lan\u00e7a Granul\u00e9 Melken Caramelo - Harald","og_description":"Harald lan\u00e7a o Granul\u00e9 Melken Caramelo, ampliando seu portf\u00f3lio com uma decora\u00e7\u00e3o 100% chocolate e notas de caramelo!","og_url":"https:\/\/homolog.harald.com.br\/site-2026\/blog\/harald-lanca-granule-melken-caramelo\/","og_site_name":"Harald","article_publisher":"https:\/\/www.facebook.com\/HaraldChocolates\/","article_published_time":"2024-06-07T15:37:44+00:00","og_image":[{"width":1024,"height":576,"url":"https:\/\/homolog.harald.com.br\/site-2026\/wp-content\/uploads\/2024\/06\/design-sem-nome-1024x576.png","type":"image\/png"}],"author":"CROWD","twitter_card":"summary_large_image","twitter_misc":{"Escrito por":"CROWD","Est. tempo de leitura":"3 minutos"},"schema":{"@context":"https:\/\/schema.org","@graph":[{"@type":"Article","@id":"https:\/\/homolog.harald.com.br\/site-2026\/blog\/harald-lanca-granule-melken-caramelo\/#article","isPartOf":{"@id":"https:\/\/homolog.harald.com.br\/site-2026\/blog\/harald-lanca-granule-melken-caramelo\/"},"author":{"name":"CROWD","@id":"https:\/\/homolog.harald.com.br\/site-2026\/#\/schema\/person\/474c783c0a4a997b6352b8b626175b12"},"headline":"Harald Lan\u00e7a Granul\u00e9 Melken Caramelo","datePublished":"2024-06-07T15:37:44+00:00","mainEntityOfPage":{"@id":"https:\/\/homolog.harald.com.br\/site-2026\/blog\/harald-lanca-granule-melken-caramelo\/"},"wordCount":368,"publisher":{"@id":"https:\/\/homolog.harald.com.br\/site-2026\/#organization"},"image":{"@id":"https:\/\/homolog.harald.com.br\/site-2026\/blog\/harald-lanca-granule-melken-caramelo\/#primaryimage"},"thumbnailUrl":"https:\/\/homolog.harald.com.br\/site-2026\/wp-content\/uploads\/2024\/06\/design-sem-nome.png","articleSection":["Not\u00edcias"],"inLanguage":"pt-BR"},{"@type":"WebPage","@id":"https:\/\/homolog.harald.com.br\/site-2026\/blog\/harald-lanca-granule-melken-caramelo\/","url":"https:\/\/homolog.harald.com.br\/site-2026\/blog\/harald-lanca-granule-melken-caramelo\/","name":"Harald Lan\u00e7a Granul\u00e9 Melken Caramelo - Harald","isPartOf":{"@id":"https:\/\/homolog.harald.com.br\/site-2026\/#website"},"primaryImageOfPage":{"@id":"https:\/\/homolog.harald.com.br\/site-2026\/blog\/harald-lanca-granule-melken-caramelo\/#primaryimage"},"image":{"@id":"https:\/\/homolog.harald.com.br\/site-2026\/blog\/harald-lanca-granule-melken-caramelo\/#primaryimage"},"thumbnailUrl":"https:\/\/homolog.harald.com.br\/site-2026\/wp-content\/uploads\/2024\/06\/design-sem-nome.png","datePublished":"2024-06-07T15:37:44+00:00","description":"Harald lan\u00e7a o Granul\u00e9 Melken Caramelo, ampliando seu portf\u00f3lio com uma decora\u00e7\u00e3o 100% chocolate e notas de caramelo!","breadcrumb":{"@id":"https:\/\/homolog.harald.com.br\/site-2026\/blog\/harald-lanca-granule-melken-caramelo\/#breadcrumb"},"inLanguage":"pt-BR","potentialAction":[{"@type":"ReadAction","target":["https:\/\/homolog.harald.com.br\/site-2026\/blog\/harald-lanca-granule-melken-caramelo\/"]}]},{"@type":"ImageObject","inLanguage":"pt-BR","@id":"https:\/\/homolog.harald.com.br\/site-2026\/blog\/harald-lanca-granule-melken-caramelo\/#primaryimage","url":"https:\/\/homolog.harald.com.br\/site-2026\/wp-content\/uploads\/2024\/06\/design-sem-nome.png","contentUrl":"https:\/\/homolog.harald.com.br\/site-2026\/wp-content\/uploads\/2024\/06\/design-sem-nome.png","width":1920,"height":1080,"caption":"Granul\u00e9 Melken Caramelo"},{"@type":"BreadcrumbList","@id":"https:\/\/homolog.harald.com.br\/site-2026\/blog\/harald-lanca-granule-melken-caramelo\/#breadcrumb","itemListElement":[{"@type":"ListItem","position":1,"name":"In\u00edcio","item":"https:\/\/homolog.harald.com.br\/site-2026\/"},{"@type":"ListItem","position":2,"name":"Harald Lan\u00e7a Granul\u00e9 Melken Caramelo"}]},{"@type":"WebSite","@id":"https:\/\/homolog.harald.com.br\/site-2026\/#website","url":"https:\/\/homolog.harald.com.br\/site-2026\/","name":"Harald","description":"Fazer melhor \u00e9 fazer com paix\u00e3o","publisher":{"@id":"https:\/\/homolog.harald.com.br\/site-2026\/#organization"},"potentialAction":[{"@type":"SearchAction","target":{"@type":"EntryPoint","urlTemplate":"https:\/\/homolog.harald.com.br\/site-2026\/?s={search_term_string}"},"query-input":{"@type":"PropertyValueSpecification","valueRequired":true,"valueName":"search_term_string"}}],"inLanguage":"pt-BR"},{"@type":"Organization","@id":"https:\/\/homolog.harald.com.br\/site-2026\/#organization","name":"Harald","url":"https:\/\/homolog.harald.com.br\/site-2026\/","logo":{"@type":"ImageObject","inLanguage":"pt-BR","@id":"https:\/\/homolog.harald.com.br\/site-2026\/#\/schema\/logo\/image\/","url":"https:\/\/homolog.harald.com.br\/site-2026\/wp-content\/uploads\/2022\/09\/logo-harald-cmyk-ss.png","contentUrl":"https:\/\/homolog.harald.com.br\/site-2026\/wp-content\/uploads\/2022\/09\/logo-harald-cmyk-ss.png","width":1948,"height":1051,"caption":"Harald"},"image":{"@id":"https:\/\/homolog.harald.com.br\/site-2026\/#\/schema\/logo\/image\/"},"sameAs":["https:\/\/www.facebook.com\/HaraldChocolates\/","https:\/\/www.youtube.com\/user\/HaraldChocolates"]},{"@type":"Person","@id":"https:\/\/homolog.harald.com.br\/site-2026\/#\/schema\/person\/474c783c0a4a997b6352b8b626175b12","name":"CROWD","image":{"@type":"ImageObject","inLanguage":"pt-BR","@id":"https:\/\/homolog.harald.com.br\/site-2026\/#\/schema\/person\/image\/","url":"https:\/\/secure.gravatar.com\/avatar\/4d8c1df2b3db7e6270e2d04115410a036e98bb8f8dd59ca3c343e438750c76b9?s=96&d=mm&r=g","contentUrl":"https:\/\/secure.gravatar.com\/avatar\/4d8c1df2b3db7e6270e2d04115410a036e98bb8f8dd59ca3c343e438750c76b9?s=96&d=mm&r=g","caption":"CROWD"},"url":"https:\/\/homolog.harald.com.br\/site-2026\/blog\/author\/crowd\/"}]}},"uagb_featured_image_src":{"full":["https:\/\/homolog.harald.com.br\/site-2026\/wp-content\/uploads\/2024\/06\/design-sem-nome.png",1920,1080,false],"thumbnail":["https:\/\/homolog.harald.com.br\/site-2026\/wp-content\/uploads\/2024\/06\/design-sem-nome-150x150.png",150,150,true],"medium":["https:\/\/homolog.harald.com.br\/site-2026\/wp-content\/uploads\/2024\/06\/design-sem-nome-300x169.png",300,169,true],"medium_large":["https:\/\/homolog.harald.com.br\/site-2026\/wp-content\/uploads\/2024\/06\/design-sem-nome-768x432.png",768,432,true],"large":["https:\/\/homolog.harald.com.br\/site-2026\/wp-content\/uploads\/2024\/06\/design-sem-nome-1024x576.png",1024,576,true],"1536x1536":["https:\/\/homolog.harald.com.br\/site-2026\/wp-content\/uploads\/2024\/06\/design-sem-nome-1536x864.png",1536,864,true],"2048x2048":["https:\/\/homolog.harald.com.br\/site-2026\/wp-content\/uploads\/2024\/06\/design-sem-nome.png",1920,1080,false],"full-width":["https:\/\/homolog.harald.com.br\/site-2026\/wp-content\/uploads\/2024\/06\/design-sem-nome.png",1920,1080,false],"gform-image-choice-sm":["https:\/\/homolog.harald.com.br\/site-2026\/wp-content\/uploads\/2024\/06\/design-sem-nome.png",300,169,false],"gform-image-choice-md":["https:\/\/homolog.harald.com.br\/site-2026\/wp-content\/uploads\/2024\/06\/design-sem-nome.png",400,225,false],"gform-image-choice-lg":["https:\/\/homolog.harald.com.br\/site-2026\/wp-content\/uploads\/2024\/06\/design-sem-nome.png",600,338,false]},"uagb_author_info":{"display_name":"CROWD","author_link":"https:\/\/homolog.harald.com.br\/site-2026\/blog\/author\/crowd\/"},"uagb_comment_info":0,"uagb_excerpt":"Harald Lan\u00e7a Granul\u00e9 Melken Caramelo e Consolida Maior Portf\u00f3lio de Decora\u00e7\u00f5es com Chocolate do Mercado A Harald, l\u00edder no mercado de coberturas e chocolates para confeitaria, anunciou a amplia\u00e7\u00e3o do seu portf\u00f3lio de decora\u00e7\u00f5es com um novo lan\u00e7amento. O Granul\u00e9 Melken Caramelo \u00e9 o mais recente integrante da linha de decora\u00e7\u00f5es Melken, trazendo um produto&hellip;","_links":{"self":[{"href":"https:\/\/homolog.harald.com.br\/site-2026\/wp-json\/wp\/v2\/posts\/191602","targetHints":{"allow":["GET"]}}],"collection":[{"href":"https:\/\/homolog.harald.com.br\/site-2026\/wp-json\/wp\/v2\/posts"}],"about":[{"href":"https:\/\/homolog.harald.com.br\/site-2026\/wp-json\/wp\/v2\/types\/post"}],"author":[{"embeddable":true,"href":"https:\/\/homolog.harald.com.br\/site-2026\/wp-json\/wp\/v2\/users\/9"}],"replies":[{"embeddable":true,"href":"https:\/\/homolog.harald.com.br\/site-2026\/wp-json\/wp\/v2\/comments?post=191602"}],"version-history":[{"count":2,"href":"https:\/\/homolog.harald.com.br\/site-2026\/wp-json\/wp\/v2\/posts\/191602\/revisions"}],"predecessor-version":[{"id":192634,"href":"https:\/\/homolog.harald.com.br\/site-2026\/wp-json\/wp\/v2\/posts\/191602\/revisions\/192634"}],"wp:featuredmedia":[{"embeddable":true,"href":"https:\/\/homolog.harald.com.br\/site-2026\/wp-json\/wp\/v2\/media\/191606"}],"wp:attachment":[{"href":"https:\/\/homolog.harald.com.br\/site-2026\/wp-json\/wp\/v2\/media?parent=191602"}],"wp:term":[{"taxonomy":"category","embeddable":true,"href":"https:\/\/homolog.harald.com.br\/site-2026\/wp-json\/wp\/v2\/categories?post=191602"},{"taxonomy":"post_tag","embeddable":true,"href":"https:\/\/homolog.harald.com.br\/site-2026\/wp-json\/wp\/v2\/tags?post=191602"},{"taxonomy":"para-seu-negocio","embeddable":true,"href":"https:\/\/homolog.harald.com.br\/site-2026\/wp-json\/wp\/v2\/para-seu-negocio?post=191602"}],"curies":[{"name":"wp","href":"https:\/\/api.w.org\/{rel}","templated":true}]}}