{"id":189846,"date":"2024-05-28T16:40:56","date_gmt":"2024-05-28T19:40:56","guid":{"rendered":"https:\/\/homolog.harald.com.br\/site-2026\/?p=189846"},"modified":"2024-05-28T16:40:56","modified_gmt":"2024-05-28T19:40:56","slug":"harald-apoia-formacao-profissional-em-padarias","status":"publish","type":"post","link":"https:\/\/homolog.harald.com.br\/site-2026\/blog\/harald-apoia-formacao-profissional-em-padarias\/","title":{"rendered":"Harald apoia forma\u00e7\u00e3o profissional em padarias"},"content":{"rendered":"<h3><strong>Padarias t\u00eam 140 mil vagas de emprego abertas, Harald apoia iniciativas de forma\u00e7\u00e3o na \u00e1rea<\/strong><\/h3>\n<p>Com 140 mil vagas dispon\u00edveis em padarias, a Associa\u00e7\u00e3o Brasileira da Ind\u00fastria de Panifica\u00e7\u00e3o e Confeitaria (Abip) destaca a crescente demanda por profissionais qualificados. A Harald, reconhecida no ramo de chocolates, apoia iniciativas que visam suprir essa necessidade de m\u00e3o de obra especializada.<\/p>\n<p><img decoding=\"async\" class=\"aligncenter\" src=\"https:\/\/i0.wp.com\/badevalor.com.br\/wp-content\/uploads\/2024\/05\/Padarias.jpeg?resize=750%2C499&amp;ssl=1\" alt=\"Padarias\" \/><\/p>\n<p>Junto ao projeto &#8220;De Gr\u00e3o em P\u00e3o&#8221;, a Harald busca fornecer forma\u00e7\u00e3o gratuita em panifica\u00e7\u00e3o, confeitaria e culin\u00e1ria para jovens de 18 a 29 anos em \u00e1reas perif\u00e9ricas de S\u00e3o Paulo (SP), Duque de Caxias (RJ) e Recife (PE).<\/p>\n<p>Assim, os participantes recebem treinamento te\u00f3rico e pr\u00e1tico ministrado por chefs de renome, al\u00e9m de bolsa aux\u00edlio e orienta\u00e7\u00e3o profissional. Ao t\u00e9rmino do curso, s\u00e3o encaminhados para oportunidades de emprego em padarias pr\u00f3ximas \u00e0s suas resid\u00eancias.<\/p>\n<h3><strong>Transformando Vidas<\/strong><\/h3>\n<p>Cl\u00e1udia Buzzette Calais, diretora executiva da Funda\u00e7\u00e3o Bunge, destaca que o projeto tem duplo objetivo: em primeiro lugar, formar m\u00e3o de obra qualificada e oferecer oportunidades de emprego para jovens. Com 2,5 milh\u00f5es de jovens de 18 a 24 anos desocupados no pa\u00eds, iniciativas como essa se mostram essenciais.<\/p>\n<p>Sheila Ferreira Silva, uma das benefici\u00e1rias do projeto, ressalta que sua participa\u00e7\u00e3o foi transformadora. Ap\u00f3s concluir o curso, como resultado, encontrou emprego como confeiteira em uma padaria local, evidenciando o impacto positivo dessas iniciativas.<\/p>\n<p>Al\u00e9m da forma\u00e7\u00e3o t\u00e9cnica, os participantes recebem orienta\u00e7\u00e3o socioemocional e acompanhamento de carreira, preparando-os para os desafios do mercado de trabalho. Portanto, essa abordagem hol\u00edstica visa n\u00e3o apenas fornecer habilidades t\u00e9cnicas, mas tamb\u00e9m desenvolver compet\u00eancias comportamentais essenciais para o sucesso profissional.<\/p>\n<h3><strong>Parcerias Estrat\u00e9gicas: Apoiando o Desenvolvimento Profissional<\/strong><\/h3>\n<p>O sucesso do projeto \u00e9 resultado de parcerias entre diversos atores do setor, incluindo a Academia Bunge, a Funda\u00e7\u00e3o Wadhwani, al\u00e9m dos sindicatos e associa\u00e7\u00f5es da ind\u00fastria de panifica\u00e7\u00e3o e confeitaria. Dessa forma, a contribui\u00e7\u00e3o da Harald refor\u00e7a o compromisso conjunto em impulsionar o desenvolvimento profissional e econ\u00f4mico do pa\u00eds.<\/p>\n<p>Essa iniciativa n\u00e3o apenas preenche lacunas de emprego, mas tamb\u00e9m fortalece a ind\u00fastria de panifica\u00e7\u00e3o, contribuindo para o crescimento econ\u00f4mico e social do Brasil.<\/p>\n","protected":false},"excerpt":{"rendered":"<p>Padarias t\u00eam 140 mil vagas de emprego abertas, Harald apoia iniciativas de forma\u00e7\u00e3o na \u00e1rea Com 140 mil vagas dispon\u00edveis em padarias, a Associa\u00e7\u00e3o Brasileira da Ind\u00fastria de Panifica\u00e7\u00e3o e Confeitaria (Abip) destaca a crescente demanda por profissionais qualificados. A Harald, reconhecida no ramo de chocolates, apoia iniciativas que visam suprir essa necessidade de m\u00e3o <a class=\"more-link\" href=\"https:\/\/homolog.harald.com.br\/site-2026\/blog\/harald-apoia-formacao-profissional-em-padarias\/\">Read more&#8230;<\/a><\/p>\n","protected":false},"author":9,"featured_media":189850,"comment_status":"closed","ping_status":"closed","sticky":false,"template":"","format":"standard","meta":{"_acf_changed":false,"_uag_custom_page_level_css":"","footnotes":""},"categories":[158],"tags":[],"para-seu-negocio":[],"class_list":["post-189846","post","type-post","status-publish","format-standard","has-post-thumbnail","hentry","category-noticias"],"acf":[],"yoast_head":"<!-- This site is optimized with the Yoast SEO plugin v26.3 - https:\/\/yoast.com\/wordpress\/plugins\/seo\/ -->\n<title>Harald apoia forma\u00e7\u00e3o profissional em padarias - Harald<\/title>\n<meta name=\"description\" content=\"Descubra como a Harald est\u00e1 contribuindo para apoiar a forma\u00e7\u00e3o profissional em padarias brasileiras, junto ao projeto &quot;De Gr\u00e3o em P\u00e3o&quot;.\" \/>\n<meta name=\"robots\" content=\"noindex, follow, max-snippet:-1, max-image-preview:large, max-video-preview:-1\" \/>\n<meta property=\"og:locale\" content=\"pt_BR\" \/>\n<meta property=\"og:type\" content=\"article\" \/>\n<meta property=\"og:title\" content=\"Harald apoia forma\u00e7\u00e3o profissional em padarias - Harald\" \/>\n<meta property=\"og:description\" content=\"Descubra como a Harald est\u00e1 contribuindo para apoiar a forma\u00e7\u00e3o profissional em padarias brasileiras, junto ao projeto &quot;De Gr\u00e3o em P\u00e3o&quot;.\" \/>\n<meta property=\"og:url\" content=\"https:\/\/homolog.harald.com.br\/site-2026\/blog\/harald-apoia-formacao-profissional-em-padarias\/\" \/>\n<meta property=\"og:site_name\" content=\"Harald\" \/>\n<meta property=\"article:publisher\" content=\"https:\/\/www.facebook.com\/HaraldChocolates\/\" \/>\n<meta property=\"article:published_time\" content=\"2024-05-28T19:40:56+00:00\" \/>\n<meta property=\"og:image\" content=\"https:\/\/homolog.harald.com.br\/site-2026\/wp-content\/uploads\/2024\/05\/padarias.webp\" \/>\n\t<meta property=\"og:image:width\" content=\"856\" \/>\n\t<meta property=\"og:image:height\" content=\"570\" \/>\n\t<meta property=\"og:image:type\" content=\"image\/webp\" \/>\n<meta name=\"author\" content=\"CROWD\" \/>\n<meta name=\"twitter:card\" content=\"summary_large_image\" \/>\n<meta name=\"twitter:label1\" content=\"Escrito por\" \/>\n\t<meta name=\"twitter:data1\" content=\"CROWD\" \/>\n\t<meta name=\"twitter:label2\" content=\"Est. tempo de leitura\" \/>\n\t<meta name=\"twitter:data2\" content=\"3 minutos\" \/>\n<script type=\"application\/ld+json\" class=\"yoast-schema-graph\">{\"@context\":\"https:\/\/schema.org\",\"@graph\":[{\"@type\":\"Article\",\"@id\":\"https:\/\/homolog.harald.com.br\/site-2026\/blog\/harald-apoia-formacao-profissional-em-padarias\/#article\",\"isPartOf\":{\"@id\":\"https:\/\/homolog.harald.com.br\/site-2026\/blog\/harald-apoia-formacao-profissional-em-padarias\/\"},\"author\":{\"name\":\"CROWD\",\"@id\":\"https:\/\/homolog.harald.com.br\/site-2026\/#\/schema\/person\/474c783c0a4a997b6352b8b626175b12\"},\"headline\":\"Harald apoia forma\u00e7\u00e3o profissional em padarias\",\"datePublished\":\"2024-05-28T19:40:56+00:00\",\"mainEntityOfPage\":{\"@id\":\"https:\/\/homolog.harald.com.br\/site-2026\/blog\/harald-apoia-formacao-profissional-em-padarias\/\"},\"wordCount\":393,\"publisher\":{\"@id\":\"https:\/\/homolog.harald.com.br\/site-2026\/#organization\"},\"image\":{\"@id\":\"https:\/\/homolog.harald.com.br\/site-2026\/blog\/harald-apoia-formacao-profissional-em-padarias\/#primaryimage\"},\"thumbnailUrl\":\"https:\/\/homolog.harald.com.br\/site-2026\/wp-content\/uploads\/2024\/05\/padarias.webp\",\"articleSection\":[\"Not\u00edcias\"],\"inLanguage\":\"pt-BR\"},{\"@type\":\"WebPage\",\"@id\":\"https:\/\/homolog.harald.com.br\/site-2026\/blog\/harald-apoia-formacao-profissional-em-padarias\/\",\"url\":\"https:\/\/homolog.harald.com.br\/site-2026\/blog\/harald-apoia-formacao-profissional-em-padarias\/\",\"name\":\"Harald apoia forma\u00e7\u00e3o profissional em padarias - Harald\",\"isPartOf\":{\"@id\":\"https:\/\/homolog.harald.com.br\/site-2026\/#website\"},\"primaryImageOfPage\":{\"@id\":\"https:\/\/homolog.harald.com.br\/site-2026\/blog\/harald-apoia-formacao-profissional-em-padarias\/#primaryimage\"},\"image\":{\"@id\":\"https:\/\/homolog.harald.com.br\/site-2026\/blog\/harald-apoia-formacao-profissional-em-padarias\/#primaryimage\"},\"thumbnailUrl\":\"https:\/\/homolog.harald.com.br\/site-2026\/wp-content\/uploads\/2024\/05\/padarias.webp\",\"datePublished\":\"2024-05-28T19:40:56+00:00\",\"description\":\"Descubra como a Harald est\u00e1 contribuindo para apoiar a forma\u00e7\u00e3o profissional em padarias brasileiras, junto ao projeto \\\"De Gr\u00e3o em P\u00e3o\\\".\",\"breadcrumb\":{\"@id\":\"https:\/\/homolog.harald.com.br\/site-2026\/blog\/harald-apoia-formacao-profissional-em-padarias\/#breadcrumb\"},\"inLanguage\":\"pt-BR\",\"potentialAction\":[{\"@type\":\"ReadAction\",\"target\":[\"https:\/\/homolog.harald.com.br\/site-2026\/blog\/harald-apoia-formacao-profissional-em-padarias\/\"]}]},{\"@type\":\"ImageObject\",\"inLanguage\":\"pt-BR\",\"@id\":\"https:\/\/homolog.harald.com.br\/site-2026\/blog\/harald-apoia-formacao-profissional-em-padarias\/#primaryimage\",\"url\":\"https:\/\/homolog.harald.com.br\/site-2026\/wp-content\/uploads\/2024\/05\/padarias.webp\",\"contentUrl\":\"https:\/\/homolog.harald.com.br\/site-2026\/wp-content\/uploads\/2024\/05\/padarias.webp\",\"width\":856,\"height\":570,\"caption\":\"padarias\"},{\"@type\":\"BreadcrumbList\",\"@id\":\"https:\/\/homolog.harald.com.br\/site-2026\/blog\/harald-apoia-formacao-profissional-em-padarias\/#breadcrumb\",\"itemListElement\":[{\"@type\":\"ListItem\",\"position\":1,\"name\":\"In\u00edcio\",\"item\":\"https:\/\/homolog.harald.com.br\/site-2026\/\"},{\"@type\":\"ListItem\",\"position\":2,\"name\":\"Harald apoia forma\u00e7\u00e3o profissional em padarias\"}]},{\"@type\":\"WebSite\",\"@id\":\"https:\/\/homolog.harald.com.br\/site-2026\/#website\",\"url\":\"https:\/\/homolog.harald.com.br\/site-2026\/\",\"name\":\"Harald\",\"description\":\"Fazer melhor \u00e9 fazer com paix\u00e3o\",\"publisher\":{\"@id\":\"https:\/\/homolog.harald.com.br\/site-2026\/#organization\"},\"potentialAction\":[{\"@type\":\"SearchAction\",\"target\":{\"@type\":\"EntryPoint\",\"urlTemplate\":\"https:\/\/homolog.harald.com.br\/site-2026\/?s={search_term_string}\"},\"query-input\":{\"@type\":\"PropertyValueSpecification\",\"valueRequired\":true,\"valueName\":\"search_term_string\"}}],\"inLanguage\":\"pt-BR\"},{\"@type\":\"Organization\",\"@id\":\"https:\/\/homolog.harald.com.br\/site-2026\/#organization\",\"name\":\"Harald\",\"url\":\"https:\/\/homolog.harald.com.br\/site-2026\/\",\"logo\":{\"@type\":\"ImageObject\",\"inLanguage\":\"pt-BR\",\"@id\":\"https:\/\/homolog.harald.com.br\/site-2026\/#\/schema\/logo\/image\/\",\"url\":\"https:\/\/homolog.harald.com.br\/site-2026\/wp-content\/uploads\/2022\/09\/logo-harald-cmyk-ss.png\",\"contentUrl\":\"https:\/\/homolog.harald.com.br\/site-2026\/wp-content\/uploads\/2022\/09\/logo-harald-cmyk-ss.png\",\"width\":1948,\"height\":1051,\"caption\":\"Harald\"},\"image\":{\"@id\":\"https:\/\/homolog.harald.com.br\/site-2026\/#\/schema\/logo\/image\/\"},\"sameAs\":[\"https:\/\/www.facebook.com\/HaraldChocolates\/\",\"https:\/\/www.youtube.com\/user\/HaraldChocolates\"]},{\"@type\":\"Person\",\"@id\":\"https:\/\/homolog.harald.com.br\/site-2026\/#\/schema\/person\/474c783c0a4a997b6352b8b626175b12\",\"name\":\"CROWD\",\"image\":{\"@type\":\"ImageObject\",\"inLanguage\":\"pt-BR\",\"@id\":\"https:\/\/homolog.harald.com.br\/site-2026\/#\/schema\/person\/image\/\",\"url\":\"https:\/\/secure.gravatar.com\/avatar\/4d8c1df2b3db7e6270e2d04115410a036e98bb8f8dd59ca3c343e438750c76b9?s=96&d=mm&r=g\",\"contentUrl\":\"https:\/\/secure.gravatar.com\/avatar\/4d8c1df2b3db7e6270e2d04115410a036e98bb8f8dd59ca3c343e438750c76b9?s=96&d=mm&r=g\",\"caption\":\"CROWD\"},\"url\":\"https:\/\/homolog.harald.com.br\/site-2026\/blog\/author\/crowd\/\"}]}<\/script>\n<!-- \/ Yoast SEO plugin. -->","yoast_head_json":{"title":"Harald apoia forma\u00e7\u00e3o profissional em padarias - Harald","description":"Descubra como a Harald est\u00e1 contribuindo para apoiar a forma\u00e7\u00e3o profissional em padarias brasileiras, junto ao projeto \"De Gr\u00e3o em P\u00e3o\".","robots":{"index":"noindex","follow":"follow","max-snippet":"max-snippet:-1","max-image-preview":"max-image-preview:large","max-video-preview":"max-video-preview:-1"},"og_locale":"pt_BR","og_type":"article","og_title":"Harald apoia forma\u00e7\u00e3o profissional em padarias - Harald","og_description":"Descubra como a Harald est\u00e1 contribuindo para apoiar a forma\u00e7\u00e3o profissional em padarias brasileiras, junto ao projeto \"De Gr\u00e3o em P\u00e3o\".","og_url":"https:\/\/homolog.harald.com.br\/site-2026\/blog\/harald-apoia-formacao-profissional-em-padarias\/","og_site_name":"Harald","article_publisher":"https:\/\/www.facebook.com\/HaraldChocolates\/","article_published_time":"2024-05-28T19:40:56+00:00","og_image":[{"width":856,"height":570,"url":"https:\/\/homolog.harald.com.br\/site-2026\/wp-content\/uploads\/2024\/05\/padarias.webp","type":"image\/webp"}],"author":"CROWD","twitter_card":"summary_large_image","twitter_misc":{"Escrito por":"CROWD","Est. tempo de leitura":"3 minutos"},"schema":{"@context":"https:\/\/schema.org","@graph":[{"@type":"Article","@id":"https:\/\/homolog.harald.com.br\/site-2026\/blog\/harald-apoia-formacao-profissional-em-padarias\/#article","isPartOf":{"@id":"https:\/\/homolog.harald.com.br\/site-2026\/blog\/harald-apoia-formacao-profissional-em-padarias\/"},"author":{"name":"CROWD","@id":"https:\/\/homolog.harald.com.br\/site-2026\/#\/schema\/person\/474c783c0a4a997b6352b8b626175b12"},"headline":"Harald apoia forma\u00e7\u00e3o profissional em padarias","datePublished":"2024-05-28T19:40:56+00:00","mainEntityOfPage":{"@id":"https:\/\/homolog.harald.com.br\/site-2026\/blog\/harald-apoia-formacao-profissional-em-padarias\/"},"wordCount":393,"publisher":{"@id":"https:\/\/homolog.harald.com.br\/site-2026\/#organization"},"image":{"@id":"https:\/\/homolog.harald.com.br\/site-2026\/blog\/harald-apoia-formacao-profissional-em-padarias\/#primaryimage"},"thumbnailUrl":"https:\/\/homolog.harald.com.br\/site-2026\/wp-content\/uploads\/2024\/05\/padarias.webp","articleSection":["Not\u00edcias"],"inLanguage":"pt-BR"},{"@type":"WebPage","@id":"https:\/\/homolog.harald.com.br\/site-2026\/blog\/harald-apoia-formacao-profissional-em-padarias\/","url":"https:\/\/homolog.harald.com.br\/site-2026\/blog\/harald-apoia-formacao-profissional-em-padarias\/","name":"Harald apoia forma\u00e7\u00e3o profissional em padarias - Harald","isPartOf":{"@id":"https:\/\/homolog.harald.com.br\/site-2026\/#website"},"primaryImageOfPage":{"@id":"https:\/\/homolog.harald.com.br\/site-2026\/blog\/harald-apoia-formacao-profissional-em-padarias\/#primaryimage"},"image":{"@id":"https:\/\/homolog.harald.com.br\/site-2026\/blog\/harald-apoia-formacao-profissional-em-padarias\/#primaryimage"},"thumbnailUrl":"https:\/\/homolog.harald.com.br\/site-2026\/wp-content\/uploads\/2024\/05\/padarias.webp","datePublished":"2024-05-28T19:40:56+00:00","description":"Descubra como a Harald est\u00e1 contribuindo para apoiar a forma\u00e7\u00e3o profissional em padarias brasileiras, junto ao projeto \"De Gr\u00e3o em P\u00e3o\".","breadcrumb":{"@id":"https:\/\/homolog.harald.com.br\/site-2026\/blog\/harald-apoia-formacao-profissional-em-padarias\/#breadcrumb"},"inLanguage":"pt-BR","potentialAction":[{"@type":"ReadAction","target":["https:\/\/homolog.harald.com.br\/site-2026\/blog\/harald-apoia-formacao-profissional-em-padarias\/"]}]},{"@type":"ImageObject","inLanguage":"pt-BR","@id":"https:\/\/homolog.harald.com.br\/site-2026\/blog\/harald-apoia-formacao-profissional-em-padarias\/#primaryimage","url":"https:\/\/homolog.harald.com.br\/site-2026\/wp-content\/uploads\/2024\/05\/padarias.webp","contentUrl":"https:\/\/homolog.harald.com.br\/site-2026\/wp-content\/uploads\/2024\/05\/padarias.webp","width":856,"height":570,"caption":"padarias"},{"@type":"BreadcrumbList","@id":"https:\/\/homolog.harald.com.br\/site-2026\/blog\/harald-apoia-formacao-profissional-em-padarias\/#breadcrumb","itemListElement":[{"@type":"ListItem","position":1,"name":"In\u00edcio","item":"https:\/\/homolog.harald.com.br\/site-2026\/"},{"@type":"ListItem","position":2,"name":"Harald apoia forma\u00e7\u00e3o profissional em padarias"}]},{"@type":"WebSite","@id":"https:\/\/homolog.harald.com.br\/site-2026\/#website","url":"https:\/\/homolog.harald.com.br\/site-2026\/","name":"Harald","description":"Fazer melhor \u00e9 fazer com paix\u00e3o","publisher":{"@id":"https:\/\/homolog.harald.com.br\/site-2026\/#organization"},"potentialAction":[{"@type":"SearchAction","target":{"@type":"EntryPoint","urlTemplate":"https:\/\/homolog.harald.com.br\/site-2026\/?s={search_term_string}"},"query-input":{"@type":"PropertyValueSpecification","valueRequired":true,"valueName":"search_term_string"}}],"inLanguage":"pt-BR"},{"@type":"Organization","@id":"https:\/\/homolog.harald.com.br\/site-2026\/#organization","name":"Harald","url":"https:\/\/homolog.harald.com.br\/site-2026\/","logo":{"@type":"ImageObject","inLanguage":"pt-BR","@id":"https:\/\/homolog.harald.com.br\/site-2026\/#\/schema\/logo\/image\/","url":"https:\/\/homolog.harald.com.br\/site-2026\/wp-content\/uploads\/2022\/09\/logo-harald-cmyk-ss.png","contentUrl":"https:\/\/homolog.harald.com.br\/site-2026\/wp-content\/uploads\/2022\/09\/logo-harald-cmyk-ss.png","width":1948,"height":1051,"caption":"Harald"},"image":{"@id":"https:\/\/homolog.harald.com.br\/site-2026\/#\/schema\/logo\/image\/"},"sameAs":["https:\/\/www.facebook.com\/HaraldChocolates\/","https:\/\/www.youtube.com\/user\/HaraldChocolates"]},{"@type":"Person","@id":"https:\/\/homolog.harald.com.br\/site-2026\/#\/schema\/person\/474c783c0a4a997b6352b8b626175b12","name":"CROWD","image":{"@type":"ImageObject","inLanguage":"pt-BR","@id":"https:\/\/homolog.harald.com.br\/site-2026\/#\/schema\/person\/image\/","url":"https:\/\/secure.gravatar.com\/avatar\/4d8c1df2b3db7e6270e2d04115410a036e98bb8f8dd59ca3c343e438750c76b9?s=96&d=mm&r=g","contentUrl":"https:\/\/secure.gravatar.com\/avatar\/4d8c1df2b3db7e6270e2d04115410a036e98bb8f8dd59ca3c343e438750c76b9?s=96&d=mm&r=g","caption":"CROWD"},"url":"https:\/\/homolog.harald.com.br\/site-2026\/blog\/author\/crowd\/"}]}},"uagb_featured_image_src":{"full":["https:\/\/homolog.harald.com.br\/site-2026\/wp-content\/uploads\/2024\/05\/padarias.webp",856,570,false],"thumbnail":["https:\/\/homolog.harald.com.br\/site-2026\/wp-content\/uploads\/2024\/05\/padarias-150x150.webp",150,150,true],"medium":["https:\/\/homolog.harald.com.br\/site-2026\/wp-content\/uploads\/2024\/05\/padarias-300x200.webp",300,200,true],"medium_large":["https:\/\/homolog.harald.com.br\/site-2026\/wp-content\/uploads\/2024\/05\/padarias-768x511.webp",768,511,true],"large":["https:\/\/homolog.harald.com.br\/site-2026\/wp-content\/uploads\/2024\/05\/padarias.webp",856,570,false],"1536x1536":["https:\/\/homolog.harald.com.br\/site-2026\/wp-content\/uploads\/2024\/05\/padarias.webp",856,570,false],"2048x2048":["https:\/\/homolog.harald.com.br\/site-2026\/wp-content\/uploads\/2024\/05\/padarias.webp",856,570,false],"full-width":["https:\/\/homolog.harald.com.br\/site-2026\/wp-content\/uploads\/2024\/05\/padarias.webp",856,570,false],"gform-image-choice-sm":["https:\/\/homolog.harald.com.br\/site-2026\/wp-content\/uploads\/2024\/05\/padarias.webp",300,200,false],"gform-image-choice-md":["https:\/\/homolog.harald.com.br\/site-2026\/wp-content\/uploads\/2024\/05\/padarias.webp",400,266,false],"gform-image-choice-lg":["https:\/\/homolog.harald.com.br\/site-2026\/wp-content\/uploads\/2024\/05\/padarias.webp",600,400,false]},"uagb_author_info":{"display_name":"CROWD","author_link":"https:\/\/homolog.harald.com.br\/site-2026\/blog\/author\/crowd\/"},"uagb_comment_info":0,"uagb_excerpt":"Padarias t\u00eam 140 mil vagas de emprego abertas, Harald apoia iniciativas de forma\u00e7\u00e3o na \u00e1rea Com 140 mil vagas dispon\u00edveis em padarias, a Associa\u00e7\u00e3o Brasileira da Ind\u00fastria de Panifica\u00e7\u00e3o e Confeitaria (Abip) destaca a crescente demanda por profissionais qualificados. A Harald, reconhecida no ramo de chocolates, apoia iniciativas que visam suprir essa necessidade de m\u00e3o&hellip;","_links":{"self":[{"href":"https:\/\/homolog.harald.com.br\/site-2026\/wp-json\/wp\/v2\/posts\/189846","targetHints":{"allow":["GET"]}}],"collection":[{"href":"https:\/\/homolog.harald.com.br\/site-2026\/wp-json\/wp\/v2\/posts"}],"about":[{"href":"https:\/\/homolog.harald.com.br\/site-2026\/wp-json\/wp\/v2\/types\/post"}],"author":[{"embeddable":true,"href":"https:\/\/homolog.harald.com.br\/site-2026\/wp-json\/wp\/v2\/users\/9"}],"replies":[{"embeddable":true,"href":"https:\/\/homolog.harald.com.br\/site-2026\/wp-json\/wp\/v2\/comments?post=189846"}],"version-history":[{"count":2,"href":"https:\/\/homolog.harald.com.br\/site-2026\/wp-json\/wp\/v2\/posts\/189846\/revisions"}],"predecessor-version":[{"id":189854,"href":"https:\/\/homolog.harald.com.br\/site-2026\/wp-json\/wp\/v2\/posts\/189846\/revisions\/189854"}],"wp:featuredmedia":[{"embeddable":true,"href":"https:\/\/homolog.harald.com.br\/site-2026\/wp-json\/wp\/v2\/media\/189850"}],"wp:attachment":[{"href":"https:\/\/homolog.harald.com.br\/site-2026\/wp-json\/wp\/v2\/media?parent=189846"}],"wp:term":[{"taxonomy":"category","embeddable":true,"href":"https:\/\/homolog.harald.com.br\/site-2026\/wp-json\/wp\/v2\/categories?post=189846"},{"taxonomy":"post_tag","embeddable":true,"href":"https:\/\/homolog.harald.com.br\/site-2026\/wp-json\/wp\/v2\/tags?post=189846"},{"taxonomy":"para-seu-negocio","embeddable":true,"href":"https:\/\/homolog.harald.com.br\/site-2026\/wp-json\/wp\/v2\/para-seu-negocio?post=189846"}],"curies":[{"name":"wp","href":"https:\/\/api.w.org\/{rel}","templated":true}]}}