{"id":189495,"date":"2024-05-27T12:50:24","date_gmt":"2024-05-27T15:50:24","guid":{"rendered":"https:\/\/homolog.harald.com.br\/site-2026\/?p=189495"},"modified":"2024-05-27T12:51:45","modified_gmt":"2024-05-27T15:51:45","slug":"harald-lanca-edicao-de-embalagens-para-festas-juninas","status":"publish","type":"post","link":"https:\/\/homolog.harald.com.br\/site-2026\/blog\/harald-lanca-edicao-de-embalagens-para-festas-juninas\/","title":{"rendered":"Harald lan\u00e7a edi\u00e7\u00e3o de embalagens para festas Juninas"},"content":{"rendered":"<h3 class=\"jeg_post_subtitle\">Os produtos Confeiteiro Barra e Chocolate em P\u00f3 Melken 50% Cacau tem nova edi\u00e7\u00e3o de embalagens desenvolvida para o S\u00e3o Jo\u00e3o no Nordeste<\/h3>\n<div class=\"flex-1 overflow-hidden\">\n<div class=\"react-scroll-to-bottom--css-bempi-79elbk h-full\">\n<div class=\"react-scroll-to-bottom--css-bempi-1n7m0yu\">\n<div class=\"flex flex-col text-sm\">\n<div class=\"w-full text-token-text-primary\" dir=\"auto\" data-testid=\"conversation-turn-3\" data-scroll-anchor=\"true\">\n<div class=\"py-2 juice:py-[18px] px-3 text-base md:px-4 m-auto md:px-5 lg:px-1 xl:px-5\">\n<div class=\"mx-auto flex flex-1 gap-3 text-base juice:gap-4 juice:md:gap-6 md:max-w-3xl lg:max-w-[40rem] xl:max-w-[48rem]\">\n<div class=\"group\/conversation-turn relative flex w-full min-w-0 flex-col agent-turn\">\n<div class=\"flex-col gap-1 md:gap-3\">\n<div class=\"flex flex-grow flex-col max-w-full\">\n<div class=\"min-h-[20px] text-message flex flex-col items-start whitespace-pre-wrap break-words [.text-message+&amp;]:mt-5 juice:w-full juice:items-end overflow-x-auto gap-3\" dir=\"auto\" data-message-author-role=\"assistant\" data-message-id=\"26d9abbf-8670-418d-8eb1-7c4acf83a979\">\n<div class=\"markdown prose w-full break-words dark:prose-invert light\">\n<p>A <a href=\"https:\/\/homolog.harald.com.br\/site-2026\/\">Harald<\/a>, l\u00edder em coberturas e chocolate para o mercado especializado no Brasil, lan\u00e7ou embalagens que celebram o S\u00e3o Jo\u00e3o de 2024. Os produtos Confeiteiro Meio Amargo em Barra e Chocolate em P\u00f3 Melken 50% Cacau ter\u00e3o identidade visual baseado em roupas e adere\u00e7os tradicionais das festas juninas, como o xadrez, bandeirinhas, chap\u00e9u e fogueira para e homenagear a festividade.<\/p>\n<p><img loading=\"lazy\" decoding=\"async\" class=\"aligncenter\" src=\"https:\/\/www.abcdacomunicacao.com.br\/wp-content\/uploads\/mockup-CONFEITEIRO-AMARGO-1KG-final-750x375.jpg\" alt=\"embalagens\" width=\"750\" height=\"375\" \/><\/p>\n<p>Segundo Fernanda Sequetto, Gerente de Marketing da Harald, a ideia \u00e9 enaltecer esse per\u00edodo do ano, t\u00e3o importante para os nordestinos. \u201cA Harald est\u00e1 presente em todo o pa\u00eds e considera essa uma regi\u00e3o muito estrat\u00e9gica. Por isso, lan\u00e7amos as embalagens de S\u00e3o Jo\u00e3o como forma de homenagear essa manifesta\u00e7\u00e3o aut\u00eantica e \u00fanica de nossa cultura popular. Assim, essa iniciativa visa uma conex\u00e3o maior com o cliente, pensando que muitos profissionais trabalham para tornar essa ocasi\u00e3o uma das mais marcantes e tradicionais do Brasil\u201d, conta Fernanda.<\/p>\n<p>Os produtos da linha Confeiteiro oferecem solu\u00e7\u00f5es para as grandes produ\u00e7\u00f5es de doces e sobremesas a um excelente custo-benef\u00edcio, trazendo muita praticidade. J\u00e1 a Melken, a linha de chocolates nobres da Harald, recomendada por confeiteiros de todo o pa\u00eds, entrega sabor e percep\u00e7\u00e3o de qualidade superior.<\/p>\n<p>Desta forma, as embalagens de S\u00e3o Jo\u00e3o s\u00e3o limitadas e permanecem em circula\u00e7\u00e3o at\u00e9 o final das comemora\u00e7\u00f5es ou enquanto durarem os estoques nas principais lojas e atacados da regi\u00e3o.<\/p>\n<\/div>\n<\/div>\n<\/div>\n<\/div>\n<\/div>\n<\/div>\n<\/div>\n<\/div>\n<\/div>\n<\/div>\n<\/div>\n<\/div>\n","protected":false},"excerpt":{"rendered":"<p>Os produtos Confeiteiro Barra e Chocolate em P\u00f3 Melken 50% Cacau tem nova edi\u00e7\u00e3o de embalagens desenvolvida para o S\u00e3o Jo\u00e3o no Nordeste A Harald, l\u00edder em coberturas e chocolate para o mercado especializado no Brasil, lan\u00e7ou embalagens que celebram o S\u00e3o Jo\u00e3o de 2024. Os produtos Confeiteiro Meio Amargo em Barra e Chocolate em <a class=\"more-link\" href=\"https:\/\/homolog.harald.com.br\/site-2026\/blog\/harald-lanca-edicao-de-embalagens-para-festas-juninas\/\">Read more&#8230;<\/a><\/p>\n","protected":false},"author":9,"featured_media":189501,"comment_status":"closed","ping_status":"closed","sticky":false,"template":"","format":"standard","meta":{"_acf_changed":false,"_uag_custom_page_level_css":"","footnotes":""},"categories":[158],"tags":[],"para-seu-negocio":[],"class_list":["post-189495","post","type-post","status-publish","format-standard","has-post-thumbnail","hentry","category-noticias"],"acf":[],"yoast_head":"<!-- This site is optimized with the Yoast SEO plugin v26.3 - https:\/\/yoast.com\/wordpress\/plugins\/seo\/ -->\n<title>Harald lan\u00e7a edi\u00e7\u00e3o de embalagens para festas Juninas - Harald<\/title>\n<meta name=\"description\" content=\"Harald celebra o S\u00e3o Jo\u00e3o de 2024 com embalagens comemorativas exclusivas para a regi\u00e3o Nordeste. Garanta j\u00e1 o seu!\" \/>\n<meta name=\"robots\" content=\"noindex, follow, max-snippet:-1, max-image-preview:large, max-video-preview:-1\" \/>\n<meta property=\"og:locale\" content=\"pt_BR\" \/>\n<meta property=\"og:type\" content=\"article\" \/>\n<meta property=\"og:title\" content=\"Harald lan\u00e7a edi\u00e7\u00e3o de embalagens para festas Juninas - Harald\" \/>\n<meta property=\"og:description\" content=\"Harald celebra o S\u00e3o Jo\u00e3o de 2024 com embalagens comemorativas exclusivas para a regi\u00e3o Nordeste. Garanta j\u00e1 o seu!\" \/>\n<meta property=\"og:url\" content=\"https:\/\/homolog.harald.com.br\/site-2026\/blog\/harald-lanca-edicao-de-embalagens-para-festas-juninas\/\" \/>\n<meta property=\"og:site_name\" content=\"Harald\" \/>\n<meta property=\"article:publisher\" content=\"https:\/\/www.facebook.com\/HaraldChocolates\/\" \/>\n<meta property=\"article:published_time\" content=\"2024-05-27T15:50:24+00:00\" \/>\n<meta property=\"article:modified_time\" content=\"2024-05-27T15:51:45+00:00\" \/>\n<meta property=\"og:image\" content=\"https:\/\/homolog.harald.com.br\/site-2026\/wp-content\/uploads\/2024\/05\/design-sem-nome-1.jpg\" \/>\n\t<meta property=\"og:image:width\" content=\"1920\" \/>\n\t<meta property=\"og:image:height\" content=\"1080\" \/>\n\t<meta property=\"og:image:type\" content=\"image\/jpeg\" \/>\n<meta name=\"author\" content=\"CROWD\" \/>\n<meta name=\"twitter:card\" content=\"summary_large_image\" \/>\n<meta name=\"twitter:label1\" content=\"Escrito por\" \/>\n\t<meta name=\"twitter:data1\" content=\"CROWD\" \/>\n\t<meta name=\"twitter:label2\" content=\"Est. tempo de leitura\" \/>\n\t<meta name=\"twitter:data2\" content=\"2 minutos\" \/>\n<script type=\"application\/ld+json\" class=\"yoast-schema-graph\">{\"@context\":\"https:\/\/schema.org\",\"@graph\":[{\"@type\":\"Article\",\"@id\":\"https:\/\/homolog.harald.com.br\/site-2026\/blog\/harald-lanca-edicao-de-embalagens-para-festas-juninas\/#article\",\"isPartOf\":{\"@id\":\"https:\/\/homolog.harald.com.br\/site-2026\/blog\/harald-lanca-edicao-de-embalagens-para-festas-juninas\/\"},\"author\":{\"name\":\"CROWD\",\"@id\":\"https:\/\/homolog.harald.com.br\/site-2026\/#\/schema\/person\/474c783c0a4a997b6352b8b626175b12\"},\"headline\":\"Harald lan\u00e7a edi\u00e7\u00e3o de embalagens para festas Juninas\",\"datePublished\":\"2024-05-27T15:50:24+00:00\",\"dateModified\":\"2024-05-27T15:51:45+00:00\",\"mainEntityOfPage\":{\"@id\":\"https:\/\/homolog.harald.com.br\/site-2026\/blog\/harald-lanca-edicao-de-embalagens-para-festas-juninas\/\"},\"wordCount\":284,\"publisher\":{\"@id\":\"https:\/\/homolog.harald.com.br\/site-2026\/#organization\"},\"image\":{\"@id\":\"https:\/\/homolog.harald.com.br\/site-2026\/blog\/harald-lanca-edicao-de-embalagens-para-festas-juninas\/#primaryimage\"},\"thumbnailUrl\":\"https:\/\/homolog.harald.com.br\/site-2026\/wp-content\/uploads\/2024\/05\/design-sem-nome-1.jpg\",\"articleSection\":[\"Not\u00edcias\"],\"inLanguage\":\"pt-BR\"},{\"@type\":\"WebPage\",\"@id\":\"https:\/\/homolog.harald.com.br\/site-2026\/blog\/harald-lanca-edicao-de-embalagens-para-festas-juninas\/\",\"url\":\"https:\/\/homolog.harald.com.br\/site-2026\/blog\/harald-lanca-edicao-de-embalagens-para-festas-juninas\/\",\"name\":\"Harald lan\u00e7a edi\u00e7\u00e3o de embalagens para festas Juninas - Harald\",\"isPartOf\":{\"@id\":\"https:\/\/homolog.harald.com.br\/site-2026\/#website\"},\"primaryImageOfPage\":{\"@id\":\"https:\/\/homolog.harald.com.br\/site-2026\/blog\/harald-lanca-edicao-de-embalagens-para-festas-juninas\/#primaryimage\"},\"image\":{\"@id\":\"https:\/\/homolog.harald.com.br\/site-2026\/blog\/harald-lanca-edicao-de-embalagens-para-festas-juninas\/#primaryimage\"},\"thumbnailUrl\":\"https:\/\/homolog.harald.com.br\/site-2026\/wp-content\/uploads\/2024\/05\/design-sem-nome-1.jpg\",\"datePublished\":\"2024-05-27T15:50:24+00:00\",\"dateModified\":\"2024-05-27T15:51:45+00:00\",\"description\":\"Harald celebra o S\u00e3o Jo\u00e3o de 2024 com embalagens comemorativas exclusivas para a regi\u00e3o Nordeste. Garanta j\u00e1 o seu!\",\"breadcrumb\":{\"@id\":\"https:\/\/homolog.harald.com.br\/site-2026\/blog\/harald-lanca-edicao-de-embalagens-para-festas-juninas\/#breadcrumb\"},\"inLanguage\":\"pt-BR\",\"potentialAction\":[{\"@type\":\"ReadAction\",\"target\":[\"https:\/\/homolog.harald.com.br\/site-2026\/blog\/harald-lanca-edicao-de-embalagens-para-festas-juninas\/\"]}]},{\"@type\":\"ImageObject\",\"inLanguage\":\"pt-BR\",\"@id\":\"https:\/\/homolog.harald.com.br\/site-2026\/blog\/harald-lanca-edicao-de-embalagens-para-festas-juninas\/#primaryimage\",\"url\":\"https:\/\/homolog.harald.com.br\/site-2026\/wp-content\/uploads\/2024\/05\/design-sem-nome-1.jpg\",\"contentUrl\":\"https:\/\/homolog.harald.com.br\/site-2026\/wp-content\/uploads\/2024\/05\/design-sem-nome-1.jpg\",\"width\":1920,\"height\":1080,\"caption\":\"embalagens\"},{\"@type\":\"BreadcrumbList\",\"@id\":\"https:\/\/homolog.harald.com.br\/site-2026\/blog\/harald-lanca-edicao-de-embalagens-para-festas-juninas\/#breadcrumb\",\"itemListElement\":[{\"@type\":\"ListItem\",\"position\":1,\"name\":\"In\u00edcio\",\"item\":\"https:\/\/homolog.harald.com.br\/site-2026\/\"},{\"@type\":\"ListItem\",\"position\":2,\"name\":\"Harald lan\u00e7a edi\u00e7\u00e3o de embalagens para festas Juninas\"}]},{\"@type\":\"WebSite\",\"@id\":\"https:\/\/homolog.harald.com.br\/site-2026\/#website\",\"url\":\"https:\/\/homolog.harald.com.br\/site-2026\/\",\"name\":\"Harald\",\"description\":\"Fazer melhor \u00e9 fazer com paix\u00e3o\",\"publisher\":{\"@id\":\"https:\/\/homolog.harald.com.br\/site-2026\/#organization\"},\"potentialAction\":[{\"@type\":\"SearchAction\",\"target\":{\"@type\":\"EntryPoint\",\"urlTemplate\":\"https:\/\/homolog.harald.com.br\/site-2026\/?s={search_term_string}\"},\"query-input\":{\"@type\":\"PropertyValueSpecification\",\"valueRequired\":true,\"valueName\":\"search_term_string\"}}],\"inLanguage\":\"pt-BR\"},{\"@type\":\"Organization\",\"@id\":\"https:\/\/homolog.harald.com.br\/site-2026\/#organization\",\"name\":\"Harald\",\"url\":\"https:\/\/homolog.harald.com.br\/site-2026\/\",\"logo\":{\"@type\":\"ImageObject\",\"inLanguage\":\"pt-BR\",\"@id\":\"https:\/\/homolog.harald.com.br\/site-2026\/#\/schema\/logo\/image\/\",\"url\":\"https:\/\/homolog.harald.com.br\/site-2026\/wp-content\/uploads\/2022\/09\/logo-harald-cmyk-ss.png\",\"contentUrl\":\"https:\/\/homolog.harald.com.br\/site-2026\/wp-content\/uploads\/2022\/09\/logo-harald-cmyk-ss.png\",\"width\":1948,\"height\":1051,\"caption\":\"Harald\"},\"image\":{\"@id\":\"https:\/\/homolog.harald.com.br\/site-2026\/#\/schema\/logo\/image\/\"},\"sameAs\":[\"https:\/\/www.facebook.com\/HaraldChocolates\/\",\"https:\/\/www.youtube.com\/user\/HaraldChocolates\"]},{\"@type\":\"Person\",\"@id\":\"https:\/\/homolog.harald.com.br\/site-2026\/#\/schema\/person\/474c783c0a4a997b6352b8b626175b12\",\"name\":\"CROWD\",\"image\":{\"@type\":\"ImageObject\",\"inLanguage\":\"pt-BR\",\"@id\":\"https:\/\/homolog.harald.com.br\/site-2026\/#\/schema\/person\/image\/\",\"url\":\"https:\/\/secure.gravatar.com\/avatar\/4d8c1df2b3db7e6270e2d04115410a036e98bb8f8dd59ca3c343e438750c76b9?s=96&d=mm&r=g\",\"contentUrl\":\"https:\/\/secure.gravatar.com\/avatar\/4d8c1df2b3db7e6270e2d04115410a036e98bb8f8dd59ca3c343e438750c76b9?s=96&d=mm&r=g\",\"caption\":\"CROWD\"},\"url\":\"https:\/\/homolog.harald.com.br\/site-2026\/blog\/author\/crowd\/\"}]}<\/script>\n<!-- \/ Yoast SEO plugin. -->","yoast_head_json":{"title":"Harald lan\u00e7a edi\u00e7\u00e3o de embalagens para festas Juninas - Harald","description":"Harald celebra o S\u00e3o Jo\u00e3o de 2024 com embalagens comemorativas exclusivas para a regi\u00e3o Nordeste. Garanta j\u00e1 o seu!","robots":{"index":"noindex","follow":"follow","max-snippet":"max-snippet:-1","max-image-preview":"max-image-preview:large","max-video-preview":"max-video-preview:-1"},"og_locale":"pt_BR","og_type":"article","og_title":"Harald lan\u00e7a edi\u00e7\u00e3o de embalagens para festas Juninas - Harald","og_description":"Harald celebra o S\u00e3o Jo\u00e3o de 2024 com embalagens comemorativas exclusivas para a regi\u00e3o Nordeste. Garanta j\u00e1 o seu!","og_url":"https:\/\/homolog.harald.com.br\/site-2026\/blog\/harald-lanca-edicao-de-embalagens-para-festas-juninas\/","og_site_name":"Harald","article_publisher":"https:\/\/www.facebook.com\/HaraldChocolates\/","article_published_time":"2024-05-27T15:50:24+00:00","article_modified_time":"2024-05-27T15:51:45+00:00","og_image":[{"width":1920,"height":1080,"url":"https:\/\/homolog.harald.com.br\/site-2026\/wp-content\/uploads\/2024\/05\/design-sem-nome-1.jpg","type":"image\/jpeg"}],"author":"CROWD","twitter_card":"summary_large_image","twitter_misc":{"Escrito por":"CROWD","Est. tempo de leitura":"2 minutos"},"schema":{"@context":"https:\/\/schema.org","@graph":[{"@type":"Article","@id":"https:\/\/homolog.harald.com.br\/site-2026\/blog\/harald-lanca-edicao-de-embalagens-para-festas-juninas\/#article","isPartOf":{"@id":"https:\/\/homolog.harald.com.br\/site-2026\/blog\/harald-lanca-edicao-de-embalagens-para-festas-juninas\/"},"author":{"name":"CROWD","@id":"https:\/\/homolog.harald.com.br\/site-2026\/#\/schema\/person\/474c783c0a4a997b6352b8b626175b12"},"headline":"Harald lan\u00e7a edi\u00e7\u00e3o de embalagens para festas Juninas","datePublished":"2024-05-27T15:50:24+00:00","dateModified":"2024-05-27T15:51:45+00:00","mainEntityOfPage":{"@id":"https:\/\/homolog.harald.com.br\/site-2026\/blog\/harald-lanca-edicao-de-embalagens-para-festas-juninas\/"},"wordCount":284,"publisher":{"@id":"https:\/\/homolog.harald.com.br\/site-2026\/#organization"},"image":{"@id":"https:\/\/homolog.harald.com.br\/site-2026\/blog\/harald-lanca-edicao-de-embalagens-para-festas-juninas\/#primaryimage"},"thumbnailUrl":"https:\/\/homolog.harald.com.br\/site-2026\/wp-content\/uploads\/2024\/05\/design-sem-nome-1.jpg","articleSection":["Not\u00edcias"],"inLanguage":"pt-BR"},{"@type":"WebPage","@id":"https:\/\/homolog.harald.com.br\/site-2026\/blog\/harald-lanca-edicao-de-embalagens-para-festas-juninas\/","url":"https:\/\/homolog.harald.com.br\/site-2026\/blog\/harald-lanca-edicao-de-embalagens-para-festas-juninas\/","name":"Harald lan\u00e7a edi\u00e7\u00e3o de embalagens para festas Juninas - Harald","isPartOf":{"@id":"https:\/\/homolog.harald.com.br\/site-2026\/#website"},"primaryImageOfPage":{"@id":"https:\/\/homolog.harald.com.br\/site-2026\/blog\/harald-lanca-edicao-de-embalagens-para-festas-juninas\/#primaryimage"},"image":{"@id":"https:\/\/homolog.harald.com.br\/site-2026\/blog\/harald-lanca-edicao-de-embalagens-para-festas-juninas\/#primaryimage"},"thumbnailUrl":"https:\/\/homolog.harald.com.br\/site-2026\/wp-content\/uploads\/2024\/05\/design-sem-nome-1.jpg","datePublished":"2024-05-27T15:50:24+00:00","dateModified":"2024-05-27T15:51:45+00:00","description":"Harald celebra o S\u00e3o Jo\u00e3o de 2024 com embalagens comemorativas exclusivas para a regi\u00e3o Nordeste. Garanta j\u00e1 o seu!","breadcrumb":{"@id":"https:\/\/homolog.harald.com.br\/site-2026\/blog\/harald-lanca-edicao-de-embalagens-para-festas-juninas\/#breadcrumb"},"inLanguage":"pt-BR","potentialAction":[{"@type":"ReadAction","target":["https:\/\/homolog.harald.com.br\/site-2026\/blog\/harald-lanca-edicao-de-embalagens-para-festas-juninas\/"]}]},{"@type":"ImageObject","inLanguage":"pt-BR","@id":"https:\/\/homolog.harald.com.br\/site-2026\/blog\/harald-lanca-edicao-de-embalagens-para-festas-juninas\/#primaryimage","url":"https:\/\/homolog.harald.com.br\/site-2026\/wp-content\/uploads\/2024\/05\/design-sem-nome-1.jpg","contentUrl":"https:\/\/homolog.harald.com.br\/site-2026\/wp-content\/uploads\/2024\/05\/design-sem-nome-1.jpg","width":1920,"height":1080,"caption":"embalagens"},{"@type":"BreadcrumbList","@id":"https:\/\/homolog.harald.com.br\/site-2026\/blog\/harald-lanca-edicao-de-embalagens-para-festas-juninas\/#breadcrumb","itemListElement":[{"@type":"ListItem","position":1,"name":"In\u00edcio","item":"https:\/\/homolog.harald.com.br\/site-2026\/"},{"@type":"ListItem","position":2,"name":"Harald lan\u00e7a edi\u00e7\u00e3o de embalagens para festas Juninas"}]},{"@type":"WebSite","@id":"https:\/\/homolog.harald.com.br\/site-2026\/#website","url":"https:\/\/homolog.harald.com.br\/site-2026\/","name":"Harald","description":"Fazer melhor \u00e9 fazer com paix\u00e3o","publisher":{"@id":"https:\/\/homolog.harald.com.br\/site-2026\/#organization"},"potentialAction":[{"@type":"SearchAction","target":{"@type":"EntryPoint","urlTemplate":"https:\/\/homolog.harald.com.br\/site-2026\/?s={search_term_string}"},"query-input":{"@type":"PropertyValueSpecification","valueRequired":true,"valueName":"search_term_string"}}],"inLanguage":"pt-BR"},{"@type":"Organization","@id":"https:\/\/homolog.harald.com.br\/site-2026\/#organization","name":"Harald","url":"https:\/\/homolog.harald.com.br\/site-2026\/","logo":{"@type":"ImageObject","inLanguage":"pt-BR","@id":"https:\/\/homolog.harald.com.br\/site-2026\/#\/schema\/logo\/image\/","url":"https:\/\/homolog.harald.com.br\/site-2026\/wp-content\/uploads\/2022\/09\/logo-harald-cmyk-ss.png","contentUrl":"https:\/\/homolog.harald.com.br\/site-2026\/wp-content\/uploads\/2022\/09\/logo-harald-cmyk-ss.png","width":1948,"height":1051,"caption":"Harald"},"image":{"@id":"https:\/\/homolog.harald.com.br\/site-2026\/#\/schema\/logo\/image\/"},"sameAs":["https:\/\/www.facebook.com\/HaraldChocolates\/","https:\/\/www.youtube.com\/user\/HaraldChocolates"]},{"@type":"Person","@id":"https:\/\/homolog.harald.com.br\/site-2026\/#\/schema\/person\/474c783c0a4a997b6352b8b626175b12","name":"CROWD","image":{"@type":"ImageObject","inLanguage":"pt-BR","@id":"https:\/\/homolog.harald.com.br\/site-2026\/#\/schema\/person\/image\/","url":"https:\/\/secure.gravatar.com\/avatar\/4d8c1df2b3db7e6270e2d04115410a036e98bb8f8dd59ca3c343e438750c76b9?s=96&d=mm&r=g","contentUrl":"https:\/\/secure.gravatar.com\/avatar\/4d8c1df2b3db7e6270e2d04115410a036e98bb8f8dd59ca3c343e438750c76b9?s=96&d=mm&r=g","caption":"CROWD"},"url":"https:\/\/homolog.harald.com.br\/site-2026\/blog\/author\/crowd\/"}]}},"uagb_featured_image_src":{"full":["https:\/\/homolog.harald.com.br\/site-2026\/wp-content\/uploads\/2024\/05\/design-sem-nome-1.jpg",1920,1080,false],"thumbnail":["https:\/\/homolog.harald.com.br\/site-2026\/wp-content\/uploads\/2024\/05\/design-sem-nome-1-150x150.jpg",150,150,true],"medium":["https:\/\/homolog.harald.com.br\/site-2026\/wp-content\/uploads\/2024\/05\/design-sem-nome-1-300x169.jpg",300,169,true],"medium_large":["https:\/\/homolog.harald.com.br\/site-2026\/wp-content\/uploads\/2024\/05\/design-sem-nome-1-768x432.jpg",768,432,true],"large":["https:\/\/homolog.harald.com.br\/site-2026\/wp-content\/uploads\/2024\/05\/design-sem-nome-1-1024x576.jpg",1024,576,true],"1536x1536":["https:\/\/homolog.harald.com.br\/site-2026\/wp-content\/uploads\/2024\/05\/design-sem-nome-1-1536x864.jpg",1536,864,true],"2048x2048":["https:\/\/homolog.harald.com.br\/site-2026\/wp-content\/uploads\/2024\/05\/design-sem-nome-1.jpg",1920,1080,false],"full-width":["https:\/\/homolog.harald.com.br\/site-2026\/wp-content\/uploads\/2024\/05\/design-sem-nome-1.jpg",1920,1080,false],"gform-image-choice-sm":["https:\/\/homolog.harald.com.br\/site-2026\/wp-content\/uploads\/2024\/05\/design-sem-nome-1.jpg",300,169,false],"gform-image-choice-md":["https:\/\/homolog.harald.com.br\/site-2026\/wp-content\/uploads\/2024\/05\/design-sem-nome-1.jpg",400,225,false],"gform-image-choice-lg":["https:\/\/homolog.harald.com.br\/site-2026\/wp-content\/uploads\/2024\/05\/design-sem-nome-1.jpg",600,338,false]},"uagb_author_info":{"display_name":"CROWD","author_link":"https:\/\/homolog.harald.com.br\/site-2026\/blog\/author\/crowd\/"},"uagb_comment_info":0,"uagb_excerpt":"Os produtos Confeiteiro Barra e Chocolate em P\u00f3 Melken 50% Cacau tem nova edi\u00e7\u00e3o de embalagens desenvolvida para o S\u00e3o Jo\u00e3o no Nordeste A Harald, l\u00edder em coberturas e chocolate para o mercado especializado no Brasil, lan\u00e7ou embalagens que celebram o S\u00e3o Jo\u00e3o de 2024. Os produtos Confeiteiro Meio Amargo em Barra e Chocolate em&hellip;","_links":{"self":[{"href":"https:\/\/homolog.harald.com.br\/site-2026\/wp-json\/wp\/v2\/posts\/189495","targetHints":{"allow":["GET"]}}],"collection":[{"href":"https:\/\/homolog.harald.com.br\/site-2026\/wp-json\/wp\/v2\/posts"}],"about":[{"href":"https:\/\/homolog.harald.com.br\/site-2026\/wp-json\/wp\/v2\/types\/post"}],"author":[{"embeddable":true,"href":"https:\/\/homolog.harald.com.br\/site-2026\/wp-json\/wp\/v2\/users\/9"}],"replies":[{"embeddable":true,"href":"https:\/\/homolog.harald.com.br\/site-2026\/wp-json\/wp\/v2\/comments?post=189495"}],"version-history":[{"count":1,"href":"https:\/\/homolog.harald.com.br\/site-2026\/wp-json\/wp\/v2\/posts\/189495\/revisions"}],"predecessor-version":[{"id":189500,"href":"https:\/\/homolog.harald.com.br\/site-2026\/wp-json\/wp\/v2\/posts\/189495\/revisions\/189500"}],"wp:featuredmedia":[{"embeddable":true,"href":"https:\/\/homolog.harald.com.br\/site-2026\/wp-json\/wp\/v2\/media\/189501"}],"wp:attachment":[{"href":"https:\/\/homolog.harald.com.br\/site-2026\/wp-json\/wp\/v2\/media?parent=189495"}],"wp:term":[{"taxonomy":"category","embeddable":true,"href":"https:\/\/homolog.harald.com.br\/site-2026\/wp-json\/wp\/v2\/categories?post=189495"},{"taxonomy":"post_tag","embeddable":true,"href":"https:\/\/homolog.harald.com.br\/site-2026\/wp-json\/wp\/v2\/tags?post=189495"},{"taxonomy":"para-seu-negocio","embeddable":true,"href":"https:\/\/homolog.harald.com.br\/site-2026\/wp-json\/wp\/v2\/para-seu-negocio?post=189495"}],"curies":[{"name":"wp","href":"https:\/\/api.w.org\/{rel}","templated":true}]}}