{"id":188847,"date":"2024-05-22T11:25:59","date_gmt":"2024-05-22T14:25:59","guid":{"rendered":"https:\/\/homolog.harald.com.br\/site-2026\/?p=188847"},"modified":"2024-05-23T11:28:59","modified_gmt":"2024-05-23T14:28:59","slug":"empreendedorismo-na-confeitaria-e-foco-no-mara-cakes-fair","status":"publish","type":"post","link":"https:\/\/homolog.harald.com.br\/site-2026\/blog\/empreendedorismo-na-confeitaria-e-foco-no-mara-cakes-fair\/","title":{"rendered":"Empreendedorismo na Confeitaria \u00e9 foco no Mara Cakes Fair"},"content":{"rendered":"<h3><strong>Empreendedorismo na Confeitaria: Mara Cakes Fair se Consolida como Principal Evento do Setor<br \/>\n<\/strong><\/h3>\n<p>A Mara Cakes Fair destaca-se como a maior feira de confeitaria das Am\u00e9ricas, sendo reconhecida como o principal evento do segmento. No entanto, sua \u00faltima edi\u00e7\u00e3o ocorreu nos dias 11 a 14 de Abril, apresentando lan\u00e7amentos, utens\u00edlios, embalagens e equipamentos e reunindo as maiores empresas do setor, tanto ind\u00fastrias nacionais quanto internacionais.<\/p>\n<p><img loading=\"lazy\" decoding=\"async\" class=\"aligncenter wp-image-188856 \" src=\"https:\/\/homolog.harald.com.br\/site-2026\/wp-content\/uploads\/2024\/05\/mara-cakes-fair-2024-comeca-dia-11-de-abril-na-sao-paulo-expo-2.jpg\" alt=\"\" width=\"862\" height=\"431\" srcset=\"https:\/\/homolog.harald.com.br\/site-2026\/wp-content\/uploads\/2024\/05\/mara-cakes-fair-2024-comeca-dia-11-de-abril-na-sao-paulo-expo-2.jpg 1280w, https:\/\/homolog.harald.com.br\/site-2026\/wp-content\/uploads\/2024\/05\/mara-cakes-fair-2024-comeca-dia-11-de-abril-na-sao-paulo-expo-2-300x150.jpg 300w, https:\/\/homolog.harald.com.br\/site-2026\/wp-content\/uploads\/2024\/05\/mara-cakes-fair-2024-comeca-dia-11-de-abril-na-sao-paulo-expo-2-1024x512.jpg 1024w, https:\/\/homolog.harald.com.br\/site-2026\/wp-content\/uploads\/2024\/05\/mara-cakes-fair-2024-comeca-dia-11-de-abril-na-sao-paulo-expo-2-768x384.jpg 768w\" sizes=\"auto, (max-width: 862px) 100vw, 862px\" \/><\/p>\n<p>A feira n\u00e3o \u00e9 apenas um evento, mas uma verdadeira catalisadora de hist\u00f3rias de empreendedorismo na confeitaria. Assim, mais do que um espa\u00e7o de exposi\u00e7\u00e3o de marcas, tamb\u00e9m \u00e9 um ambiente prop\u00edcio para estabelecer conex\u00f5es entre expositores e o p\u00fablico consumidor. Al\u00e9m disso ao longo dos anos, consolidou-se como uma fonte de oportunidades de neg\u00f3cios, proporcionando experi\u00eancias enriquecedoras, entretenimento e conhecimento atrav\u00e9s de diversas atividades paralelas para o empreendedorismo.<\/p>\n<p><strong>Estat\u00edsticas do Sucesso:<\/strong><br \/>\nOs n\u00fameros do evento provam foram, 246 marcas, 142 expositores, 30 milh\u00f5es de reais em neg\u00f3cios, 46.102 mil visitantes, 23 pa\u00edses presentes, 116 caravanas nacionais e internacionais, 1.680 aulas e palestras e um alcance nas Redes Sociais de 1,3 milh\u00e3o de seguidores. Em sua primeira edi\u00e7\u00e3o com 5.000m2 de \u00e1rea, posteriormente a feira expandiu-se para ocupar agora 30.000m2 de \u00e1rea.<\/p>\n<p>\u201cA Mara Cakes Fair nasceu de um sonho de reunir todo o p\u00fablico da confeitaria num evento 100% nosso, antes n\u00e3o existia isso. Um evento direcionado \u00e0 confeitaria e aos confeiteiros, os outros eventos eram misturados, tinha panifica\u00e7\u00e3o, confeitaria, food service, festas&#8230;, tudo junto. Como esse mercado vem crescendo muito, merecia uma feira como Mara Cakes Fair\u201d, explica Mara Angelo, fundador a da Mara Cakes Fair.<\/p>\n<p><strong>Harald na Mara Cakes Fair<\/strong>, renomada empresa do ramo, teve uma participa\u00e7\u00e3o extremamente positiva no evento, apresentando seus lan\u00e7amentos e portf\u00f3lio de forma interativa. Destaque para a Cobertura TOP Caramelo e o Granul\u00e9 Melken 70% Cacau, que receberam feedbacks positivos do p\u00fablico.<\/p>\n<p>A recep\u00e7\u00e3o do p\u00fablico aos produtos da marca foi extremamente positiva. Portanto, durante os quatro dias de evento, o estande da Harald esteve constantemente movimentado, com grande quantidade de visitantes interessados em conhecer e experimentar os produtos da marca. \u201cFicamos muito satisfeitos com o interesse e o feedback positivo recebido pelos confeiteiros e demais profissionais presentes na Mara Cakes Fair. Isso refor\u00e7a nossa confian\u00e7a na qualidade e na aceita\u00e7\u00e3o dos nossos produtos no mercado\u201d, contou Fernanda Sequetto, Gerente Executiva de Marketing da Harald.<\/p>\n<p><img loading=\"lazy\" decoding=\"async\" class=\"aligncenter wp-image-188860 size-full\" src=\"https:\/\/homolog.harald.com.br\/site-2026\/wp-content\/uploads\/2024\/05\/captura-de-tela-2024-05-23-103904.jpg\" alt=\"\" width=\"569\" height=\"355\" srcset=\"https:\/\/homolog.harald.com.br\/site-2026\/wp-content\/uploads\/2024\/05\/captura-de-tela-2024-05-23-103904.jpg 569w, https:\/\/homolog.harald.com.br\/site-2026\/wp-content\/uploads\/2024\/05\/captura-de-tela-2024-05-23-103904-300x187.jpg 300w\" sizes=\"auto, (max-width: 569px) 100vw, 569px\" \/><\/p>\n","protected":false},"excerpt":{"rendered":"<p>Empreendedorismo na Confeitaria: Mara Cakes Fair se Consolida como Principal Evento do Setor A Mara Cakes Fair destaca-se como a maior feira de confeitaria das Am\u00e9ricas, sendo reconhecida como o principal evento do segmento. No entanto, sua \u00faltima edi\u00e7\u00e3o ocorreu nos dias 11 a 14 de Abril, apresentando lan\u00e7amentos, utens\u00edlios, embalagens e equipamentos e reunindo <a class=\"more-link\" href=\"https:\/\/homolog.harald.com.br\/site-2026\/blog\/empreendedorismo-na-confeitaria-e-foco-no-mara-cakes-fair\/\">Read more&#8230;<\/a><\/p>\n","protected":false},"author":9,"featured_media":188853,"comment_status":"closed","ping_status":"closed","sticky":false,"template":"","format":"standard","meta":{"_acf_changed":false,"_uag_custom_page_level_css":"","footnotes":""},"categories":[158],"tags":[],"para-seu-negocio":[],"class_list":["post-188847","post","type-post","status-publish","format-standard","has-post-thumbnail","hentry","category-noticias"],"acf":[],"yoast_head":"<!-- This site is optimized with the Yoast SEO plugin v26.3 - https:\/\/yoast.com\/wordpress\/plugins\/seo\/ -->\n<title>Empreendedorismo na Confeitaria \u00e9 foco no Mara Cakes Fair - Harald<\/title>\n<meta name=\"description\" content=\"O Mara Cakes Fair se tornou o principal evento de empreendedorismo na confeitaria, proporcionando oportunidades de neg\u00f3cios!\" \/>\n<meta name=\"robots\" content=\"noindex, follow, max-snippet:-1, max-image-preview:large, max-video-preview:-1\" \/>\n<meta property=\"og:locale\" content=\"pt_BR\" \/>\n<meta property=\"og:type\" content=\"article\" \/>\n<meta property=\"og:title\" content=\"Empreendedorismo na Confeitaria \u00e9 foco no Mara Cakes Fair - Harald\" \/>\n<meta property=\"og:description\" content=\"O Mara Cakes Fair se tornou o principal evento de empreendedorismo na confeitaria, proporcionando oportunidades de neg\u00f3cios!\" \/>\n<meta property=\"og:url\" content=\"https:\/\/homolog.harald.com.br\/site-2026\/blog\/empreendedorismo-na-confeitaria-e-foco-no-mara-cakes-fair\/\" \/>\n<meta property=\"og:site_name\" content=\"Harald\" \/>\n<meta property=\"article:publisher\" content=\"https:\/\/www.facebook.com\/HaraldChocolates\/\" \/>\n<meta property=\"article:published_time\" content=\"2024-05-22T14:25:59+00:00\" \/>\n<meta property=\"article:modified_time\" content=\"2024-05-23T14:28:59+00:00\" \/>\n<meta property=\"og:image\" content=\"https:\/\/homolog.harald.com.br\/site-2026\/wp-content\/uploads\/2024\/05\/mara-cakes-fair-sp-2024.jpg\" \/>\n\t<meta property=\"og:image:width\" content=\"550\" \/>\n\t<meta property=\"og:image:height\" content=\"350\" \/>\n\t<meta property=\"og:image:type\" content=\"image\/jpeg\" \/>\n<meta name=\"author\" content=\"CROWD\" \/>\n<meta name=\"twitter:card\" content=\"summary_large_image\" \/>\n<meta name=\"twitter:label1\" content=\"Escrito por\" \/>\n\t<meta name=\"twitter:data1\" content=\"CROWD\" \/>\n\t<meta name=\"twitter:label2\" content=\"Est. tempo de leitura\" \/>\n\t<meta name=\"twitter:data2\" content=\"3 minutos\" \/>\n<script type=\"application\/ld+json\" class=\"yoast-schema-graph\">{\"@context\":\"https:\/\/schema.org\",\"@graph\":[{\"@type\":\"Article\",\"@id\":\"https:\/\/homolog.harald.com.br\/site-2026\/blog\/empreendedorismo-na-confeitaria-e-foco-no-mara-cakes-fair\/#article\",\"isPartOf\":{\"@id\":\"https:\/\/homolog.harald.com.br\/site-2026\/blog\/empreendedorismo-na-confeitaria-e-foco-no-mara-cakes-fair\/\"},\"author\":{\"name\":\"CROWD\",\"@id\":\"https:\/\/homolog.harald.com.br\/site-2026\/#\/schema\/person\/474c783c0a4a997b6352b8b626175b12\"},\"headline\":\"Empreendedorismo na Confeitaria \u00e9 foco no Mara Cakes Fair\",\"datePublished\":\"2024-05-22T14:25:59+00:00\",\"dateModified\":\"2024-05-23T14:28:59+00:00\",\"mainEntityOfPage\":{\"@id\":\"https:\/\/homolog.harald.com.br\/site-2026\/blog\/empreendedorismo-na-confeitaria-e-foco-no-mara-cakes-fair\/\"},\"wordCount\":417,\"publisher\":{\"@id\":\"https:\/\/homolog.harald.com.br\/site-2026\/#organization\"},\"image\":{\"@id\":\"https:\/\/homolog.harald.com.br\/site-2026\/blog\/empreendedorismo-na-confeitaria-e-foco-no-mara-cakes-fair\/#primaryimage\"},\"thumbnailUrl\":\"https:\/\/homolog.harald.com.br\/site-2026\/wp-content\/uploads\/2024\/05\/mara-cakes-fair-sp-2024.jpg\",\"articleSection\":[\"Not\u00edcias\"],\"inLanguage\":\"pt-BR\"},{\"@type\":\"WebPage\",\"@id\":\"https:\/\/homolog.harald.com.br\/site-2026\/blog\/empreendedorismo-na-confeitaria-e-foco-no-mara-cakes-fair\/\",\"url\":\"https:\/\/homolog.harald.com.br\/site-2026\/blog\/empreendedorismo-na-confeitaria-e-foco-no-mara-cakes-fair\/\",\"name\":\"Empreendedorismo na Confeitaria \u00e9 foco no Mara Cakes Fair - Harald\",\"isPartOf\":{\"@id\":\"https:\/\/homolog.harald.com.br\/site-2026\/#website\"},\"primaryImageOfPage\":{\"@id\":\"https:\/\/homolog.harald.com.br\/site-2026\/blog\/empreendedorismo-na-confeitaria-e-foco-no-mara-cakes-fair\/#primaryimage\"},\"image\":{\"@id\":\"https:\/\/homolog.harald.com.br\/site-2026\/blog\/empreendedorismo-na-confeitaria-e-foco-no-mara-cakes-fair\/#primaryimage\"},\"thumbnailUrl\":\"https:\/\/homolog.harald.com.br\/site-2026\/wp-content\/uploads\/2024\/05\/mara-cakes-fair-sp-2024.jpg\",\"datePublished\":\"2024-05-22T14:25:59+00:00\",\"dateModified\":\"2024-05-23T14:28:59+00:00\",\"description\":\"O Mara Cakes Fair se tornou o principal evento de empreendedorismo na confeitaria, proporcionando oportunidades de neg\u00f3cios!\",\"breadcrumb\":{\"@id\":\"https:\/\/homolog.harald.com.br\/site-2026\/blog\/empreendedorismo-na-confeitaria-e-foco-no-mara-cakes-fair\/#breadcrumb\"},\"inLanguage\":\"pt-BR\",\"potentialAction\":[{\"@type\":\"ReadAction\",\"target\":[\"https:\/\/homolog.harald.com.br\/site-2026\/blog\/empreendedorismo-na-confeitaria-e-foco-no-mara-cakes-fair\/\"]}]},{\"@type\":\"ImageObject\",\"inLanguage\":\"pt-BR\",\"@id\":\"https:\/\/homolog.harald.com.br\/site-2026\/blog\/empreendedorismo-na-confeitaria-e-foco-no-mara-cakes-fair\/#primaryimage\",\"url\":\"https:\/\/homolog.harald.com.br\/site-2026\/wp-content\/uploads\/2024\/05\/mara-cakes-fair-sp-2024.jpg\",\"contentUrl\":\"https:\/\/homolog.harald.com.br\/site-2026\/wp-content\/uploads\/2024\/05\/mara-cakes-fair-sp-2024.jpg\",\"width\":550,\"height\":350,\"caption\":\"empreendedorismo\"},{\"@type\":\"BreadcrumbList\",\"@id\":\"https:\/\/homolog.harald.com.br\/site-2026\/blog\/empreendedorismo-na-confeitaria-e-foco-no-mara-cakes-fair\/#breadcrumb\",\"itemListElement\":[{\"@type\":\"ListItem\",\"position\":1,\"name\":\"In\u00edcio\",\"item\":\"https:\/\/homolog.harald.com.br\/site-2026\/\"},{\"@type\":\"ListItem\",\"position\":2,\"name\":\"Empreendedorismo na Confeitaria \u00e9 foco no Mara Cakes Fair\"}]},{\"@type\":\"WebSite\",\"@id\":\"https:\/\/homolog.harald.com.br\/site-2026\/#website\",\"url\":\"https:\/\/homolog.harald.com.br\/site-2026\/\",\"name\":\"Harald\",\"description\":\"Fazer melhor \u00e9 fazer com paix\u00e3o\",\"publisher\":{\"@id\":\"https:\/\/homolog.harald.com.br\/site-2026\/#organization\"},\"potentialAction\":[{\"@type\":\"SearchAction\",\"target\":{\"@type\":\"EntryPoint\",\"urlTemplate\":\"https:\/\/homolog.harald.com.br\/site-2026\/?s={search_term_string}\"},\"query-input\":{\"@type\":\"PropertyValueSpecification\",\"valueRequired\":true,\"valueName\":\"search_term_string\"}}],\"inLanguage\":\"pt-BR\"},{\"@type\":\"Organization\",\"@id\":\"https:\/\/homolog.harald.com.br\/site-2026\/#organization\",\"name\":\"Harald\",\"url\":\"https:\/\/homolog.harald.com.br\/site-2026\/\",\"logo\":{\"@type\":\"ImageObject\",\"inLanguage\":\"pt-BR\",\"@id\":\"https:\/\/homolog.harald.com.br\/site-2026\/#\/schema\/logo\/image\/\",\"url\":\"https:\/\/homolog.harald.com.br\/site-2026\/wp-content\/uploads\/2022\/09\/logo-harald-cmyk-ss.png\",\"contentUrl\":\"https:\/\/homolog.harald.com.br\/site-2026\/wp-content\/uploads\/2022\/09\/logo-harald-cmyk-ss.png\",\"width\":1948,\"height\":1051,\"caption\":\"Harald\"},\"image\":{\"@id\":\"https:\/\/homolog.harald.com.br\/site-2026\/#\/schema\/logo\/image\/\"},\"sameAs\":[\"https:\/\/www.facebook.com\/HaraldChocolates\/\",\"https:\/\/www.youtube.com\/user\/HaraldChocolates\"]},{\"@type\":\"Person\",\"@id\":\"https:\/\/homolog.harald.com.br\/site-2026\/#\/schema\/person\/474c783c0a4a997b6352b8b626175b12\",\"name\":\"CROWD\",\"image\":{\"@type\":\"ImageObject\",\"inLanguage\":\"pt-BR\",\"@id\":\"https:\/\/homolog.harald.com.br\/site-2026\/#\/schema\/person\/image\/\",\"url\":\"https:\/\/secure.gravatar.com\/avatar\/4d8c1df2b3db7e6270e2d04115410a036e98bb8f8dd59ca3c343e438750c76b9?s=96&d=mm&r=g\",\"contentUrl\":\"https:\/\/secure.gravatar.com\/avatar\/4d8c1df2b3db7e6270e2d04115410a036e98bb8f8dd59ca3c343e438750c76b9?s=96&d=mm&r=g\",\"caption\":\"CROWD\"},\"url\":\"https:\/\/homolog.harald.com.br\/site-2026\/blog\/author\/crowd\/\"}]}<\/script>\n<!-- \/ Yoast SEO plugin. -->","yoast_head_json":{"title":"Empreendedorismo na Confeitaria \u00e9 foco no Mara Cakes Fair - Harald","description":"O Mara Cakes Fair se tornou o principal evento de empreendedorismo na confeitaria, proporcionando oportunidades de neg\u00f3cios!","robots":{"index":"noindex","follow":"follow","max-snippet":"max-snippet:-1","max-image-preview":"max-image-preview:large","max-video-preview":"max-video-preview:-1"},"og_locale":"pt_BR","og_type":"article","og_title":"Empreendedorismo na Confeitaria \u00e9 foco no Mara Cakes Fair - Harald","og_description":"O Mara Cakes Fair se tornou o principal evento de empreendedorismo na confeitaria, proporcionando oportunidades de neg\u00f3cios!","og_url":"https:\/\/homolog.harald.com.br\/site-2026\/blog\/empreendedorismo-na-confeitaria-e-foco-no-mara-cakes-fair\/","og_site_name":"Harald","article_publisher":"https:\/\/www.facebook.com\/HaraldChocolates\/","article_published_time":"2024-05-22T14:25:59+00:00","article_modified_time":"2024-05-23T14:28:59+00:00","og_image":[{"width":550,"height":350,"url":"https:\/\/homolog.harald.com.br\/site-2026\/wp-content\/uploads\/2024\/05\/mara-cakes-fair-sp-2024.jpg","type":"image\/jpeg"}],"author":"CROWD","twitter_card":"summary_large_image","twitter_misc":{"Escrito por":"CROWD","Est. tempo de leitura":"3 minutos"},"schema":{"@context":"https:\/\/schema.org","@graph":[{"@type":"Article","@id":"https:\/\/homolog.harald.com.br\/site-2026\/blog\/empreendedorismo-na-confeitaria-e-foco-no-mara-cakes-fair\/#article","isPartOf":{"@id":"https:\/\/homolog.harald.com.br\/site-2026\/blog\/empreendedorismo-na-confeitaria-e-foco-no-mara-cakes-fair\/"},"author":{"name":"CROWD","@id":"https:\/\/homolog.harald.com.br\/site-2026\/#\/schema\/person\/474c783c0a4a997b6352b8b626175b12"},"headline":"Empreendedorismo na Confeitaria \u00e9 foco no Mara Cakes Fair","datePublished":"2024-05-22T14:25:59+00:00","dateModified":"2024-05-23T14:28:59+00:00","mainEntityOfPage":{"@id":"https:\/\/homolog.harald.com.br\/site-2026\/blog\/empreendedorismo-na-confeitaria-e-foco-no-mara-cakes-fair\/"},"wordCount":417,"publisher":{"@id":"https:\/\/homolog.harald.com.br\/site-2026\/#organization"},"image":{"@id":"https:\/\/homolog.harald.com.br\/site-2026\/blog\/empreendedorismo-na-confeitaria-e-foco-no-mara-cakes-fair\/#primaryimage"},"thumbnailUrl":"https:\/\/homolog.harald.com.br\/site-2026\/wp-content\/uploads\/2024\/05\/mara-cakes-fair-sp-2024.jpg","articleSection":["Not\u00edcias"],"inLanguage":"pt-BR"},{"@type":"WebPage","@id":"https:\/\/homolog.harald.com.br\/site-2026\/blog\/empreendedorismo-na-confeitaria-e-foco-no-mara-cakes-fair\/","url":"https:\/\/homolog.harald.com.br\/site-2026\/blog\/empreendedorismo-na-confeitaria-e-foco-no-mara-cakes-fair\/","name":"Empreendedorismo na Confeitaria \u00e9 foco no Mara Cakes Fair - Harald","isPartOf":{"@id":"https:\/\/homolog.harald.com.br\/site-2026\/#website"},"primaryImageOfPage":{"@id":"https:\/\/homolog.harald.com.br\/site-2026\/blog\/empreendedorismo-na-confeitaria-e-foco-no-mara-cakes-fair\/#primaryimage"},"image":{"@id":"https:\/\/homolog.harald.com.br\/site-2026\/blog\/empreendedorismo-na-confeitaria-e-foco-no-mara-cakes-fair\/#primaryimage"},"thumbnailUrl":"https:\/\/homolog.harald.com.br\/site-2026\/wp-content\/uploads\/2024\/05\/mara-cakes-fair-sp-2024.jpg","datePublished":"2024-05-22T14:25:59+00:00","dateModified":"2024-05-23T14:28:59+00:00","description":"O Mara Cakes Fair se tornou o principal evento de empreendedorismo na confeitaria, proporcionando oportunidades de neg\u00f3cios!","breadcrumb":{"@id":"https:\/\/homolog.harald.com.br\/site-2026\/blog\/empreendedorismo-na-confeitaria-e-foco-no-mara-cakes-fair\/#breadcrumb"},"inLanguage":"pt-BR","potentialAction":[{"@type":"ReadAction","target":["https:\/\/homolog.harald.com.br\/site-2026\/blog\/empreendedorismo-na-confeitaria-e-foco-no-mara-cakes-fair\/"]}]},{"@type":"ImageObject","inLanguage":"pt-BR","@id":"https:\/\/homolog.harald.com.br\/site-2026\/blog\/empreendedorismo-na-confeitaria-e-foco-no-mara-cakes-fair\/#primaryimage","url":"https:\/\/homolog.harald.com.br\/site-2026\/wp-content\/uploads\/2024\/05\/mara-cakes-fair-sp-2024.jpg","contentUrl":"https:\/\/homolog.harald.com.br\/site-2026\/wp-content\/uploads\/2024\/05\/mara-cakes-fair-sp-2024.jpg","width":550,"height":350,"caption":"empreendedorismo"},{"@type":"BreadcrumbList","@id":"https:\/\/homolog.harald.com.br\/site-2026\/blog\/empreendedorismo-na-confeitaria-e-foco-no-mara-cakes-fair\/#breadcrumb","itemListElement":[{"@type":"ListItem","position":1,"name":"In\u00edcio","item":"https:\/\/homolog.harald.com.br\/site-2026\/"},{"@type":"ListItem","position":2,"name":"Empreendedorismo na Confeitaria \u00e9 foco no Mara Cakes Fair"}]},{"@type":"WebSite","@id":"https:\/\/homolog.harald.com.br\/site-2026\/#website","url":"https:\/\/homolog.harald.com.br\/site-2026\/","name":"Harald","description":"Fazer melhor \u00e9 fazer com paix\u00e3o","publisher":{"@id":"https:\/\/homolog.harald.com.br\/site-2026\/#organization"},"potentialAction":[{"@type":"SearchAction","target":{"@type":"EntryPoint","urlTemplate":"https:\/\/homolog.harald.com.br\/site-2026\/?s={search_term_string}"},"query-input":{"@type":"PropertyValueSpecification","valueRequired":true,"valueName":"search_term_string"}}],"inLanguage":"pt-BR"},{"@type":"Organization","@id":"https:\/\/homolog.harald.com.br\/site-2026\/#organization","name":"Harald","url":"https:\/\/homolog.harald.com.br\/site-2026\/","logo":{"@type":"ImageObject","inLanguage":"pt-BR","@id":"https:\/\/homolog.harald.com.br\/site-2026\/#\/schema\/logo\/image\/","url":"https:\/\/homolog.harald.com.br\/site-2026\/wp-content\/uploads\/2022\/09\/logo-harald-cmyk-ss.png","contentUrl":"https:\/\/homolog.harald.com.br\/site-2026\/wp-content\/uploads\/2022\/09\/logo-harald-cmyk-ss.png","width":1948,"height":1051,"caption":"Harald"},"image":{"@id":"https:\/\/homolog.harald.com.br\/site-2026\/#\/schema\/logo\/image\/"},"sameAs":["https:\/\/www.facebook.com\/HaraldChocolates\/","https:\/\/www.youtube.com\/user\/HaraldChocolates"]},{"@type":"Person","@id":"https:\/\/homolog.harald.com.br\/site-2026\/#\/schema\/person\/474c783c0a4a997b6352b8b626175b12","name":"CROWD","image":{"@type":"ImageObject","inLanguage":"pt-BR","@id":"https:\/\/homolog.harald.com.br\/site-2026\/#\/schema\/person\/image\/","url":"https:\/\/secure.gravatar.com\/avatar\/4d8c1df2b3db7e6270e2d04115410a036e98bb8f8dd59ca3c343e438750c76b9?s=96&d=mm&r=g","contentUrl":"https:\/\/secure.gravatar.com\/avatar\/4d8c1df2b3db7e6270e2d04115410a036e98bb8f8dd59ca3c343e438750c76b9?s=96&d=mm&r=g","caption":"CROWD"},"url":"https:\/\/homolog.harald.com.br\/site-2026\/blog\/author\/crowd\/"}]}},"uagb_featured_image_src":{"full":["https:\/\/homolog.harald.com.br\/site-2026\/wp-content\/uploads\/2024\/05\/mara-cakes-fair-sp-2024.jpg",550,350,false],"thumbnail":["https:\/\/homolog.harald.com.br\/site-2026\/wp-content\/uploads\/2024\/05\/mara-cakes-fair-sp-2024-150x150.jpg",150,150,true],"medium":["https:\/\/homolog.harald.com.br\/site-2026\/wp-content\/uploads\/2024\/05\/mara-cakes-fair-sp-2024-300x191.jpg",300,191,true],"medium_large":["https:\/\/homolog.harald.com.br\/site-2026\/wp-content\/uploads\/2024\/05\/mara-cakes-fair-sp-2024.jpg",550,350,false],"large":["https:\/\/homolog.harald.com.br\/site-2026\/wp-content\/uploads\/2024\/05\/mara-cakes-fair-sp-2024.jpg",550,350,false],"1536x1536":["https:\/\/homolog.harald.com.br\/site-2026\/wp-content\/uploads\/2024\/05\/mara-cakes-fair-sp-2024.jpg",550,350,false],"2048x2048":["https:\/\/homolog.harald.com.br\/site-2026\/wp-content\/uploads\/2024\/05\/mara-cakes-fair-sp-2024.jpg",550,350,false],"full-width":["https:\/\/homolog.harald.com.br\/site-2026\/wp-content\/uploads\/2024\/05\/mara-cakes-fair-sp-2024.jpg",550,350,false],"gform-image-choice-sm":["https:\/\/homolog.harald.com.br\/site-2026\/wp-content\/uploads\/2024\/05\/mara-cakes-fair-sp-2024.jpg",300,191,false],"gform-image-choice-md":["https:\/\/homolog.harald.com.br\/site-2026\/wp-content\/uploads\/2024\/05\/mara-cakes-fair-sp-2024.jpg",400,255,false],"gform-image-choice-lg":["https:\/\/homolog.harald.com.br\/site-2026\/wp-content\/uploads\/2024\/05\/mara-cakes-fair-sp-2024.jpg",550,350,false]},"uagb_author_info":{"display_name":"CROWD","author_link":"https:\/\/homolog.harald.com.br\/site-2026\/blog\/author\/crowd\/"},"uagb_comment_info":0,"uagb_excerpt":"Empreendedorismo na Confeitaria: Mara Cakes Fair se Consolida como Principal Evento do Setor A Mara Cakes Fair destaca-se como a maior feira de confeitaria das Am\u00e9ricas, sendo reconhecida como o principal evento do segmento. No entanto, sua \u00faltima edi\u00e7\u00e3o ocorreu nos dias 11 a 14 de Abril, apresentando lan\u00e7amentos, utens\u00edlios, embalagens e equipamentos e reunindo&hellip;","_links":{"self":[{"href":"https:\/\/homolog.harald.com.br\/site-2026\/wp-json\/wp\/v2\/posts\/188847","targetHints":{"allow":["GET"]}}],"collection":[{"href":"https:\/\/homolog.harald.com.br\/site-2026\/wp-json\/wp\/v2\/posts"}],"about":[{"href":"https:\/\/homolog.harald.com.br\/site-2026\/wp-json\/wp\/v2\/types\/post"}],"author":[{"embeddable":true,"href":"https:\/\/homolog.harald.com.br\/site-2026\/wp-json\/wp\/v2\/users\/9"}],"replies":[{"embeddable":true,"href":"https:\/\/homolog.harald.com.br\/site-2026\/wp-json\/wp\/v2\/comments?post=188847"}],"version-history":[{"count":2,"href":"https:\/\/homolog.harald.com.br\/site-2026\/wp-json\/wp\/v2\/posts\/188847\/revisions"}],"predecessor-version":[{"id":188866,"href":"https:\/\/homolog.harald.com.br\/site-2026\/wp-json\/wp\/v2\/posts\/188847\/revisions\/188866"}],"wp:featuredmedia":[{"embeddable":true,"href":"https:\/\/homolog.harald.com.br\/site-2026\/wp-json\/wp\/v2\/media\/188853"}],"wp:attachment":[{"href":"https:\/\/homolog.harald.com.br\/site-2026\/wp-json\/wp\/v2\/media?parent=188847"}],"wp:term":[{"taxonomy":"category","embeddable":true,"href":"https:\/\/homolog.harald.com.br\/site-2026\/wp-json\/wp\/v2\/categories?post=188847"},{"taxonomy":"post_tag","embeddable":true,"href":"https:\/\/homolog.harald.com.br\/site-2026\/wp-json\/wp\/v2\/tags?post=188847"},{"taxonomy":"para-seu-negocio","embeddable":true,"href":"https:\/\/homolog.harald.com.br\/site-2026\/wp-json\/wp\/v2\/para-seu-negocio?post=188847"}],"curies":[{"name":"wp","href":"https:\/\/api.w.org\/{rel}","templated":true}]}}