{"id":185092,"date":"2024-05-01T14:07:00","date_gmt":"2024-05-01T17:07:00","guid":{"rendered":"https:\/\/homolog.harald.com.br\/site-2026\/?p=185092"},"modified":"2024-05-10T14:42:51","modified_gmt":"2024-05-10T17:42:51","slug":"chef-vivian-feldman-ensina-receita-de-bem-celebrado-de-chocolate","status":"publish","type":"post","link":"https:\/\/homolog.harald.com.br\/site-2026\/blog\/chef-vivian-feldman-ensina-receita-de-bem-celebrado-de-chocolate\/","title":{"rendered":"Bem-Casado Melken pela Chef Vivian Feldman"},"content":{"rendered":"<h4>Receita Exclusiva: Bem-Celebrado pela Chef Vivian Feldman<\/h4>\n<p><span style=\"font-size: 16px;\">Descubra agora uma incr\u00edvel receita de Bem-Celebrado o famoso &#8220;Bem Casado&#8221; preparada pela chef Vivian Feldman em parceria com a Harald, l\u00edder em chocolates e coberturas para o mercado de confeitaria. <\/span><\/p>\n<p>Prepare-se para uma experi\u00eancia gastron\u00f4mica \u00fanica. Esta receita combina habilmente dois produtos da linha Melken da Harald: o <a href=\"https:\/\/homolog.harald.com.br\/site-2026\/produtos\/chocolate-em-po-50-melken-1050-kg\/\">Chocolate em P\u00f3 Melken 50% Cacau<\/a> e o <a href=\"https:\/\/homolog.harald.com.br\/site-2026\/produtos\/melken-meio-amargo-gotas-400g\/\">Chocolate Melken Meio Amargo<\/a>. Primeiramente siga o passo a passo detalhado da chef Vivian Feldman para obter um resultado irresist\u00edvel.<\/p>\n<p><img loading=\"lazy\" decoding=\"async\" class=\"aligncenter wp-image-185098 size-full\" src=\"https:\/\/homolog.harald.com.br\/site-2026\/wp-content\/uploads\/2024\/05\/30044012-bem-celebrpng.png\" alt=\"Bem-celebrado ou Bem-casado\" width=\"537\" height=\"397\" srcset=\"https:\/\/homolog.harald.com.br\/site-2026\/wp-content\/uploads\/2024\/05\/30044012-bem-celebrpng.png 537w, https:\/\/homolog.harald.com.br\/site-2026\/wp-content\/uploads\/2024\/05\/30044012-bem-celebrpng-300x222.png 300w\" sizes=\"auto, (max-width: 537px) 100vw, 537px\" \/><\/p>\n<p><strong>Ingredientes:<\/strong><\/p>\n<p><strong>Massa:<\/strong><br \/>\n3 ovos<br \/>\n85 g x\u00edcara de a\u00e7\u00facar refinado<br \/>\n1 ml colher de ess\u00eancia de baunilha<br \/>\n65 g x\u00edcara de farinha de trigo<br \/>\n\u00bc x\u00edcara de Chocolate em P\u00f3 Melken 50% Cacau (25 g)<br \/>\n1 colher de amido de milho (3 g)<br \/>\n\u00bc colher fermento em p\u00f3 (1 g)<\/p>\n<p><strong>Recheio:<\/strong><br \/>\n200 g Chocolate Melken Meio Amargo<br \/>\n\u00bd caixinha de creme de leite UHT (100 g)<\/p>\n<p><strong>Calda:<\/strong><br \/>\n\u00bc x\u00edcara de \u00e1gua morna (60 ml)<br \/>\n1 x\u00edcara de a\u00e7\u00facar refinado (170 g)<br \/>\n2 colheres de Chocolate em P\u00f3 Melken 50% Cacau (4 g)<\/p>\n<p><strong>Materiais:<\/strong><br \/>\n30 forminhas (5 cm de di\u00e2metro)<br \/>\nPapel-manteiga<br \/>\nManga de confeitar<br \/>\nEmbalagens para bem-casado<\/p>\n<p><strong>Modo de preparo:<br \/>\n1\u00b0 etapa &#8211; Massa<\/strong><\/p>\n<ol>\n<li aria-level=\"1\">Em primeiro lugar, inicie sua receita separando as claras das gemas. Em seguida bata as claras, na batedeira, at\u00e9 atingir picos firmes, adicione as gemas e bata novamente at\u00e9 ficar bem volumoso. Continuando o processo, sem parar de bater, acrescente o a\u00e7\u00facar e a baunilha.<\/li>\n<li aria-level=\"1\">Al\u00e9m disso, peneire a farinha de trigo, o Chocolate em P\u00f3 Melken 50% Cacau, junto com o amido e o fermento. Misture esses ingredientes delicadamente com os ovos batidos.<\/li>\n<li aria-level=\"1\">Logo ap\u00f3s, transfira a massa para uma manga de confeitar e pingue em 30 forminhas untadas e enfarinhadas, preenchendo apenas 1 cm de cada. Leve ao forno a 170 \u00b0C por 12 minutos.<\/li>\n<\/ol>\n<p><strong>2\u00b0 etapa &#8211; Recheio<\/strong><\/p>\n<ol>\n<li aria-level=\"1\">Posteriormente, derreta o Chocolate Melken Meio Amargo com o creme de leite e misture, at\u00e9 obter um creme homog\u00eaneo.<\/li>\n<li aria-level=\"1\">Assim, espere atingir a temperatura ambiente antes de utilizar.<\/li>\n<\/ol>\n<p><strong>3\u00b0 etapa &#8211; Calda<\/strong><\/p>\n<ol>\n<li aria-level=\"1\">Entretanto, nesta fase misture todos os ingredientes apenas na hora de banhar os docinhos, para que o a\u00e7\u00facar n\u00e3o se dissolva.<\/li>\n<\/ol>\n<p><strong>4\u00b0 etapa &#8211; Montagem e Finaliza\u00e7\u00e3o<\/strong><\/p>\n<ol>\n<li aria-level=\"1\">Portanto, agora desenforme os discos de massa. E em seguida com a m\u00e3o, mergulhe apenas a parte de cima e a lateral de cada disco na calda; coloque sobre papel-manteiga, para secar.<\/li>\n<li aria-level=\"1\">Assim que formar uma casquinha seca sobre os discos de massa, junte os dois com a ganache. Desse modo, deixe sempre o lado com a calda exposto.<\/li>\n<li aria-level=\"1\">Para concluir, embale em pap\u00e9is para bem-casado. Assim o sua receita estar\u00e1 pronta.<\/li>\n<\/ol>\n<p><strong>Dica: <\/strong>desde j\u00e1 d\u00ea prefer\u00eancia para forminhas com fundo remov\u00edvel, principalmente facilitar o processo na hora de desenformar. Os doces <span style=\"font-size: 16px;\">Bem-Celebrado<\/span>, ou Bem Casado j\u00e1 embalados, t\u00eam validade de 3 dias em temperatura ambiente e 5 dias refrigerados.<\/p>\n<p><strong>Melken, o chocolate nobre para suas cria\u00e7\u00f5es culin\u00e1rias<\/strong><\/p>\n<p>Descubra o universo Melken, a marca de chocolates nobres da Harald, utilizada por confeiteiros de todo o Brasil. Al\u00e9m disso, \u00e9 reconhecida tamb\u00e9m por sua facilidade de uso, cada produto Melken oferece uma indulg\u00eancia e sabor incompar\u00e1veis, elevando ainda mais a qualidade de suas cria\u00e7\u00f5es culin\u00e1rias. Ideal para uma variedade de receitas, desde moldar at\u00e9 rechear e decorar, o chocolate Melken proporciona o melhor rendimento e brilho. Com uma linha diversificada apresentada em formatos de barras, gotas, p\u00f3 e para decora\u00e7\u00e3o, ou seja a linha Melken oferece op\u00e7\u00f5es acess\u00edveis para cada ocasi\u00e3o e necessidade culin\u00e1ria.<\/p>\n<p><strong>Antes que termine o texto, conhe\u00e7a mais a Harald:<\/strong><\/p>\n<p>A Harald, l\u00edder no mercado de chocolates e tamb\u00e9m de coberturas para confeitaria, \u00e9 a escolha definitiva para os amantes da arte culin\u00e1ria. A principio \u00e9 reconhecida como uma das principais marcas de chocolates para transforma\u00e7\u00e3o, a Harald oferece uma ampla gama de produtos, incluindo as renomadas marcas Unique, Melken, TOP e Confeiteiro. Desde sua funda\u00e7\u00e3o em 1982, a empresa tem sido uma refer\u00eancia no setor, fazendo parte do grupo Fuji Oil desde 2015. Descubra o compromisso da Harald com a qualidade e a inova\u00e7\u00e3o, atendendo \u00e0s demandas do mercado especializado bem como, food service e cash &amp; carry, com sua excel\u00eancia em produtos de chocolate e cobertura.<\/p>\n<p>Por fim, quer descobrir mais receitas? <a href=\"https:\/\/homolog.harald.com.br\/site-2026\/receitas\/\">Clique aqui<\/a> e acesse o <strong>receitu\u00e1rio da Harald<\/strong>!<\/p>\n","protected":false},"excerpt":{"rendered":"<p>Receita Exclusiva: Bem-Celebrado pela Chef Vivian Feldman Descubra agora uma incr\u00edvel receita de Bem-Celebrado o famoso &#8220;Bem Casado&#8221; preparada pela chef Vivian Feldman em parceria com a Harald, l\u00edder em chocolates e coberturas para o mercado de confeitaria. Prepare-se para uma experi\u00eancia gastron\u00f4mica \u00fanica. Esta receita combina habilmente dois produtos da linha Melken da Harald: <a class=\"more-link\" href=\"https:\/\/homolog.harald.com.br\/site-2026\/blog\/chef-vivian-feldman-ensina-receita-de-bem-celebrado-de-chocolate\/\">Read more&#8230;<\/a><\/p>\n","protected":false},"author":9,"featured_media":185098,"comment_status":"closed","ping_status":"closed","sticky":false,"template":"","format":"standard","meta":{"_acf_changed":false,"_uag_custom_page_level_css":"","footnotes":""},"categories":[158],"tags":[],"para-seu-negocio":[],"class_list":["post-185092","post","type-post","status-publish","format-standard","has-post-thumbnail","hentry","category-noticias"],"acf":[],"yoast_head":"<!-- This site is optimized with the Yoast SEO plugin v26.3 - https:\/\/yoast.com\/wordpress\/plugins\/seo\/ -->\n<title>Bem-Casado Melken pela Chef Vivian Feldman - Harald<\/title>\n<meta name=\"description\" content=\"Descubra uma incr\u00edvel receita de Bem-Celebrado de Chocolate em parceria com a chef Vivian Feldman e a Harald\" \/>\n<meta name=\"robots\" content=\"noindex, follow, max-snippet:-1, max-image-preview:large, max-video-preview:-1\" \/>\n<meta property=\"og:locale\" content=\"pt_BR\" \/>\n<meta property=\"og:type\" content=\"article\" \/>\n<meta property=\"og:title\" content=\"Bem-Casado Melken pela Chef Vivian Feldman - Harald\" \/>\n<meta property=\"og:description\" content=\"Descubra uma incr\u00edvel receita de Bem-Celebrado de Chocolate em parceria com a chef Vivian Feldman e a Harald\" \/>\n<meta property=\"og:url\" content=\"https:\/\/homolog.harald.com.br\/site-2026\/blog\/chef-vivian-feldman-ensina-receita-de-bem-celebrado-de-chocolate\/\" \/>\n<meta property=\"og:site_name\" content=\"Harald\" \/>\n<meta property=\"article:publisher\" content=\"https:\/\/www.facebook.com\/HaraldChocolates\/\" \/>\n<meta property=\"article:published_time\" content=\"2024-05-01T17:07:00+00:00\" \/>\n<meta property=\"article:modified_time\" content=\"2024-05-10T17:42:51+00:00\" \/>\n<meta property=\"og:image\" content=\"https:\/\/homolog.harald.com.br\/site-2026\/wp-content\/uploads\/2024\/05\/30044012-bem-celebrpng.png\" \/>\n\t<meta property=\"og:image:width\" content=\"537\" \/>\n\t<meta property=\"og:image:height\" content=\"397\" \/>\n\t<meta property=\"og:image:type\" content=\"image\/png\" \/>\n<meta name=\"author\" content=\"CROWD\" \/>\n<meta name=\"twitter:card\" content=\"summary_large_image\" \/>\n<meta name=\"twitter:label1\" content=\"Escrito por\" \/>\n\t<meta name=\"twitter:data1\" content=\"CROWD\" \/>\n\t<meta name=\"twitter:label2\" content=\"Est. tempo de leitura\" \/>\n\t<meta name=\"twitter:data2\" content=\"5 minutos\" \/>\n<script type=\"application\/ld+json\" class=\"yoast-schema-graph\">{\"@context\":\"https:\/\/schema.org\",\"@graph\":[{\"@type\":\"Article\",\"@id\":\"https:\/\/homolog.harald.com.br\/site-2026\/blog\/chef-vivian-feldman-ensina-receita-de-bem-celebrado-de-chocolate\/#article\",\"isPartOf\":{\"@id\":\"https:\/\/homolog.harald.com.br\/site-2026\/blog\/chef-vivian-feldman-ensina-receita-de-bem-celebrado-de-chocolate\/\"},\"author\":{\"name\":\"CROWD\",\"@id\":\"https:\/\/homolog.harald.com.br\/site-2026\/#\/schema\/person\/474c783c0a4a997b6352b8b626175b12\"},\"headline\":\"Bem-Casado Melken pela Chef Vivian Feldman\",\"datePublished\":\"2024-05-01T17:07:00+00:00\",\"dateModified\":\"2024-05-10T17:42:51+00:00\",\"mainEntityOfPage\":{\"@id\":\"https:\/\/homolog.harald.com.br\/site-2026\/blog\/chef-vivian-feldman-ensina-receita-de-bem-celebrado-de-chocolate\/\"},\"wordCount\":726,\"publisher\":{\"@id\":\"https:\/\/homolog.harald.com.br\/site-2026\/#organization\"},\"image\":{\"@id\":\"https:\/\/homolog.harald.com.br\/site-2026\/blog\/chef-vivian-feldman-ensina-receita-de-bem-celebrado-de-chocolate\/#primaryimage\"},\"thumbnailUrl\":\"https:\/\/homolog.harald.com.br\/site-2026\/wp-content\/uploads\/2024\/05\/30044012-bem-celebrpng.png\",\"articleSection\":[\"Not\u00edcias\"],\"inLanguage\":\"pt-BR\"},{\"@type\":\"WebPage\",\"@id\":\"https:\/\/homolog.harald.com.br\/site-2026\/blog\/chef-vivian-feldman-ensina-receita-de-bem-celebrado-de-chocolate\/\",\"url\":\"https:\/\/homolog.harald.com.br\/site-2026\/blog\/chef-vivian-feldman-ensina-receita-de-bem-celebrado-de-chocolate\/\",\"name\":\"Bem-Casado Melken pela Chef Vivian Feldman - Harald\",\"isPartOf\":{\"@id\":\"https:\/\/homolog.harald.com.br\/site-2026\/#website\"},\"primaryImageOfPage\":{\"@id\":\"https:\/\/homolog.harald.com.br\/site-2026\/blog\/chef-vivian-feldman-ensina-receita-de-bem-celebrado-de-chocolate\/#primaryimage\"},\"image\":{\"@id\":\"https:\/\/homolog.harald.com.br\/site-2026\/blog\/chef-vivian-feldman-ensina-receita-de-bem-celebrado-de-chocolate\/#primaryimage\"},\"thumbnailUrl\":\"https:\/\/homolog.harald.com.br\/site-2026\/wp-content\/uploads\/2024\/05\/30044012-bem-celebrpng.png\",\"datePublished\":\"2024-05-01T17:07:00+00:00\",\"dateModified\":\"2024-05-10T17:42:51+00:00\",\"description\":\"Descubra uma incr\u00edvel receita de Bem-Celebrado de Chocolate em parceria com a chef Vivian Feldman e a Harald\",\"breadcrumb\":{\"@id\":\"https:\/\/homolog.harald.com.br\/site-2026\/blog\/chef-vivian-feldman-ensina-receita-de-bem-celebrado-de-chocolate\/#breadcrumb\"},\"inLanguage\":\"pt-BR\",\"potentialAction\":[{\"@type\":\"ReadAction\",\"target\":[\"https:\/\/homolog.harald.com.br\/site-2026\/blog\/chef-vivian-feldman-ensina-receita-de-bem-celebrado-de-chocolate\/\"]}]},{\"@type\":\"ImageObject\",\"inLanguage\":\"pt-BR\",\"@id\":\"https:\/\/homolog.harald.com.br\/site-2026\/blog\/chef-vivian-feldman-ensina-receita-de-bem-celebrado-de-chocolate\/#primaryimage\",\"url\":\"https:\/\/homolog.harald.com.br\/site-2026\/wp-content\/uploads\/2024\/05\/30044012-bem-celebrpng.png\",\"contentUrl\":\"https:\/\/homolog.harald.com.br\/site-2026\/wp-content\/uploads\/2024\/05\/30044012-bem-celebrpng.png\",\"width\":537,\"height\":397},{\"@type\":\"BreadcrumbList\",\"@id\":\"https:\/\/homolog.harald.com.br\/site-2026\/blog\/chef-vivian-feldman-ensina-receita-de-bem-celebrado-de-chocolate\/#breadcrumb\",\"itemListElement\":[{\"@type\":\"ListItem\",\"position\":1,\"name\":\"In\u00edcio\",\"item\":\"https:\/\/homolog.harald.com.br\/site-2026\/\"},{\"@type\":\"ListItem\",\"position\":2,\"name\":\"Bem-Casado Melken pela Chef Vivian Feldman\"}]},{\"@type\":\"WebSite\",\"@id\":\"https:\/\/homolog.harald.com.br\/site-2026\/#website\",\"url\":\"https:\/\/homolog.harald.com.br\/site-2026\/\",\"name\":\"Harald\",\"description\":\"Fazer melhor \u00e9 fazer com paix\u00e3o\",\"publisher\":{\"@id\":\"https:\/\/homolog.harald.com.br\/site-2026\/#organization\"},\"potentialAction\":[{\"@type\":\"SearchAction\",\"target\":{\"@type\":\"EntryPoint\",\"urlTemplate\":\"https:\/\/homolog.harald.com.br\/site-2026\/?s={search_term_string}\"},\"query-input\":{\"@type\":\"PropertyValueSpecification\",\"valueRequired\":true,\"valueName\":\"search_term_string\"}}],\"inLanguage\":\"pt-BR\"},{\"@type\":\"Organization\",\"@id\":\"https:\/\/homolog.harald.com.br\/site-2026\/#organization\",\"name\":\"Harald\",\"url\":\"https:\/\/homolog.harald.com.br\/site-2026\/\",\"logo\":{\"@type\":\"ImageObject\",\"inLanguage\":\"pt-BR\",\"@id\":\"https:\/\/homolog.harald.com.br\/site-2026\/#\/schema\/logo\/image\/\",\"url\":\"https:\/\/homolog.harald.com.br\/site-2026\/wp-content\/uploads\/2022\/09\/logo-harald-cmyk-ss.png\",\"contentUrl\":\"https:\/\/homolog.harald.com.br\/site-2026\/wp-content\/uploads\/2022\/09\/logo-harald-cmyk-ss.png\",\"width\":1948,\"height\":1051,\"caption\":\"Harald\"},\"image\":{\"@id\":\"https:\/\/homolog.harald.com.br\/site-2026\/#\/schema\/logo\/image\/\"},\"sameAs\":[\"https:\/\/www.facebook.com\/HaraldChocolates\/\",\"https:\/\/www.youtube.com\/user\/HaraldChocolates\"]},{\"@type\":\"Person\",\"@id\":\"https:\/\/homolog.harald.com.br\/site-2026\/#\/schema\/person\/474c783c0a4a997b6352b8b626175b12\",\"name\":\"CROWD\",\"image\":{\"@type\":\"ImageObject\",\"inLanguage\":\"pt-BR\",\"@id\":\"https:\/\/homolog.harald.com.br\/site-2026\/#\/schema\/person\/image\/\",\"url\":\"https:\/\/secure.gravatar.com\/avatar\/4d8c1df2b3db7e6270e2d04115410a036e98bb8f8dd59ca3c343e438750c76b9?s=96&d=mm&r=g\",\"contentUrl\":\"https:\/\/secure.gravatar.com\/avatar\/4d8c1df2b3db7e6270e2d04115410a036e98bb8f8dd59ca3c343e438750c76b9?s=96&d=mm&r=g\",\"caption\":\"CROWD\"},\"url\":\"https:\/\/homolog.harald.com.br\/site-2026\/blog\/author\/crowd\/\"}]}<\/script>\n<!-- \/ Yoast SEO plugin. -->","yoast_head_json":{"title":"Bem-Casado Melken pela Chef Vivian Feldman - Harald","description":"Descubra uma incr\u00edvel receita de Bem-Celebrado de Chocolate em parceria com a chef Vivian Feldman e a Harald","robots":{"index":"noindex","follow":"follow","max-snippet":"max-snippet:-1","max-image-preview":"max-image-preview:large","max-video-preview":"max-video-preview:-1"},"og_locale":"pt_BR","og_type":"article","og_title":"Bem-Casado Melken pela Chef Vivian Feldman - Harald","og_description":"Descubra uma incr\u00edvel receita de Bem-Celebrado de Chocolate em parceria com a chef Vivian Feldman e a Harald","og_url":"https:\/\/homolog.harald.com.br\/site-2026\/blog\/chef-vivian-feldman-ensina-receita-de-bem-celebrado-de-chocolate\/","og_site_name":"Harald","article_publisher":"https:\/\/www.facebook.com\/HaraldChocolates\/","article_published_time":"2024-05-01T17:07:00+00:00","article_modified_time":"2024-05-10T17:42:51+00:00","og_image":[{"width":537,"height":397,"url":"https:\/\/homolog.harald.com.br\/site-2026\/wp-content\/uploads\/2024\/05\/30044012-bem-celebrpng.png","type":"image\/png"}],"author":"CROWD","twitter_card":"summary_large_image","twitter_misc":{"Escrito por":"CROWD","Est. tempo de leitura":"5 minutos"},"schema":{"@context":"https:\/\/schema.org","@graph":[{"@type":"Article","@id":"https:\/\/homolog.harald.com.br\/site-2026\/blog\/chef-vivian-feldman-ensina-receita-de-bem-celebrado-de-chocolate\/#article","isPartOf":{"@id":"https:\/\/homolog.harald.com.br\/site-2026\/blog\/chef-vivian-feldman-ensina-receita-de-bem-celebrado-de-chocolate\/"},"author":{"name":"CROWD","@id":"https:\/\/homolog.harald.com.br\/site-2026\/#\/schema\/person\/474c783c0a4a997b6352b8b626175b12"},"headline":"Bem-Casado Melken pela Chef Vivian Feldman","datePublished":"2024-05-01T17:07:00+00:00","dateModified":"2024-05-10T17:42:51+00:00","mainEntityOfPage":{"@id":"https:\/\/homolog.harald.com.br\/site-2026\/blog\/chef-vivian-feldman-ensina-receita-de-bem-celebrado-de-chocolate\/"},"wordCount":726,"publisher":{"@id":"https:\/\/homolog.harald.com.br\/site-2026\/#organization"},"image":{"@id":"https:\/\/homolog.harald.com.br\/site-2026\/blog\/chef-vivian-feldman-ensina-receita-de-bem-celebrado-de-chocolate\/#primaryimage"},"thumbnailUrl":"https:\/\/homolog.harald.com.br\/site-2026\/wp-content\/uploads\/2024\/05\/30044012-bem-celebrpng.png","articleSection":["Not\u00edcias"],"inLanguage":"pt-BR"},{"@type":"WebPage","@id":"https:\/\/homolog.harald.com.br\/site-2026\/blog\/chef-vivian-feldman-ensina-receita-de-bem-celebrado-de-chocolate\/","url":"https:\/\/homolog.harald.com.br\/site-2026\/blog\/chef-vivian-feldman-ensina-receita-de-bem-celebrado-de-chocolate\/","name":"Bem-Casado Melken pela Chef Vivian Feldman - Harald","isPartOf":{"@id":"https:\/\/homolog.harald.com.br\/site-2026\/#website"},"primaryImageOfPage":{"@id":"https:\/\/homolog.harald.com.br\/site-2026\/blog\/chef-vivian-feldman-ensina-receita-de-bem-celebrado-de-chocolate\/#primaryimage"},"image":{"@id":"https:\/\/homolog.harald.com.br\/site-2026\/blog\/chef-vivian-feldman-ensina-receita-de-bem-celebrado-de-chocolate\/#primaryimage"},"thumbnailUrl":"https:\/\/homolog.harald.com.br\/site-2026\/wp-content\/uploads\/2024\/05\/30044012-bem-celebrpng.png","datePublished":"2024-05-01T17:07:00+00:00","dateModified":"2024-05-10T17:42:51+00:00","description":"Descubra uma incr\u00edvel receita de Bem-Celebrado de Chocolate em parceria com a chef Vivian Feldman e a Harald","breadcrumb":{"@id":"https:\/\/homolog.harald.com.br\/site-2026\/blog\/chef-vivian-feldman-ensina-receita-de-bem-celebrado-de-chocolate\/#breadcrumb"},"inLanguage":"pt-BR","potentialAction":[{"@type":"ReadAction","target":["https:\/\/homolog.harald.com.br\/site-2026\/blog\/chef-vivian-feldman-ensina-receita-de-bem-celebrado-de-chocolate\/"]}]},{"@type":"ImageObject","inLanguage":"pt-BR","@id":"https:\/\/homolog.harald.com.br\/site-2026\/blog\/chef-vivian-feldman-ensina-receita-de-bem-celebrado-de-chocolate\/#primaryimage","url":"https:\/\/homolog.harald.com.br\/site-2026\/wp-content\/uploads\/2024\/05\/30044012-bem-celebrpng.png","contentUrl":"https:\/\/homolog.harald.com.br\/site-2026\/wp-content\/uploads\/2024\/05\/30044012-bem-celebrpng.png","width":537,"height":397},{"@type":"BreadcrumbList","@id":"https:\/\/homolog.harald.com.br\/site-2026\/blog\/chef-vivian-feldman-ensina-receita-de-bem-celebrado-de-chocolate\/#breadcrumb","itemListElement":[{"@type":"ListItem","position":1,"name":"In\u00edcio","item":"https:\/\/homolog.harald.com.br\/site-2026\/"},{"@type":"ListItem","position":2,"name":"Bem-Casado Melken pela Chef Vivian Feldman"}]},{"@type":"WebSite","@id":"https:\/\/homolog.harald.com.br\/site-2026\/#website","url":"https:\/\/homolog.harald.com.br\/site-2026\/","name":"Harald","description":"Fazer melhor \u00e9 fazer com paix\u00e3o","publisher":{"@id":"https:\/\/homolog.harald.com.br\/site-2026\/#organization"},"potentialAction":[{"@type":"SearchAction","target":{"@type":"EntryPoint","urlTemplate":"https:\/\/homolog.harald.com.br\/site-2026\/?s={search_term_string}"},"query-input":{"@type":"PropertyValueSpecification","valueRequired":true,"valueName":"search_term_string"}}],"inLanguage":"pt-BR"},{"@type":"Organization","@id":"https:\/\/homolog.harald.com.br\/site-2026\/#organization","name":"Harald","url":"https:\/\/homolog.harald.com.br\/site-2026\/","logo":{"@type":"ImageObject","inLanguage":"pt-BR","@id":"https:\/\/homolog.harald.com.br\/site-2026\/#\/schema\/logo\/image\/","url":"https:\/\/homolog.harald.com.br\/site-2026\/wp-content\/uploads\/2022\/09\/logo-harald-cmyk-ss.png","contentUrl":"https:\/\/homolog.harald.com.br\/site-2026\/wp-content\/uploads\/2022\/09\/logo-harald-cmyk-ss.png","width":1948,"height":1051,"caption":"Harald"},"image":{"@id":"https:\/\/homolog.harald.com.br\/site-2026\/#\/schema\/logo\/image\/"},"sameAs":["https:\/\/www.facebook.com\/HaraldChocolates\/","https:\/\/www.youtube.com\/user\/HaraldChocolates"]},{"@type":"Person","@id":"https:\/\/homolog.harald.com.br\/site-2026\/#\/schema\/person\/474c783c0a4a997b6352b8b626175b12","name":"CROWD","image":{"@type":"ImageObject","inLanguage":"pt-BR","@id":"https:\/\/homolog.harald.com.br\/site-2026\/#\/schema\/person\/image\/","url":"https:\/\/secure.gravatar.com\/avatar\/4d8c1df2b3db7e6270e2d04115410a036e98bb8f8dd59ca3c343e438750c76b9?s=96&d=mm&r=g","contentUrl":"https:\/\/secure.gravatar.com\/avatar\/4d8c1df2b3db7e6270e2d04115410a036e98bb8f8dd59ca3c343e438750c76b9?s=96&d=mm&r=g","caption":"CROWD"},"url":"https:\/\/homolog.harald.com.br\/site-2026\/blog\/author\/crowd\/"}]}},"uagb_featured_image_src":{"full":["https:\/\/homolog.harald.com.br\/site-2026\/wp-content\/uploads\/2024\/05\/30044012-bem-celebrpng.png",537,397,false],"thumbnail":["https:\/\/homolog.harald.com.br\/site-2026\/wp-content\/uploads\/2024\/05\/30044012-bem-celebrpng-150x150.png",150,150,true],"medium":["https:\/\/homolog.harald.com.br\/site-2026\/wp-content\/uploads\/2024\/05\/30044012-bem-celebrpng-300x222.png",300,222,true],"medium_large":["https:\/\/homolog.harald.com.br\/site-2026\/wp-content\/uploads\/2024\/05\/30044012-bem-celebrpng.png",537,397,false],"large":["https:\/\/homolog.harald.com.br\/site-2026\/wp-content\/uploads\/2024\/05\/30044012-bem-celebrpng.png",537,397,false],"1536x1536":["https:\/\/homolog.harald.com.br\/site-2026\/wp-content\/uploads\/2024\/05\/30044012-bem-celebrpng.png",537,397,false],"2048x2048":["https:\/\/homolog.harald.com.br\/site-2026\/wp-content\/uploads\/2024\/05\/30044012-bem-celebrpng.png",537,397,false],"full-width":["https:\/\/homolog.harald.com.br\/site-2026\/wp-content\/uploads\/2024\/05\/30044012-bem-celebrpng.png",537,397,false],"gform-image-choice-sm":["https:\/\/homolog.harald.com.br\/site-2026\/wp-content\/uploads\/2024\/05\/30044012-bem-celebrpng.png",300,222,false],"gform-image-choice-md":["https:\/\/homolog.harald.com.br\/site-2026\/wp-content\/uploads\/2024\/05\/30044012-bem-celebrpng.png",400,296,false],"gform-image-choice-lg":["https:\/\/homolog.harald.com.br\/site-2026\/wp-content\/uploads\/2024\/05\/30044012-bem-celebrpng.png",537,397,false]},"uagb_author_info":{"display_name":"CROWD","author_link":"https:\/\/homolog.harald.com.br\/site-2026\/blog\/author\/crowd\/"},"uagb_comment_info":0,"uagb_excerpt":"Receita Exclusiva: Bem-Celebrado pela Chef Vivian Feldman Descubra agora uma incr\u00edvel receita de Bem-Celebrado o famoso &#8220;Bem Casado&#8221; preparada pela chef Vivian Feldman em parceria com a Harald, l\u00edder em chocolates e coberturas para o mercado de confeitaria. Prepare-se para uma experi\u00eancia gastron\u00f4mica \u00fanica. Esta receita combina habilmente dois produtos da linha Melken da Harald:&hellip;","_links":{"self":[{"href":"https:\/\/homolog.harald.com.br\/site-2026\/wp-json\/wp\/v2\/posts\/185092","targetHints":{"allow":["GET"]}}],"collection":[{"href":"https:\/\/homolog.harald.com.br\/site-2026\/wp-json\/wp\/v2\/posts"}],"about":[{"href":"https:\/\/homolog.harald.com.br\/site-2026\/wp-json\/wp\/v2\/types\/post"}],"author":[{"embeddable":true,"href":"https:\/\/homolog.harald.com.br\/site-2026\/wp-json\/wp\/v2\/users\/9"}],"replies":[{"embeddable":true,"href":"https:\/\/homolog.harald.com.br\/site-2026\/wp-json\/wp\/v2\/comments?post=185092"}],"version-history":[{"count":5,"href":"https:\/\/homolog.harald.com.br\/site-2026\/wp-json\/wp\/v2\/posts\/185092\/revisions"}],"predecessor-version":[{"id":186694,"href":"https:\/\/homolog.harald.com.br\/site-2026\/wp-json\/wp\/v2\/posts\/185092\/revisions\/186694"}],"wp:featuredmedia":[{"embeddable":true,"href":"https:\/\/homolog.harald.com.br\/site-2026\/wp-json\/wp\/v2\/media\/185098"}],"wp:attachment":[{"href":"https:\/\/homolog.harald.com.br\/site-2026\/wp-json\/wp\/v2\/media?parent=185092"}],"wp:term":[{"taxonomy":"category","embeddable":true,"href":"https:\/\/homolog.harald.com.br\/site-2026\/wp-json\/wp\/v2\/categories?post=185092"},{"taxonomy":"post_tag","embeddable":true,"href":"https:\/\/homolog.harald.com.br\/site-2026\/wp-json\/wp\/v2\/tags?post=185092"},{"taxonomy":"para-seu-negocio","embeddable":true,"href":"https:\/\/homolog.harald.com.br\/site-2026\/wp-json\/wp\/v2\/para-seu-negocio?post=185092"}],"curies":[{"name":"wp","href":"https:\/\/api.w.org\/{rel}","templated":true}]}}