{"id":106775,"date":"2023-07-11T16:06:43","date_gmt":"2023-07-11T19:06:43","guid":{"rendered":"https:\/\/homolog.harald.com.br\/site-2026\/?p=106775"},"modified":"2024-06-24T15:12:24","modified_gmt":"2024-06-24T18:12:24","slug":"paezinhos-de-canela-com-avela-e-a-receita-perfeita-para-aquecer-as-tardes-de-baixas-temperaturas-neste-outono","status":"publish","type":"post","link":"https:\/\/homolog.harald.com.br\/site-2026\/blog\/paezinhos-de-canela-com-avela-e-a-receita-perfeita-para-aquecer-as-tardes-de-baixas-temperaturas-neste-outono\/","title":{"rendered":"P\u00e3ezinhos de Canela com Avel\u00e3 para as tardes do Outono"},"content":{"rendered":"<div class=\"flex-shrink-0 flex flex-col relative items-end\">\n<div>\n<div class=\"pt-0.5 juice:pt-0\">\n<div class=\"gizmo-bot-avatar flex h-6 w-6 items-center justify-center overflow-hidden rounded-full juice:h-8 juice:w-8\">\n<h3 class=\"relative p-1 rounded-sm flex items-center justify-center bg-token-main-surface-primary text-token-text-primary h-8 w-8\">P\u00e3ezinhos de Canela com Avel\u00e3: A Receita Perfeita para os Dias Frios<\/h3>\n<\/div>\n<\/div>\n<\/div>\n<\/div>\n<div class=\"group\/conversation-turn relative flex w-full min-w-0 flex-col agent-turn\">\n<div class=\"flex-col gap-1 md:gap-3\">\n<div class=\"flex flex-grow flex-col max-w-full\">\n<div class=\"min-h-[20px] text-message flex flex-col items-start whitespace-pre-wrap break-words [.text-message+&amp;]:mt-5 juice:w-full juice:items-end overflow-x-auto gap-2\" dir=\"auto\" data-message-author-role=\"assistant\" data-message-id=\"9a8fafe6-d68d-4b3b-afe8-c0d8c3cdb2cc\">\n<div class=\"flex w-full flex-col gap-1 juice:empty:hidden juice:first:pt-[3px]\">\n<div class=\"markdown prose w-full break-words dark:prose-invert light\">\n<p>Com a aproxima\u00e7\u00e3o do inverno e as temperaturas caindo, nada melhor do que um p\u00e3o quentinho, n\u00e3o \u00e9 mesmo? Portanto, pensando nisso, a Harald, l\u00edder em coberturas e refer\u00eancia em chocolate para o mercado especializado no Brasil, apresenta uma receita especial para aquecer esses dias gelados com muito sabor: P\u00e3ezinhos de Canela com Avel\u00e3.<\/p>\n<p>Esses p\u00e3ezinhos super macios e recheados com Gotas Chipshow Top Chocolate com Avel\u00e3 prometem ser um sucesso de vendas durante o per\u00edodo.<\/p>\n<h3>Tempo de Preparo e Rendimento<\/h3>\n<ul>\n<li><strong>Tempo de preparo:<\/strong> 1 hora<\/li>\n<li><strong>Rendimento:<\/strong> at\u00e9 16 rolinhos<\/li>\n<\/ul>\n<h3>Sobre a Receita<\/h3>\n<p>P\u00e3ezinhos individuais de canela e gotas sabor chocolate com avel\u00e3, com uma modelagem diferenciada que d\u00e1 um efeito tran\u00e7ado e mesclado.<\/p>\n<h3>Ingredientes<\/h3>\n<h4>Massa<\/h4>\n<ul>\n<li>2 e \u00bd x\u00edcaras de farinha de trigo (325 g)<\/li>\n<li>1 sach\u00ea de fermento biol\u00f3gico seco (10 g)<\/li>\n<li>\u00bc de colher (ch\u00e1) de sal refinado<\/li>\n<li>1 x\u00edcara (ch\u00e1) de leite morno (250 ml)<\/li>\n<li>2 colheres (sopa) de mel (20 g)<\/li>\n<li>1 colher (sopa) de manteiga (15 g)<\/li>\n<\/ul>\n<h4>Recheio<\/h4>\n<ul>\n<li>6 colheres (sopa) de manteiga (90 g)<\/li>\n<li>\u00bc de x\u00edcara (ch\u00e1) de a\u00e7\u00facar refinado (50 g)<\/li>\n<li>\u00bd x\u00edcara (ch\u00e1) de a\u00e7\u00facar mascavo (80 g)<\/li>\n<li>2 colheres (ch\u00e1) de canela em p\u00f3<\/li>\n<li>100 g de Gotas Chipshow Top Chocolate com Avel\u00e3<\/li>\n<\/ul>\n<h3>Modo de Preparo<\/h3>\n<h4>Massa<\/h4>\n<ol>\n<li>Em primeiro lugar, na batedeira, coloque a farinha, o fermento e o sal refinado.<\/li>\n<li>Em seguida, misture o leite morno, o mel e a manteiga em uma tigela. Transfira a mistura para a batedeira e sove, utilizando o gancho, at\u00e9 que a massa fique uniforme e lisa.<\/li>\n<li>Por fim, deixe a massa descansar em uma tigela coberta com filme pl\u00e1stico por cerca de 45 minutos para fermentar.<\/li>\n<\/ol>\n<h4>Recheio<\/h4>\n<ol>\n<li>Enquanto isso, misture a manteiga amolecida com os a\u00e7\u00facares e a canela at\u00e9 formar uma pasta.<\/li>\n<li>Logo ap\u00f3s, abra a massa em um ret\u00e2ngulo de cerca de 40 cm x 25 cm. Espalhe a pasta de manteiga, a\u00e7\u00facar e canela em uma camada fina.<\/li>\n<li>Distribua as gotinhas Chipshow Avel\u00e3 por cima, reservando uma pequena parte para finalizar os rolinhos.<\/li>\n<\/ol>\n<h4>Modelagem<\/h4>\n<ol>\n<li>Agora, dobre a massa ao meio no sentido do comprimento, unindo as duas pontas com o maior lado do ret\u00e2ngulo.<\/li>\n<li>Logo depois, corte a massa na metade e, depois, cada metade em duas partes, repetindo at\u00e9 obter 16 fatias.<\/li>\n<li>E ent\u00e3o, estique e tor\u00e7a cada fatia e fa\u00e7a um n\u00f3 com a massa, unindo as duas pontas e deixando-as viradas para baixo.<\/li>\n<li>Depois disso, decore com o restante das gotinhas Chipshow Avel\u00e3 e deixe fermentar por cerca de 20 minutos.<\/li>\n<li>Por fim, asse em forno pr\u00e9-aquecido a 180\u00b0C.<\/li>\n<\/ol>\n<h4>Varia\u00e7\u00e3o<\/h4>\n<p>Se preferir uma modelagem mais simples, enrole a massa ap\u00f3s espalhar a pasta e corte fatias de dois dedos cada.<\/p>\n<h3>Materiais<\/h3>\n<ul>\n<li>Pl\u00e1stico filme<\/li>\n<li>Forma para assar<\/li>\n<\/ul>\n<p>Com esta receita, voc\u00ea pode desfrutar de p\u00e3ezinhos deliciosos e quentinhos, perfeitos para os dias mais frios. Assim, aque\u00e7a o cora\u00e7\u00e3o de seus convidados com muito sabor!<\/p>\n<\/div>\n<\/div>\n<\/div>\n<\/div>\n<\/div>\n<\/div>\n","protected":false},"excerpt":{"rendered":"<p>P\u00e3ezinhos de Canela com Avel\u00e3: A Receita Perfeita para os Dias Frios Com a aproxima\u00e7\u00e3o do inverno e as temperaturas caindo, nada melhor do que um p\u00e3o quentinho, n\u00e3o \u00e9 mesmo? Portanto, pensando nisso, a Harald, l\u00edder em coberturas e refer\u00eancia em chocolate para o mercado especializado no Brasil, apresenta uma receita especial para aquecer <a class=\"more-link\" href=\"https:\/\/homolog.harald.com.br\/site-2026\/blog\/paezinhos-de-canela-com-avela-e-a-receita-perfeita-para-aquecer-as-tardes-de-baixas-temperaturas-neste-outono\/\">Read more&#8230;<\/a><\/p>\n","protected":false},"author":11,"featured_media":2710,"comment_status":"closed","ping_status":"closed","sticky":false,"template":"","format":"standard","meta":{"_acf_changed":false,"_uag_custom_page_level_css":"","footnotes":""},"categories":[158,216],"tags":[],"para-seu-negocio":[],"class_list":["post-106775","post","type-post","status-publish","format-standard","has-post-thumbnail","hentry","category-noticias","category-receitas"],"acf":[],"yoast_head":"<!-- This site is optimized with the Yoast SEO plugin v26.3 - https:\/\/yoast.com\/wordpress\/plugins\/seo\/ -->\n<title>P\u00e3ezinhos de Canela com Avel\u00e3 para as tardes do Outono - Harald<\/title>\n<meta name=\"description\" content=\"repare deliciosos P\u00e3ezinhos de Canela com Avel\u00e3 com a receita da Harald. Macios, recheados com gotas de chocolate com avel\u00e3!\" \/>\n<meta name=\"robots\" content=\"noindex, follow, max-snippet:-1, max-image-preview:large, max-video-preview:-1\" \/>\n<meta property=\"og:locale\" content=\"pt_BR\" \/>\n<meta property=\"og:type\" content=\"article\" \/>\n<meta property=\"og:title\" content=\"P\u00e3ezinhos de Canela com Avel\u00e3 para as tardes do Outono - Harald\" \/>\n<meta property=\"og:description\" content=\"repare deliciosos P\u00e3ezinhos de Canela com Avel\u00e3 com a receita da Harald. Macios, recheados com gotas de chocolate com avel\u00e3!\" \/>\n<meta property=\"og:url\" content=\"https:\/\/homolog.harald.com.br\/site-2026\/blog\/paezinhos-de-canela-com-avela-e-a-receita-perfeita-para-aquecer-as-tardes-de-baixas-temperaturas-neste-outono\/\" \/>\n<meta property=\"og:site_name\" content=\"Harald\" \/>\n<meta property=\"article:publisher\" content=\"https:\/\/www.facebook.com\/HaraldChocolates\/\" \/>\n<meta property=\"article:published_time\" content=\"2023-07-11T19:06:43+00:00\" \/>\n<meta property=\"article:modified_time\" content=\"2024-06-24T18:12:24+00:00\" \/>\n<meta property=\"og:image\" content=\"https:\/\/homolog.harald.com.br\/site-2026\/wp-content\/uploads\/2021\/01\/pao-de-canela-1000x1000-1.jpg\" \/>\n\t<meta property=\"og:image:width\" content=\"1000\" \/>\n\t<meta property=\"og:image:height\" content=\"1000\" \/>\n\t<meta property=\"og:image:type\" content=\"image\/jpeg\" \/>\n<meta name=\"author\" content=\"Bruna Teodoro\" \/>\n<meta name=\"twitter:card\" content=\"summary_large_image\" \/>\n<meta name=\"twitter:label1\" content=\"Escrito por\" \/>\n\t<meta name=\"twitter:data1\" content=\"Bruna Teodoro\" \/>\n\t<meta name=\"twitter:label2\" content=\"Est. tempo de leitura\" \/>\n\t<meta name=\"twitter:data2\" content=\"3 minutos\" \/>\n<script type=\"application\/ld+json\" class=\"yoast-schema-graph\">{\"@context\":\"https:\/\/schema.org\",\"@graph\":[{\"@type\":\"Article\",\"@id\":\"https:\/\/homolog.harald.com.br\/site-2026\/blog\/paezinhos-de-canela-com-avela-e-a-receita-perfeita-para-aquecer-as-tardes-de-baixas-temperaturas-neste-outono\/#article\",\"isPartOf\":{\"@id\":\"https:\/\/homolog.harald.com.br\/site-2026\/blog\/paezinhos-de-canela-com-avela-e-a-receita-perfeita-para-aquecer-as-tardes-de-baixas-temperaturas-neste-outono\/\"},\"author\":{\"name\":\"Bruna Teodoro\",\"@id\":\"https:\/\/homolog.harald.com.br\/site-2026\/#\/schema\/person\/37dcc072f872b17c519dd3097a7925e5\"},\"headline\":\"P\u00e3ezinhos de Canela com Avel\u00e3 para as tardes do Outono\",\"datePublished\":\"2023-07-11T19:06:43+00:00\",\"dateModified\":\"2024-06-24T18:12:24+00:00\",\"mainEntityOfPage\":{\"@id\":\"https:\/\/homolog.harald.com.br\/site-2026\/blog\/paezinhos-de-canela-com-avela-e-a-receita-perfeita-para-aquecer-as-tardes-de-baixas-temperaturas-neste-outono\/\"},\"wordCount\":507,\"publisher\":{\"@id\":\"https:\/\/homolog.harald.com.br\/site-2026\/#organization\"},\"image\":{\"@id\":\"https:\/\/homolog.harald.com.br\/site-2026\/blog\/paezinhos-de-canela-com-avela-e-a-receita-perfeita-para-aquecer-as-tardes-de-baixas-temperaturas-neste-outono\/#primaryimage\"},\"thumbnailUrl\":\"https:\/\/homolog.harald.com.br\/site-2026\/wp-content\/uploads\/2021\/01\/pao-de-canela-1000x1000-1.jpg\",\"articleSection\":[\"Not\u00edcias\",\"Receitas\"],\"inLanguage\":\"pt-BR\"},{\"@type\":\"WebPage\",\"@id\":\"https:\/\/homolog.harald.com.br\/site-2026\/blog\/paezinhos-de-canela-com-avela-e-a-receita-perfeita-para-aquecer-as-tardes-de-baixas-temperaturas-neste-outono\/\",\"url\":\"https:\/\/homolog.harald.com.br\/site-2026\/blog\/paezinhos-de-canela-com-avela-e-a-receita-perfeita-para-aquecer-as-tardes-de-baixas-temperaturas-neste-outono\/\",\"name\":\"P\u00e3ezinhos de Canela com Avel\u00e3 para as tardes do Outono - Harald\",\"isPartOf\":{\"@id\":\"https:\/\/homolog.harald.com.br\/site-2026\/#website\"},\"primaryImageOfPage\":{\"@id\":\"https:\/\/homolog.harald.com.br\/site-2026\/blog\/paezinhos-de-canela-com-avela-e-a-receita-perfeita-para-aquecer-as-tardes-de-baixas-temperaturas-neste-outono\/#primaryimage\"},\"image\":{\"@id\":\"https:\/\/homolog.harald.com.br\/site-2026\/blog\/paezinhos-de-canela-com-avela-e-a-receita-perfeita-para-aquecer-as-tardes-de-baixas-temperaturas-neste-outono\/#primaryimage\"},\"thumbnailUrl\":\"https:\/\/homolog.harald.com.br\/site-2026\/wp-content\/uploads\/2021\/01\/pao-de-canela-1000x1000-1.jpg\",\"datePublished\":\"2023-07-11T19:06:43+00:00\",\"dateModified\":\"2024-06-24T18:12:24+00:00\",\"description\":\"repare deliciosos P\u00e3ezinhos de Canela com Avel\u00e3 com a receita da Harald. Macios, recheados com gotas de chocolate com avel\u00e3!\",\"breadcrumb\":{\"@id\":\"https:\/\/homolog.harald.com.br\/site-2026\/blog\/paezinhos-de-canela-com-avela-e-a-receita-perfeita-para-aquecer-as-tardes-de-baixas-temperaturas-neste-outono\/#breadcrumb\"},\"inLanguage\":\"pt-BR\",\"potentialAction\":[{\"@type\":\"ReadAction\",\"target\":[\"https:\/\/homolog.harald.com.br\/site-2026\/blog\/paezinhos-de-canela-com-avela-e-a-receita-perfeita-para-aquecer-as-tardes-de-baixas-temperaturas-neste-outono\/\"]}]},{\"@type\":\"ImageObject\",\"inLanguage\":\"pt-BR\",\"@id\":\"https:\/\/homolog.harald.com.br\/site-2026\/blog\/paezinhos-de-canela-com-avela-e-a-receita-perfeita-para-aquecer-as-tardes-de-baixas-temperaturas-neste-outono\/#primaryimage\",\"url\":\"https:\/\/homolog.harald.com.br\/site-2026\/wp-content\/uploads\/2021\/01\/pao-de-canela-1000x1000-1.jpg\",\"contentUrl\":\"https:\/\/homolog.harald.com.br\/site-2026\/wp-content\/uploads\/2021\/01\/pao-de-canela-1000x1000-1.jpg\",\"width\":1000,\"height\":1000,\"caption\":\"P\u00e3ezinhos de Canela com Avel\u00e3\"},{\"@type\":\"BreadcrumbList\",\"@id\":\"https:\/\/homolog.harald.com.br\/site-2026\/blog\/paezinhos-de-canela-com-avela-e-a-receita-perfeita-para-aquecer-as-tardes-de-baixas-temperaturas-neste-outono\/#breadcrumb\",\"itemListElement\":[{\"@type\":\"ListItem\",\"position\":1,\"name\":\"In\u00edcio\",\"item\":\"https:\/\/homolog.harald.com.br\/site-2026\/\"},{\"@type\":\"ListItem\",\"position\":2,\"name\":\"P\u00e3ezinhos de Canela com Avel\u00e3 para as tardes do Outono\"}]},{\"@type\":\"WebSite\",\"@id\":\"https:\/\/homolog.harald.com.br\/site-2026\/#website\",\"url\":\"https:\/\/homolog.harald.com.br\/site-2026\/\",\"name\":\"Harald\",\"description\":\"Fazer melhor \u00e9 fazer com paix\u00e3o\",\"publisher\":{\"@id\":\"https:\/\/homolog.harald.com.br\/site-2026\/#organization\"},\"potentialAction\":[{\"@type\":\"SearchAction\",\"target\":{\"@type\":\"EntryPoint\",\"urlTemplate\":\"https:\/\/homolog.harald.com.br\/site-2026\/?s={search_term_string}\"},\"query-input\":{\"@type\":\"PropertyValueSpecification\",\"valueRequired\":true,\"valueName\":\"search_term_string\"}}],\"inLanguage\":\"pt-BR\"},{\"@type\":\"Organization\",\"@id\":\"https:\/\/homolog.harald.com.br\/site-2026\/#organization\",\"name\":\"Harald\",\"url\":\"https:\/\/homolog.harald.com.br\/site-2026\/\",\"logo\":{\"@type\":\"ImageObject\",\"inLanguage\":\"pt-BR\",\"@id\":\"https:\/\/homolog.harald.com.br\/site-2026\/#\/schema\/logo\/image\/\",\"url\":\"https:\/\/homolog.harald.com.br\/site-2026\/wp-content\/uploads\/2022\/09\/logo-harald-cmyk-ss.png\",\"contentUrl\":\"https:\/\/homolog.harald.com.br\/site-2026\/wp-content\/uploads\/2022\/09\/logo-harald-cmyk-ss.png\",\"width\":1948,\"height\":1051,\"caption\":\"Harald\"},\"image\":{\"@id\":\"https:\/\/homolog.harald.com.br\/site-2026\/#\/schema\/logo\/image\/\"},\"sameAs\":[\"https:\/\/www.facebook.com\/HaraldChocolates\/\",\"https:\/\/www.youtube.com\/user\/HaraldChocolates\"]},{\"@type\":\"Person\",\"@id\":\"https:\/\/homolog.harald.com.br\/site-2026\/#\/schema\/person\/37dcc072f872b17c519dd3097a7925e5\",\"name\":\"Bruna Teodoro\",\"image\":{\"@type\":\"ImageObject\",\"inLanguage\":\"pt-BR\",\"@id\":\"https:\/\/homolog.harald.com.br\/site-2026\/#\/schema\/person\/image\/\",\"url\":\"https:\/\/secure.gravatar.com\/avatar\/7da0050c7a3bd4d6df113dcfae1a5b72c8690bc5d4bb4fabab7e4d34d582ceea?s=96&d=mm&r=g\",\"contentUrl\":\"https:\/\/secure.gravatar.com\/avatar\/7da0050c7a3bd4d6df113dcfae1a5b72c8690bc5d4bb4fabab7e4d34d582ceea?s=96&d=mm&r=g\",\"caption\":\"Bruna Teodoro\"},\"url\":\"https:\/\/homolog.harald.com.br\/site-2026\/blog\/author\/bruna-teodoro\/\"}]}<\/script>\n<!-- \/ Yoast SEO plugin. -->","yoast_head_json":{"title":"P\u00e3ezinhos de Canela com Avel\u00e3 para as tardes do Outono - Harald","description":"repare deliciosos P\u00e3ezinhos de Canela com Avel\u00e3 com a receita da Harald. Macios, recheados com gotas de chocolate com avel\u00e3!","robots":{"index":"noindex","follow":"follow","max-snippet":"max-snippet:-1","max-image-preview":"max-image-preview:large","max-video-preview":"max-video-preview:-1"},"og_locale":"pt_BR","og_type":"article","og_title":"P\u00e3ezinhos de Canela com Avel\u00e3 para as tardes do Outono - Harald","og_description":"repare deliciosos P\u00e3ezinhos de Canela com Avel\u00e3 com a receita da Harald. Macios, recheados com gotas de chocolate com avel\u00e3!","og_url":"https:\/\/homolog.harald.com.br\/site-2026\/blog\/paezinhos-de-canela-com-avela-e-a-receita-perfeita-para-aquecer-as-tardes-de-baixas-temperaturas-neste-outono\/","og_site_name":"Harald","article_publisher":"https:\/\/www.facebook.com\/HaraldChocolates\/","article_published_time":"2023-07-11T19:06:43+00:00","article_modified_time":"2024-06-24T18:12:24+00:00","og_image":[{"width":1000,"height":1000,"url":"https:\/\/homolog.harald.com.br\/site-2026\/wp-content\/uploads\/2021\/01\/pao-de-canela-1000x1000-1.jpg","type":"image\/jpeg"}],"author":"Bruna Teodoro","twitter_card":"summary_large_image","twitter_misc":{"Escrito por":"Bruna Teodoro","Est. tempo de leitura":"3 minutos"},"schema":{"@context":"https:\/\/schema.org","@graph":[{"@type":"Article","@id":"https:\/\/homolog.harald.com.br\/site-2026\/blog\/paezinhos-de-canela-com-avela-e-a-receita-perfeita-para-aquecer-as-tardes-de-baixas-temperaturas-neste-outono\/#article","isPartOf":{"@id":"https:\/\/homolog.harald.com.br\/site-2026\/blog\/paezinhos-de-canela-com-avela-e-a-receita-perfeita-para-aquecer-as-tardes-de-baixas-temperaturas-neste-outono\/"},"author":{"name":"Bruna Teodoro","@id":"https:\/\/homolog.harald.com.br\/site-2026\/#\/schema\/person\/37dcc072f872b17c519dd3097a7925e5"},"headline":"P\u00e3ezinhos de Canela com Avel\u00e3 para as tardes do Outono","datePublished":"2023-07-11T19:06:43+00:00","dateModified":"2024-06-24T18:12:24+00:00","mainEntityOfPage":{"@id":"https:\/\/homolog.harald.com.br\/site-2026\/blog\/paezinhos-de-canela-com-avela-e-a-receita-perfeita-para-aquecer-as-tardes-de-baixas-temperaturas-neste-outono\/"},"wordCount":507,"publisher":{"@id":"https:\/\/homolog.harald.com.br\/site-2026\/#organization"},"image":{"@id":"https:\/\/homolog.harald.com.br\/site-2026\/blog\/paezinhos-de-canela-com-avela-e-a-receita-perfeita-para-aquecer-as-tardes-de-baixas-temperaturas-neste-outono\/#primaryimage"},"thumbnailUrl":"https:\/\/homolog.harald.com.br\/site-2026\/wp-content\/uploads\/2021\/01\/pao-de-canela-1000x1000-1.jpg","articleSection":["Not\u00edcias","Receitas"],"inLanguage":"pt-BR"},{"@type":"WebPage","@id":"https:\/\/homolog.harald.com.br\/site-2026\/blog\/paezinhos-de-canela-com-avela-e-a-receita-perfeita-para-aquecer-as-tardes-de-baixas-temperaturas-neste-outono\/","url":"https:\/\/homolog.harald.com.br\/site-2026\/blog\/paezinhos-de-canela-com-avela-e-a-receita-perfeita-para-aquecer-as-tardes-de-baixas-temperaturas-neste-outono\/","name":"P\u00e3ezinhos de Canela com Avel\u00e3 para as tardes do Outono - Harald","isPartOf":{"@id":"https:\/\/homolog.harald.com.br\/site-2026\/#website"},"primaryImageOfPage":{"@id":"https:\/\/homolog.harald.com.br\/site-2026\/blog\/paezinhos-de-canela-com-avela-e-a-receita-perfeita-para-aquecer-as-tardes-de-baixas-temperaturas-neste-outono\/#primaryimage"},"image":{"@id":"https:\/\/homolog.harald.com.br\/site-2026\/blog\/paezinhos-de-canela-com-avela-e-a-receita-perfeita-para-aquecer-as-tardes-de-baixas-temperaturas-neste-outono\/#primaryimage"},"thumbnailUrl":"https:\/\/homolog.harald.com.br\/site-2026\/wp-content\/uploads\/2021\/01\/pao-de-canela-1000x1000-1.jpg","datePublished":"2023-07-11T19:06:43+00:00","dateModified":"2024-06-24T18:12:24+00:00","description":"repare deliciosos P\u00e3ezinhos de Canela com Avel\u00e3 com a receita da Harald. Macios, recheados com gotas de chocolate com avel\u00e3!","breadcrumb":{"@id":"https:\/\/homolog.harald.com.br\/site-2026\/blog\/paezinhos-de-canela-com-avela-e-a-receita-perfeita-para-aquecer-as-tardes-de-baixas-temperaturas-neste-outono\/#breadcrumb"},"inLanguage":"pt-BR","potentialAction":[{"@type":"ReadAction","target":["https:\/\/homolog.harald.com.br\/site-2026\/blog\/paezinhos-de-canela-com-avela-e-a-receita-perfeita-para-aquecer-as-tardes-de-baixas-temperaturas-neste-outono\/"]}]},{"@type":"ImageObject","inLanguage":"pt-BR","@id":"https:\/\/homolog.harald.com.br\/site-2026\/blog\/paezinhos-de-canela-com-avela-e-a-receita-perfeita-para-aquecer-as-tardes-de-baixas-temperaturas-neste-outono\/#primaryimage","url":"https:\/\/homolog.harald.com.br\/site-2026\/wp-content\/uploads\/2021\/01\/pao-de-canela-1000x1000-1.jpg","contentUrl":"https:\/\/homolog.harald.com.br\/site-2026\/wp-content\/uploads\/2021\/01\/pao-de-canela-1000x1000-1.jpg","width":1000,"height":1000,"caption":"P\u00e3ezinhos de Canela com Avel\u00e3"},{"@type":"BreadcrumbList","@id":"https:\/\/homolog.harald.com.br\/site-2026\/blog\/paezinhos-de-canela-com-avela-e-a-receita-perfeita-para-aquecer-as-tardes-de-baixas-temperaturas-neste-outono\/#breadcrumb","itemListElement":[{"@type":"ListItem","position":1,"name":"In\u00edcio","item":"https:\/\/homolog.harald.com.br\/site-2026\/"},{"@type":"ListItem","position":2,"name":"P\u00e3ezinhos de Canela com Avel\u00e3 para as tardes do Outono"}]},{"@type":"WebSite","@id":"https:\/\/homolog.harald.com.br\/site-2026\/#website","url":"https:\/\/homolog.harald.com.br\/site-2026\/","name":"Harald","description":"Fazer melhor \u00e9 fazer com paix\u00e3o","publisher":{"@id":"https:\/\/homolog.harald.com.br\/site-2026\/#organization"},"potentialAction":[{"@type":"SearchAction","target":{"@type":"EntryPoint","urlTemplate":"https:\/\/homolog.harald.com.br\/site-2026\/?s={search_term_string}"},"query-input":{"@type":"PropertyValueSpecification","valueRequired":true,"valueName":"search_term_string"}}],"inLanguage":"pt-BR"},{"@type":"Organization","@id":"https:\/\/homolog.harald.com.br\/site-2026\/#organization","name":"Harald","url":"https:\/\/homolog.harald.com.br\/site-2026\/","logo":{"@type":"ImageObject","inLanguage":"pt-BR","@id":"https:\/\/homolog.harald.com.br\/site-2026\/#\/schema\/logo\/image\/","url":"https:\/\/homolog.harald.com.br\/site-2026\/wp-content\/uploads\/2022\/09\/logo-harald-cmyk-ss.png","contentUrl":"https:\/\/homolog.harald.com.br\/site-2026\/wp-content\/uploads\/2022\/09\/logo-harald-cmyk-ss.png","width":1948,"height":1051,"caption":"Harald"},"image":{"@id":"https:\/\/homolog.harald.com.br\/site-2026\/#\/schema\/logo\/image\/"},"sameAs":["https:\/\/www.facebook.com\/HaraldChocolates\/","https:\/\/www.youtube.com\/user\/HaraldChocolates"]},{"@type":"Person","@id":"https:\/\/homolog.harald.com.br\/site-2026\/#\/schema\/person\/37dcc072f872b17c519dd3097a7925e5","name":"Bruna Teodoro","image":{"@type":"ImageObject","inLanguage":"pt-BR","@id":"https:\/\/homolog.harald.com.br\/site-2026\/#\/schema\/person\/image\/","url":"https:\/\/secure.gravatar.com\/avatar\/7da0050c7a3bd4d6df113dcfae1a5b72c8690bc5d4bb4fabab7e4d34d582ceea?s=96&d=mm&r=g","contentUrl":"https:\/\/secure.gravatar.com\/avatar\/7da0050c7a3bd4d6df113dcfae1a5b72c8690bc5d4bb4fabab7e4d34d582ceea?s=96&d=mm&r=g","caption":"Bruna Teodoro"},"url":"https:\/\/homolog.harald.com.br\/site-2026\/blog\/author\/bruna-teodoro\/"}]}},"uagb_featured_image_src":{"full":["https:\/\/homolog.harald.com.br\/site-2026\/wp-content\/uploads\/2021\/01\/pao-de-canela-1000x1000-1.jpg",1000,1000,false],"thumbnail":["https:\/\/homolog.harald.com.br\/site-2026\/wp-content\/uploads\/2021\/01\/pao-de-canela-1000x1000-1-150x150.jpg",150,150,true],"medium":["https:\/\/homolog.harald.com.br\/site-2026\/wp-content\/uploads\/2021\/01\/pao-de-canela-1000x1000-1-300x300.jpg",300,300,true],"medium_large":["https:\/\/homolog.harald.com.br\/site-2026\/wp-content\/uploads\/2021\/01\/pao-de-canela-1000x1000-1-768x768.jpg",768,768,true],"large":["https:\/\/homolog.harald.com.br\/site-2026\/wp-content\/uploads\/2021\/01\/pao-de-canela-1000x1000-1.jpg",1000,1000,false],"1536x1536":["https:\/\/homolog.harald.com.br\/site-2026\/wp-content\/uploads\/2021\/01\/pao-de-canela-1000x1000-1.jpg",1000,1000,false],"2048x2048":["https:\/\/homolog.harald.com.br\/site-2026\/wp-content\/uploads\/2021\/01\/pao-de-canela-1000x1000-1.jpg",1000,1000,false],"full-width":["https:\/\/homolog.harald.com.br\/site-2026\/wp-content\/uploads\/2021\/01\/pao-de-canela-1000x1000-1.jpg",1000,1000,false],"gform-image-choice-sm":["https:\/\/homolog.harald.com.br\/site-2026\/wp-content\/uploads\/2021\/01\/pao-de-canela-1000x1000-1.jpg",300,300,false],"gform-image-choice-md":["https:\/\/homolog.harald.com.br\/site-2026\/wp-content\/uploads\/2021\/01\/pao-de-canela-1000x1000-1.jpg",400,400,false],"gform-image-choice-lg":["https:\/\/homolog.harald.com.br\/site-2026\/wp-content\/uploads\/2021\/01\/pao-de-canela-1000x1000-1.jpg",600,600,false]},"uagb_author_info":{"display_name":"Bruna Teodoro","author_link":"https:\/\/homolog.harald.com.br\/site-2026\/blog\/author\/bruna-teodoro\/"},"uagb_comment_info":0,"uagb_excerpt":"P\u00e3ezinhos de Canela com Avel\u00e3: A Receita Perfeita para os Dias Frios Com a aproxima\u00e7\u00e3o do inverno e as temperaturas caindo, nada melhor do que um p\u00e3o quentinho, n\u00e3o \u00e9 mesmo? Portanto, pensando nisso, a Harald, l\u00edder em coberturas e refer\u00eancia em chocolate para o mercado especializado no Brasil, apresenta uma receita especial para aquecer&hellip;","_links":{"self":[{"href":"https:\/\/homolog.harald.com.br\/site-2026\/wp-json\/wp\/v2\/posts\/106775","targetHints":{"allow":["GET"]}}],"collection":[{"href":"https:\/\/homolog.harald.com.br\/site-2026\/wp-json\/wp\/v2\/posts"}],"about":[{"href":"https:\/\/homolog.harald.com.br\/site-2026\/wp-json\/wp\/v2\/types\/post"}],"author":[{"embeddable":true,"href":"https:\/\/homolog.harald.com.br\/site-2026\/wp-json\/wp\/v2\/users\/11"}],"replies":[{"embeddable":true,"href":"https:\/\/homolog.harald.com.br\/site-2026\/wp-json\/wp\/v2\/comments?post=106775"}],"version-history":[{"count":3,"href":"https:\/\/homolog.harald.com.br\/site-2026\/wp-json\/wp\/v2\/posts\/106775\/revisions"}],"predecessor-version":[{"id":194603,"href":"https:\/\/homolog.harald.com.br\/site-2026\/wp-json\/wp\/v2\/posts\/106775\/revisions\/194603"}],"wp:featuredmedia":[{"embeddable":true,"href":"https:\/\/homolog.harald.com.br\/site-2026\/wp-json\/wp\/v2\/media\/2710"}],"wp:attachment":[{"href":"https:\/\/homolog.harald.com.br\/site-2026\/wp-json\/wp\/v2\/media?parent=106775"}],"wp:term":[{"taxonomy":"category","embeddable":true,"href":"https:\/\/homolog.harald.com.br\/site-2026\/wp-json\/wp\/v2\/categories?post=106775"},{"taxonomy":"post_tag","embeddable":true,"href":"https:\/\/homolog.harald.com.br\/site-2026\/wp-json\/wp\/v2\/tags?post=106775"},{"taxonomy":"para-seu-negocio","embeddable":true,"href":"https:\/\/homolog.harald.com.br\/site-2026\/wp-json\/wp\/v2\/para-seu-negocio?post=106775"}],"curies":[{"name":"wp","href":"https:\/\/api.w.org\/{rel}","templated":true}]}}