{"id":100666,"date":"2023-06-16T12:06:37","date_gmt":"2023-06-16T15:06:37","guid":{"rendered":"https:\/\/homolog.harald.com.br\/site-2026\/?p=100666"},"modified":"2024-08-12T15:50:15","modified_gmt":"2024-08-12T18:50:15","slug":"aprenda-a-fazer-pacoca-de-capote-receita-gourmet-para-as-festas-juninas","status":"publish","type":"post","link":"https:\/\/homolog.harald.com.br\/site-2026\/blog\/aprenda-a-fazer-pacoca-de-capote-receita-gourmet-para-as-festas-juninas\/","title":{"rendered":"Pa\u00e7oca de Capote: Receita Gourmet para as Festas Juninas"},"content":{"rendered":"<h3>Como Fazer Pa\u00e7oca de Capote: Receita Gourmet para as Festas Juninas<\/h3>\n<p>As festas juninas s\u00e3o sin\u00f4nimo de alegria, dan\u00e7a, e, claro, comida t\u00edpica. Assim, entre as del\u00edcias mais tradicionais do arrai\u00e1, a pa\u00e7oca ocupa um lugar especial no cora\u00e7\u00e3o dos brasileiros. Mas, que tal dar um toque gourmet a essa iguaria? A Harald, l\u00edder em coberturas para o mercado especializado, traz uma receita exclusiva que combina o sabor cl\u00e1ssico da pa\u00e7oca com o irresist\u00edvel chocolate: a Pa\u00e7oca de Capote.<\/p>\n<h4>O Que \u00e9 Pa\u00e7oca de Capote?<\/h4>\n<p>A Pa\u00e7oca de Capote \u00e9 uma vers\u00e3o gourmet da tradicional pa\u00e7oca, revestida com uma deliciosa camada de chocolate. A cobertura TOP Blend da Harald confere um sabor \u00fanico \u00e0 pa\u00e7oca, tornando-a ainda mais irresist\u00edvel. Para um acabamento perfeito, voc\u00ea pode decorar com riscos feitos com a cobertura TOP Branca, garantindo um contraste visual e um toque especial de sabor.<\/p>\n<p><img loading=\"lazy\" decoding=\"async\" class=\"alignright\" src=\"https:\/\/th.bing.com\/th\/id\/OIP.pY60B8kLgaWLFL1QFSuiNwAAAA?rs=1&amp;pid=ImgDetMain\" alt=\"Pa\u00e7oca de Capote | Harald | Receitas, Pa\u00e7oca, Maria chocolate\" width=\"363\" height=\"363\" \/><\/p>\n<h4>Receita de Pa\u00e7oca de Capote Gourmet<\/h4>\n<p><strong>Rendimento:<\/strong> 18 unidades<\/p>\n<p><strong>Ingredientes:<\/strong><\/p>\n<ul>\n<li>100 g de Cobertura TOP Blend Harald<\/li>\n<li>19 unidades de pa\u00e7oquinha (aproximadamente 361 g)<\/li>\n<\/ul>\n<h4>Modo de Preparo:<\/h4>\n<ol>\n<li>Em primeiro lugar, esfarele uma pa\u00e7oquinha para usar na decora\u00e7\u00e3o e reserve.<\/li>\n<li>Logo em seguida, derreta a cobertura TOP Blend conforme as instru\u00e7\u00f5es. Mergulhe uma pa\u00e7oquinha de cada vez na cobertura derretida. Use um garfo pr\u00f3prio para banho de bombons para retirar o excesso, garantindo uma camada fina e uniforme de chocolate.<\/li>\n<li>Por fim, coloque as pa\u00e7oquinhas banhadas sobre papel-manteiga e polvilhe-as com a pa\u00e7oquinha esfarelada. Leve \u00e0 geladeira por cerca de 10 minutos ou at\u00e9 que a cobertura esteja completamente seca.<\/li>\n<\/ol>\n<h4>Dicas para a Decora\u00e7\u00e3o:<\/h4>\n<ul>\n<li>Use a Cobertura TOP Branca para fazer riscos decorativos sobre as pa\u00e7oquinhas banhadas, adicionando um contraste visual e saboroso.<\/li>\n<\/ul>\n<p>Com essa receita exclusiva da Harald, sua festa junina vai se tornar ainda mais especial. Experimente a Pa\u00e7oca de Capote e surpreenda a todos com essa combina\u00e7\u00e3o deliciosa de sabores!<\/p>\n","protected":false},"excerpt":{"rendered":"<p>Como Fazer Pa\u00e7oca de Capote: Receita Gourmet para as Festas Juninas As festas juninas s\u00e3o sin\u00f4nimo de alegria, dan\u00e7a, e, claro, comida t\u00edpica. Assim, entre as del\u00edcias mais tradicionais do arrai\u00e1, a pa\u00e7oca ocupa um lugar especial no cora\u00e7\u00e3o dos brasileiros. Mas, que tal dar um toque gourmet a essa iguaria? A Harald, l\u00edder em <a class=\"more-link\" href=\"https:\/\/homolog.harald.com.br\/site-2026\/blog\/aprenda-a-fazer-pacoca-de-capote-receita-gourmet-para-as-festas-juninas\/\">Read more&#8230;<\/a><\/p>\n","protected":false},"author":11,"featured_media":3638,"comment_status":"closed","ping_status":"closed","sticky":false,"template":"","format":"standard","meta":{"_acf_changed":false,"_uag_custom_page_level_css":"","footnotes":""},"categories":[158],"tags":[],"para-seu-negocio":[],"class_list":["post-100666","post","type-post","status-publish","format-standard","has-post-thumbnail","hentry","category-noticias"],"acf":[],"yoast_head":"<!-- This site is optimized with the Yoast SEO plugin v26.3 - https:\/\/yoast.com\/wordpress\/plugins\/seo\/ -->\n<title>Pa\u00e7oca de Capote: Receita Gourmet para as Festas Juninas - Harald<\/title>\n<meta name=\"description\" content=\"Aprenda a fazer a deliciosa Pa\u00e7oca de Capote, uma receita gourmet que combina pa\u00e7oca e chocolate, feito com TOP!\" \/>\n<meta name=\"robots\" content=\"noindex, follow, max-snippet:-1, max-image-preview:large, max-video-preview:-1\" \/>\n<meta property=\"og:locale\" content=\"pt_BR\" \/>\n<meta property=\"og:type\" content=\"article\" \/>\n<meta property=\"og:title\" content=\"Pa\u00e7oca de Capote: Receita Gourmet para as Festas Juninas - Harald\" \/>\n<meta property=\"og:description\" content=\"Aprenda a fazer a deliciosa Pa\u00e7oca de Capote, uma receita gourmet que combina pa\u00e7oca e chocolate, feito com TOP!\" \/>\n<meta property=\"og:url\" content=\"https:\/\/homolog.harald.com.br\/site-2026\/blog\/aprenda-a-fazer-pacoca-de-capote-receita-gourmet-para-as-festas-juninas\/\" \/>\n<meta property=\"og:site_name\" content=\"Harald\" \/>\n<meta property=\"article:publisher\" content=\"https:\/\/www.facebook.com\/HaraldChocolates\/\" \/>\n<meta property=\"article:published_time\" content=\"2023-06-16T15:06:37+00:00\" \/>\n<meta property=\"article:modified_time\" content=\"2024-08-12T18:50:15+00:00\" \/>\n<meta property=\"og:image\" content=\"https:\/\/homolog.harald.com.br\/site-2026\/wp-content\/uploads\/2018\/04\/pacocacapote-coberturatop-lang-06-2016-1000x1000-1.jpg\" \/>\n\t<meta property=\"og:image:width\" content=\"1000\" \/>\n\t<meta property=\"og:image:height\" content=\"1000\" \/>\n\t<meta property=\"og:image:type\" content=\"image\/jpeg\" \/>\n<meta name=\"author\" content=\"Bruna Teodoro\" \/>\n<meta name=\"twitter:card\" content=\"summary_large_image\" \/>\n<meta name=\"twitter:label1\" content=\"Escrito por\" \/>\n\t<meta name=\"twitter:data1\" content=\"Bruna Teodoro\" \/>\n\t<meta name=\"twitter:label2\" content=\"Est. tempo de leitura\" \/>\n\t<meta name=\"twitter:data2\" content=\"3 minutos\" \/>\n<script type=\"application\/ld+json\" class=\"yoast-schema-graph\">{\"@context\":\"https:\/\/schema.org\",\"@graph\":[{\"@type\":\"Article\",\"@id\":\"https:\/\/homolog.harald.com.br\/site-2026\/blog\/aprenda-a-fazer-pacoca-de-capote-receita-gourmet-para-as-festas-juninas\/#article\",\"isPartOf\":{\"@id\":\"https:\/\/homolog.harald.com.br\/site-2026\/blog\/aprenda-a-fazer-pacoca-de-capote-receita-gourmet-para-as-festas-juninas\/\"},\"author\":{\"name\":\"Bruna Teodoro\",\"@id\":\"https:\/\/homolog.harald.com.br\/site-2026\/#\/schema\/person\/37dcc072f872b17c519dd3097a7925e5\"},\"headline\":\"Pa\u00e7oca de Capote: Receita Gourmet para as Festas Juninas\",\"datePublished\":\"2023-06-16T15:06:37+00:00\",\"dateModified\":\"2024-08-12T18:50:15+00:00\",\"mainEntityOfPage\":{\"@id\":\"https:\/\/homolog.harald.com.br\/site-2026\/blog\/aprenda-a-fazer-pacoca-de-capote-receita-gourmet-para-as-festas-juninas\/\"},\"wordCount\":339,\"publisher\":{\"@id\":\"https:\/\/homolog.harald.com.br\/site-2026\/#organization\"},\"image\":{\"@id\":\"https:\/\/homolog.harald.com.br\/site-2026\/blog\/aprenda-a-fazer-pacoca-de-capote-receita-gourmet-para-as-festas-juninas\/#primaryimage\"},\"thumbnailUrl\":\"https:\/\/homolog.harald.com.br\/site-2026\/wp-content\/uploads\/2018\/04\/pacocacapote-coberturatop-lang-06-2016-1000x1000-1.jpg\",\"articleSection\":[\"Not\u00edcias\"],\"inLanguage\":\"pt-BR\"},{\"@type\":\"WebPage\",\"@id\":\"https:\/\/homolog.harald.com.br\/site-2026\/blog\/aprenda-a-fazer-pacoca-de-capote-receita-gourmet-para-as-festas-juninas\/\",\"url\":\"https:\/\/homolog.harald.com.br\/site-2026\/blog\/aprenda-a-fazer-pacoca-de-capote-receita-gourmet-para-as-festas-juninas\/\",\"name\":\"Pa\u00e7oca de Capote: Receita Gourmet para as Festas Juninas - Harald\",\"isPartOf\":{\"@id\":\"https:\/\/homolog.harald.com.br\/site-2026\/#website\"},\"primaryImageOfPage\":{\"@id\":\"https:\/\/homolog.harald.com.br\/site-2026\/blog\/aprenda-a-fazer-pacoca-de-capote-receita-gourmet-para-as-festas-juninas\/#primaryimage\"},\"image\":{\"@id\":\"https:\/\/homolog.harald.com.br\/site-2026\/blog\/aprenda-a-fazer-pacoca-de-capote-receita-gourmet-para-as-festas-juninas\/#primaryimage\"},\"thumbnailUrl\":\"https:\/\/homolog.harald.com.br\/site-2026\/wp-content\/uploads\/2018\/04\/pacocacapote-coberturatop-lang-06-2016-1000x1000-1.jpg\",\"datePublished\":\"2023-06-16T15:06:37+00:00\",\"dateModified\":\"2024-08-12T18:50:15+00:00\",\"description\":\"Aprenda a fazer a deliciosa Pa\u00e7oca de Capote, uma receita gourmet que combina pa\u00e7oca e chocolate, feito com TOP!\",\"breadcrumb\":{\"@id\":\"https:\/\/homolog.harald.com.br\/site-2026\/blog\/aprenda-a-fazer-pacoca-de-capote-receita-gourmet-para-as-festas-juninas\/#breadcrumb\"},\"inLanguage\":\"pt-BR\",\"potentialAction\":[{\"@type\":\"ReadAction\",\"target\":[\"https:\/\/homolog.harald.com.br\/site-2026\/blog\/aprenda-a-fazer-pacoca-de-capote-receita-gourmet-para-as-festas-juninas\/\"]}]},{\"@type\":\"ImageObject\",\"inLanguage\":\"pt-BR\",\"@id\":\"https:\/\/homolog.harald.com.br\/site-2026\/blog\/aprenda-a-fazer-pacoca-de-capote-receita-gourmet-para-as-festas-juninas\/#primaryimage\",\"url\":\"https:\/\/homolog.harald.com.br\/site-2026\/wp-content\/uploads\/2018\/04\/pacocacapote-coberturatop-lang-06-2016-1000x1000-1.jpg\",\"contentUrl\":\"https:\/\/homolog.harald.com.br\/site-2026\/wp-content\/uploads\/2018\/04\/pacocacapote-coberturatop-lang-06-2016-1000x1000-1.jpg\",\"width\":1000,\"height\":1000},{\"@type\":\"BreadcrumbList\",\"@id\":\"https:\/\/homolog.harald.com.br\/site-2026\/blog\/aprenda-a-fazer-pacoca-de-capote-receita-gourmet-para-as-festas-juninas\/#breadcrumb\",\"itemListElement\":[{\"@type\":\"ListItem\",\"position\":1,\"name\":\"In\u00edcio\",\"item\":\"https:\/\/homolog.harald.com.br\/site-2026\/\"},{\"@type\":\"ListItem\",\"position\":2,\"name\":\"Pa\u00e7oca de Capote: Receita Gourmet para as Festas Juninas\"}]},{\"@type\":\"WebSite\",\"@id\":\"https:\/\/homolog.harald.com.br\/site-2026\/#website\",\"url\":\"https:\/\/homolog.harald.com.br\/site-2026\/\",\"name\":\"Harald\",\"description\":\"Fazer melhor \u00e9 fazer com paix\u00e3o\",\"publisher\":{\"@id\":\"https:\/\/homolog.harald.com.br\/site-2026\/#organization\"},\"potentialAction\":[{\"@type\":\"SearchAction\",\"target\":{\"@type\":\"EntryPoint\",\"urlTemplate\":\"https:\/\/homolog.harald.com.br\/site-2026\/?s={search_term_string}\"},\"query-input\":{\"@type\":\"PropertyValueSpecification\",\"valueRequired\":true,\"valueName\":\"search_term_string\"}}],\"inLanguage\":\"pt-BR\"},{\"@type\":\"Organization\",\"@id\":\"https:\/\/homolog.harald.com.br\/site-2026\/#organization\",\"name\":\"Harald\",\"url\":\"https:\/\/homolog.harald.com.br\/site-2026\/\",\"logo\":{\"@type\":\"ImageObject\",\"inLanguage\":\"pt-BR\",\"@id\":\"https:\/\/homolog.harald.com.br\/site-2026\/#\/schema\/logo\/image\/\",\"url\":\"https:\/\/homolog.harald.com.br\/site-2026\/wp-content\/uploads\/2022\/09\/logo-harald-cmyk-ss.png\",\"contentUrl\":\"https:\/\/homolog.harald.com.br\/site-2026\/wp-content\/uploads\/2022\/09\/logo-harald-cmyk-ss.png\",\"width\":1948,\"height\":1051,\"caption\":\"Harald\"},\"image\":{\"@id\":\"https:\/\/homolog.harald.com.br\/site-2026\/#\/schema\/logo\/image\/\"},\"sameAs\":[\"https:\/\/www.facebook.com\/HaraldChocolates\/\",\"https:\/\/www.youtube.com\/user\/HaraldChocolates\"]},{\"@type\":\"Person\",\"@id\":\"https:\/\/homolog.harald.com.br\/site-2026\/#\/schema\/person\/37dcc072f872b17c519dd3097a7925e5\",\"name\":\"Bruna Teodoro\",\"image\":{\"@type\":\"ImageObject\",\"inLanguage\":\"pt-BR\",\"@id\":\"https:\/\/homolog.harald.com.br\/site-2026\/#\/schema\/person\/image\/\",\"url\":\"https:\/\/secure.gravatar.com\/avatar\/7da0050c7a3bd4d6df113dcfae1a5b72c8690bc5d4bb4fabab7e4d34d582ceea?s=96&d=mm&r=g\",\"contentUrl\":\"https:\/\/secure.gravatar.com\/avatar\/7da0050c7a3bd4d6df113dcfae1a5b72c8690bc5d4bb4fabab7e4d34d582ceea?s=96&d=mm&r=g\",\"caption\":\"Bruna Teodoro\"},\"url\":\"https:\/\/homolog.harald.com.br\/site-2026\/blog\/author\/bruna-teodoro\/\"}]}<\/script>\n<!-- \/ Yoast SEO plugin. -->","yoast_head_json":{"title":"Pa\u00e7oca de Capote: Receita Gourmet para as Festas Juninas - Harald","description":"Aprenda a fazer a deliciosa Pa\u00e7oca de Capote, uma receita gourmet que combina pa\u00e7oca e chocolate, feito com TOP!","robots":{"index":"noindex","follow":"follow","max-snippet":"max-snippet:-1","max-image-preview":"max-image-preview:large","max-video-preview":"max-video-preview:-1"},"og_locale":"pt_BR","og_type":"article","og_title":"Pa\u00e7oca de Capote: Receita Gourmet para as Festas Juninas - Harald","og_description":"Aprenda a fazer a deliciosa Pa\u00e7oca de Capote, uma receita gourmet que combina pa\u00e7oca e chocolate, feito com TOP!","og_url":"https:\/\/homolog.harald.com.br\/site-2026\/blog\/aprenda-a-fazer-pacoca-de-capote-receita-gourmet-para-as-festas-juninas\/","og_site_name":"Harald","article_publisher":"https:\/\/www.facebook.com\/HaraldChocolates\/","article_published_time":"2023-06-16T15:06:37+00:00","article_modified_time":"2024-08-12T18:50:15+00:00","og_image":[{"width":1000,"height":1000,"url":"https:\/\/homolog.harald.com.br\/site-2026\/wp-content\/uploads\/2018\/04\/pacocacapote-coberturatop-lang-06-2016-1000x1000-1.jpg","type":"image\/jpeg"}],"author":"Bruna Teodoro","twitter_card":"summary_large_image","twitter_misc":{"Escrito por":"Bruna Teodoro","Est. tempo de leitura":"3 minutos"},"schema":{"@context":"https:\/\/schema.org","@graph":[{"@type":"Article","@id":"https:\/\/homolog.harald.com.br\/site-2026\/blog\/aprenda-a-fazer-pacoca-de-capote-receita-gourmet-para-as-festas-juninas\/#article","isPartOf":{"@id":"https:\/\/homolog.harald.com.br\/site-2026\/blog\/aprenda-a-fazer-pacoca-de-capote-receita-gourmet-para-as-festas-juninas\/"},"author":{"name":"Bruna Teodoro","@id":"https:\/\/homolog.harald.com.br\/site-2026\/#\/schema\/person\/37dcc072f872b17c519dd3097a7925e5"},"headline":"Pa\u00e7oca de Capote: Receita Gourmet para as Festas Juninas","datePublished":"2023-06-16T15:06:37+00:00","dateModified":"2024-08-12T18:50:15+00:00","mainEntityOfPage":{"@id":"https:\/\/homolog.harald.com.br\/site-2026\/blog\/aprenda-a-fazer-pacoca-de-capote-receita-gourmet-para-as-festas-juninas\/"},"wordCount":339,"publisher":{"@id":"https:\/\/homolog.harald.com.br\/site-2026\/#organization"},"image":{"@id":"https:\/\/homolog.harald.com.br\/site-2026\/blog\/aprenda-a-fazer-pacoca-de-capote-receita-gourmet-para-as-festas-juninas\/#primaryimage"},"thumbnailUrl":"https:\/\/homolog.harald.com.br\/site-2026\/wp-content\/uploads\/2018\/04\/pacocacapote-coberturatop-lang-06-2016-1000x1000-1.jpg","articleSection":["Not\u00edcias"],"inLanguage":"pt-BR"},{"@type":"WebPage","@id":"https:\/\/homolog.harald.com.br\/site-2026\/blog\/aprenda-a-fazer-pacoca-de-capote-receita-gourmet-para-as-festas-juninas\/","url":"https:\/\/homolog.harald.com.br\/site-2026\/blog\/aprenda-a-fazer-pacoca-de-capote-receita-gourmet-para-as-festas-juninas\/","name":"Pa\u00e7oca de Capote: Receita Gourmet para as Festas Juninas - Harald","isPartOf":{"@id":"https:\/\/homolog.harald.com.br\/site-2026\/#website"},"primaryImageOfPage":{"@id":"https:\/\/homolog.harald.com.br\/site-2026\/blog\/aprenda-a-fazer-pacoca-de-capote-receita-gourmet-para-as-festas-juninas\/#primaryimage"},"image":{"@id":"https:\/\/homolog.harald.com.br\/site-2026\/blog\/aprenda-a-fazer-pacoca-de-capote-receita-gourmet-para-as-festas-juninas\/#primaryimage"},"thumbnailUrl":"https:\/\/homolog.harald.com.br\/site-2026\/wp-content\/uploads\/2018\/04\/pacocacapote-coberturatop-lang-06-2016-1000x1000-1.jpg","datePublished":"2023-06-16T15:06:37+00:00","dateModified":"2024-08-12T18:50:15+00:00","description":"Aprenda a fazer a deliciosa Pa\u00e7oca de Capote, uma receita gourmet que combina pa\u00e7oca e chocolate, feito com TOP!","breadcrumb":{"@id":"https:\/\/homolog.harald.com.br\/site-2026\/blog\/aprenda-a-fazer-pacoca-de-capote-receita-gourmet-para-as-festas-juninas\/#breadcrumb"},"inLanguage":"pt-BR","potentialAction":[{"@type":"ReadAction","target":["https:\/\/homolog.harald.com.br\/site-2026\/blog\/aprenda-a-fazer-pacoca-de-capote-receita-gourmet-para-as-festas-juninas\/"]}]},{"@type":"ImageObject","inLanguage":"pt-BR","@id":"https:\/\/homolog.harald.com.br\/site-2026\/blog\/aprenda-a-fazer-pacoca-de-capote-receita-gourmet-para-as-festas-juninas\/#primaryimage","url":"https:\/\/homolog.harald.com.br\/site-2026\/wp-content\/uploads\/2018\/04\/pacocacapote-coberturatop-lang-06-2016-1000x1000-1.jpg","contentUrl":"https:\/\/homolog.harald.com.br\/site-2026\/wp-content\/uploads\/2018\/04\/pacocacapote-coberturatop-lang-06-2016-1000x1000-1.jpg","width":1000,"height":1000},{"@type":"BreadcrumbList","@id":"https:\/\/homolog.harald.com.br\/site-2026\/blog\/aprenda-a-fazer-pacoca-de-capote-receita-gourmet-para-as-festas-juninas\/#breadcrumb","itemListElement":[{"@type":"ListItem","position":1,"name":"In\u00edcio","item":"https:\/\/homolog.harald.com.br\/site-2026\/"},{"@type":"ListItem","position":2,"name":"Pa\u00e7oca de Capote: Receita Gourmet para as Festas Juninas"}]},{"@type":"WebSite","@id":"https:\/\/homolog.harald.com.br\/site-2026\/#website","url":"https:\/\/homolog.harald.com.br\/site-2026\/","name":"Harald","description":"Fazer melhor \u00e9 fazer com paix\u00e3o","publisher":{"@id":"https:\/\/homolog.harald.com.br\/site-2026\/#organization"},"potentialAction":[{"@type":"SearchAction","target":{"@type":"EntryPoint","urlTemplate":"https:\/\/homolog.harald.com.br\/site-2026\/?s={search_term_string}"},"query-input":{"@type":"PropertyValueSpecification","valueRequired":true,"valueName":"search_term_string"}}],"inLanguage":"pt-BR"},{"@type":"Organization","@id":"https:\/\/homolog.harald.com.br\/site-2026\/#organization","name":"Harald","url":"https:\/\/homolog.harald.com.br\/site-2026\/","logo":{"@type":"ImageObject","inLanguage":"pt-BR","@id":"https:\/\/homolog.harald.com.br\/site-2026\/#\/schema\/logo\/image\/","url":"https:\/\/homolog.harald.com.br\/site-2026\/wp-content\/uploads\/2022\/09\/logo-harald-cmyk-ss.png","contentUrl":"https:\/\/homolog.harald.com.br\/site-2026\/wp-content\/uploads\/2022\/09\/logo-harald-cmyk-ss.png","width":1948,"height":1051,"caption":"Harald"},"image":{"@id":"https:\/\/homolog.harald.com.br\/site-2026\/#\/schema\/logo\/image\/"},"sameAs":["https:\/\/www.facebook.com\/HaraldChocolates\/","https:\/\/www.youtube.com\/user\/HaraldChocolates"]},{"@type":"Person","@id":"https:\/\/homolog.harald.com.br\/site-2026\/#\/schema\/person\/37dcc072f872b17c519dd3097a7925e5","name":"Bruna Teodoro","image":{"@type":"ImageObject","inLanguage":"pt-BR","@id":"https:\/\/homolog.harald.com.br\/site-2026\/#\/schema\/person\/image\/","url":"https:\/\/secure.gravatar.com\/avatar\/7da0050c7a3bd4d6df113dcfae1a5b72c8690bc5d4bb4fabab7e4d34d582ceea?s=96&d=mm&r=g","contentUrl":"https:\/\/secure.gravatar.com\/avatar\/7da0050c7a3bd4d6df113dcfae1a5b72c8690bc5d4bb4fabab7e4d34d582ceea?s=96&d=mm&r=g","caption":"Bruna Teodoro"},"url":"https:\/\/homolog.harald.com.br\/site-2026\/blog\/author\/bruna-teodoro\/"}]}},"uagb_featured_image_src":{"full":["https:\/\/homolog.harald.com.br\/site-2026\/wp-content\/uploads\/2018\/04\/pacocacapote-coberturatop-lang-06-2016-1000x1000-1.jpg",1000,1000,false],"thumbnail":["https:\/\/homolog.harald.com.br\/site-2026\/wp-content\/uploads\/2018\/04\/pacocacapote-coberturatop-lang-06-2016-1000x1000-1-150x150.jpg",150,150,true],"medium":["https:\/\/homolog.harald.com.br\/site-2026\/wp-content\/uploads\/2018\/04\/pacocacapote-coberturatop-lang-06-2016-1000x1000-1-300x300.jpg",300,300,true],"medium_large":["https:\/\/homolog.harald.com.br\/site-2026\/wp-content\/uploads\/2018\/04\/pacocacapote-coberturatop-lang-06-2016-1000x1000-1-768x768.jpg",768,768,true],"large":["https:\/\/homolog.harald.com.br\/site-2026\/wp-content\/uploads\/2018\/04\/pacocacapote-coberturatop-lang-06-2016-1000x1000-1.jpg",1000,1000,false],"1536x1536":["https:\/\/homolog.harald.com.br\/site-2026\/wp-content\/uploads\/2018\/04\/pacocacapote-coberturatop-lang-06-2016-1000x1000-1.jpg",1000,1000,false],"2048x2048":["https:\/\/homolog.harald.com.br\/site-2026\/wp-content\/uploads\/2018\/04\/pacocacapote-coberturatop-lang-06-2016-1000x1000-1.jpg",1000,1000,false],"full-width":["https:\/\/homolog.harald.com.br\/site-2026\/wp-content\/uploads\/2018\/04\/pacocacapote-coberturatop-lang-06-2016-1000x1000-1.jpg",1000,1000,false],"gform-image-choice-sm":["https:\/\/homolog.harald.com.br\/site-2026\/wp-content\/uploads\/2018\/04\/pacocacapote-coberturatop-lang-06-2016-1000x1000-1.jpg",300,300,false],"gform-image-choice-md":["https:\/\/homolog.harald.com.br\/site-2026\/wp-content\/uploads\/2018\/04\/pacocacapote-coberturatop-lang-06-2016-1000x1000-1.jpg",400,400,false],"gform-image-choice-lg":["https:\/\/homolog.harald.com.br\/site-2026\/wp-content\/uploads\/2018\/04\/pacocacapote-coberturatop-lang-06-2016-1000x1000-1.jpg",600,600,false]},"uagb_author_info":{"display_name":"Bruna Teodoro","author_link":"https:\/\/homolog.harald.com.br\/site-2026\/blog\/author\/bruna-teodoro\/"},"uagb_comment_info":0,"uagb_excerpt":"Como Fazer Pa\u00e7oca de Capote: Receita Gourmet para as Festas Juninas As festas juninas s\u00e3o sin\u00f4nimo de alegria, dan\u00e7a, e, claro, comida t\u00edpica. Assim, entre as del\u00edcias mais tradicionais do arrai\u00e1, a pa\u00e7oca ocupa um lugar especial no cora\u00e7\u00e3o dos brasileiros. Mas, que tal dar um toque gourmet a essa iguaria? A Harald, l\u00edder em&hellip;","_links":{"self":[{"href":"https:\/\/homolog.harald.com.br\/site-2026\/wp-json\/wp\/v2\/posts\/100666","targetHints":{"allow":["GET"]}}],"collection":[{"href":"https:\/\/homolog.harald.com.br\/site-2026\/wp-json\/wp\/v2\/posts"}],"about":[{"href":"https:\/\/homolog.harald.com.br\/site-2026\/wp-json\/wp\/v2\/types\/post"}],"author":[{"embeddable":true,"href":"https:\/\/homolog.harald.com.br\/site-2026\/wp-json\/wp\/v2\/users\/11"}],"replies":[{"embeddable":true,"href":"https:\/\/homolog.harald.com.br\/site-2026\/wp-json\/wp\/v2\/comments?post=100666"}],"version-history":[{"count":3,"href":"https:\/\/homolog.harald.com.br\/site-2026\/wp-json\/wp\/v2\/posts\/100666\/revisions"}],"predecessor-version":[{"id":204225,"href":"https:\/\/homolog.harald.com.br\/site-2026\/wp-json\/wp\/v2\/posts\/100666\/revisions\/204225"}],"wp:featuredmedia":[{"embeddable":true,"href":"https:\/\/homolog.harald.com.br\/site-2026\/wp-json\/wp\/v2\/media\/3638"}],"wp:attachment":[{"href":"https:\/\/homolog.harald.com.br\/site-2026\/wp-json\/wp\/v2\/media?parent=100666"}],"wp:term":[{"taxonomy":"category","embeddable":true,"href":"https:\/\/homolog.harald.com.br\/site-2026\/wp-json\/wp\/v2\/categories?post=100666"},{"taxonomy":"post_tag","embeddable":true,"href":"https:\/\/homolog.harald.com.br\/site-2026\/wp-json\/wp\/v2\/tags?post=100666"},{"taxonomy":"para-seu-negocio","embeddable":true,"href":"https:\/\/homolog.harald.com.br\/site-2026\/wp-json\/wp\/v2\/para-seu-negocio?post=100666"}],"curies":[{"name":"wp","href":"https:\/\/api.w.org\/{rel}","templated":true}]}}